{"id":15367,"date":"2023-04-12T20:52:33","date_gmt":"2023-04-12T18:52:33","guid":{"rendered":"https:\/\/max-emden.de\/wordpress\/?p=15367"},"modified":"2023-04-14T11:27:02","modified_gmt":"2023-04-14T09:27:02","slug":"150jaehriges-schuljubilaeum-projekttag-und-festvortrag","status":"publish","type":"post","link":"https:\/\/max-emden.de\/wordpress\/150jaehriges-schuljubilaeum-projekttag-und-festvortrag\/","title":{"rendered":"150j\u00e4hriges Schuljubil\u00e4um: Projekttag und Festvortrag"},"content":{"rendered":"<p>\u201e150 Jahre Max-Windm\u00fcller-Gymnasium: Gestern \u2013 heute \u2013 morgen\u201c \u2013 das ist das Motto eines Projekttages, der am 14.4.2023 stattfindet. Einen ganzen Schultag werden alle Sch\u00fclerinnen und Sch\u00fcler des Max zu besonderen Inhalten arbeiten: Neben der Geschichte der Schule stehen vor allem Themen auf dem Jubil\u00e4ums-Stundenplan, die von Relevanz f\u00fcr die Gegenwart und Zukunft sind: Kinderrechte, Emanzipation und der Kampf gegen den Klimawandel stehen dabei ebenso auf dem Programm wie Krieg und Flucht oder die Gefahren durch Terror.<\/p>\n<p><a href=\"https:\/\/max-emden.de\/wordpress\/wp-content\/uploads\/2023\/03\/Gembler-Header-Max-Windmueller-Gymnasium-22.03.23.png\"><img fetchpriority=\"high\" decoding=\"async\" class=\"alignnone size-large wp-image-15368\" src=\"https:\/\/max-emden.de\/wordpress\/wp-content\/uploads\/2023\/03\/Gembler-Header-Max-Windmueller-Gymnasium-22.03.23-1024x512.png\" alt=\"\" width=\"747\" height=\"374\" srcset=\"https:\/\/max-emden.de\/wordpress\/wp-content\/uploads\/2023\/03\/Gembler-Header-Max-Windmueller-Gymnasium-22.03.23-1024x512.png 1024w, https:\/\/max-emden.de\/wordpress\/wp-content\/uploads\/2023\/03\/Gembler-Header-Max-Windmueller-Gymnasium-22.03.23-300x150.png 300w, https:\/\/max-emden.de\/wordpress\/wp-content\/uploads\/2023\/03\/Gembler-Header-Max-Windmueller-Gymnasium-22.03.23-768x384.png 768w, https:\/\/max-emden.de\/wordpress\/wp-content\/uploads\/2023\/03\/Gembler-Header-Max-Windmueller-Gymnasium-22.03.23-1536x768.png 1536w, https:\/\/max-emden.de\/wordpress\/wp-content\/uploads\/2023\/03\/Gembler-Header-Max-Windmueller-Gymnasium-22.03.23.png 1772w\" sizes=\"(max-width: 747px) 100vw, 747px\" \/><\/a><\/p>\n<p>Zu diesen Themen erwartet das Max eine Reihe von interessanten Referentinnen und Referenten: Neben dem Holocaust-\u00dcberlebenden Albrecht Weinberg sind u.a. Staatssekret\u00e4r Johann Saathoff, Europaabgeordneter Tiemo W\u00f6lken und Landtagsabgeordneter Matthias Arends ebenso zu Gast wie Alexander Hoffmann, der als Rechtsanwalt der Nebenkl\u00e4ger bei den NSU-Prozessen t\u00e4tig war. Weiterhin werden die Dokumentarfilmer Tobias M\u00fcller und Ruben Gischler, das Theater in der List und der Rapper Kutlu erwartet. Letzterer war zuletzt 2020 anl\u00e4sslich des 100. Geburtstages Max Windm\u00fcllers mit der inzwischen verstorbenen Esther Bejarano in Emden. Ebenfalls wieder in Emden ist Willi Lemke: Der Ex-Werder-Manager und ehemalige Sonderberater des UN-Generalsekret\u00e4rs f\u00fcr Sport im Dienste von Frieden und Entwicklung ist ebenfalls erneut zu Gast am Max.<\/p>\n<p>Neben ausw\u00e4rtigen Referenten sind zahlreiche Akteure aus Emder Institutionen beteiligt: So gestalten die Kunsthalle, das Landesmuseum und die Stadtf\u00fchrergilde ebenso Programme wie der Life-Point Emden. Zudem sind die Klimaschutzmanager der Stadt Emden dabei und viele weitere Emder wie Sonja Ryll oder Ilse Ghods.<\/p>\n<p>Zum Auftakt des Projekttages h\u00e4lt <strong>Dr. Christina Berndt<\/strong> am Vorabend einen Festvortrag. Berndt, Diplombiochemikerin und heute Autorin und Wissenschaftsjournalistin f\u00fcr die S\u00fcddeutsche Zeitung, ist bundesweit v.a. durch viele Auftritte bei Anne Will, Markus Lanz, Maischberger, hart aber fair oder Maybrit Illner bekannt geworden \u2013 und zudem Abiturientin des Gymnasiums am Treckfahrtstief, dem Vorl\u00e4ufer des heutigen Max.<\/p>\n<p>Der Titel des Vortrages lautet <strong>Bildung. Klar \u2013 und sonst noch? <\/strong><em>Was Kinder junge Menschen stark macht f\u00fcr die Welt von morgen.<\/em><\/p>\n<p>Die kostenfreie Veranstaltung findet am 13.4.2023 im VHS-Forum statt und beginnt um 19 Uhr statt. Ehemalige, Eltern, Sch\u00fcler und alle Interessierten sind herzlich willkommen!<\/p>\n","protected":false},"excerpt":{"rendered":"<p>\u201e150 Jahre Max-Windm\u00fcller-Gymnasium: Gestern \u2013 heute \u2013 morgen\u201c \u2013 das ist das Motto eines Projekttages, der am 14.4.2023 stattfindet. Einen ganzen Schultag werden alle Sch\u00fclerinnen<a class=\"moretag\" href=\"https:\/\/max-emden.de\/wordpress\/150jaehriges-schuljubilaeum-projekttag-und-festvortrag\/\"> [&#8230;]<\/a><\/p>\n","protected":false},"author":3,"featured_media":15368,"comment_status":"closed","ping_status":"closed","sticky":false,"template":"","format":"standard","meta":{"footnotes":""},"categories":[2],"tags":[96],"class_list":["post-15367","post","type-post","status-publish","format-standard","has-post-thumbnail","hentry","category-allgemein","tag-aktuell"],"_links":{"self":[{"href":"https:\/\/max-emden.de\/wordpress\/wp-json\/wp\/v2\/posts\/15367","targetHints":{"allow":["GET"]}}],"collection":[{"href":"https:\/\/max-emden.de\/wordpress\/wp-json\/wp\/v2\/posts"}],"about":[{"href":"https:\/\/max-emden.de\/wordpress\/wp-json\/wp\/v2\/types\/post"}],"author":[{"embeddable":true,"href":"https:\/\/max-emden.de\/wordpress\/wp-json\/wp\/v2\/users\/3"}],"replies":[{"embeddable":true,"href":"https:\/\/max-emden.de\/wordpress\/wp-json\/wp\/v2\/comments?post=15367"}],"version-history":[{"count":5,"href":"https:\/\/max-emden.de\/wordpress\/wp-json\/wp\/v2\/posts\/15367\/revisions"}],"predecessor-version":[{"id":15373,"href":"https:\/\/max-emden.de\/wordpress\/wp-json\/wp\/v2\/posts\/15367\/revisions\/15373"}],"wp:featuredmedia":[{"embeddable":true,"href":"https:\/\/max-emden.de\/wordpress\/wp-json\/wp\/v2\/media\/15368"}],"wp:attachment":[{"href":"https:\/\/max-emden.de\/wordpress\/wp-json\/wp\/v2\/media?parent=15367"}],"wp:term":[{"taxonomy":"category","embeddable":true,"href":"https:\/\/max-emden.de\/wordpress\/wp-json\/wp\/v2\/categories?post=15367"},{"taxonomy":"post_tag","embeddable":true,"href":"https:\/\/max-emden.de\/wordpress\/wp-json\/wp\/v2\/tags?post=15367"}],"curies":[{"name":"wp","href":"https:\/\/api.w.org\/{rel}","templated":true}]}}