{"id":15532,"date":"2023-04-23T18:05:09","date_gmt":"2023-04-23T16:05:09","guid":{"rendered":"https:\/\/max-emden.de\/wordpress\/?p=15532"},"modified":"2023-05-08T07:49:49","modified_gmt":"2023-05-08T05:49:49","slug":"jtfo-fussball-max-mit-allen-4-gemeldeten-mannschaften-eine-runde-weiter","status":"publish","type":"post","link":"https:\/\/max-emden.de\/wordpress\/jtfo-fussball-max-mit-allen-4-gemeldeten-mannschaften-eine-runde-weiter\/","title":{"rendered":"JtfO Fu\u00dfball: Max mit allen 4 gemeldeten Mannschaften eine Runde weiter!"},"content":{"rendered":"<p style=\"font-weight: 400;\">In diesem Jahr besticht das Max nicht nur mit Masse (von allen Emder Schulen die meisten gemeldeten Mannschaften! IGS eine Mannschaft, JAG und Herrentor drei Mannschaften, Max vier Mannschaften), sondern auch mit Klasse!<\/p>\n<p style=\"font-weight: 400;\">Den beiden M\u00e4dchen-Teams fehlt aufgrund der Tatsache, dass sie als jeweils einzige Emder Schulmannschaft bereits kampflos f\u00fcr die n\u00e4chste Runde qualifiziert sind (04.05. in Wiesmoor) noch die Standortbestimmung.<\/p>\n<p style=\"font-weight: 400;\">Die beiden Jungen-Teams setzten durch souver\u00e4ne Auftritte aber bereits erste Ausrufezeichen!<\/p>\n<p style=\"font-weight: 400;\">In der WK III (2009\/10) war zun\u00e4chst unsicher, ob die amtierenden Werder Cup-Sieger (Kleinfeld) \u00fcberhaupt 11 Spieler f\u00fcr ihr Spiel auf gro\u00dfem Feld gegen die Herrentorschule zusammenbekommen w\u00fcrden. Die elf Jungs, die dann aber auf dem Platz standen, meisterten ihre erste Aufgabe mit Bravour: das Spiel gegen die Herrentorschule auf dem JFV-Kunstrasen spielte sich ausschlie\u00dflich in des Gegners H\u00e4lfte ab, sodass in der Halbzeitpause sogar der Torwart getauscht wurde, sodass der etatm\u00e4\u00dfige Torh\u00fcter Ole nicht zwei Halbzeiten ohne jegliche Ballber\u00fchrung verleben musste.<\/p>\n<p style=\"font-weight: 400;\">Trotz dieser dr\u00fcckenden \u00dcberlegenheit dauerte es bis zur 11. Spielminute, ehe Jonas nach Flanke von Loet den Ball zur beruhigend 1:0 F\u00fchrung \u00fcber die Linie bugsieren konnte, was der Dosen\u00f6ffner f\u00fcr die zahlreichen weiteren Tore war. Bis zur Pause gelang allerdings dem \u00fcberall auf dem Feld zu findenden Hannes nach klugem Zuspiel von Milad ein weiterer Treffer. Das kurioseste Tor des Tages gelang dann wiederum unserem Kapit\u00e4n: der gegnerische Torwart legte sich den Ball, der zuvor nicht die Torauslinie \u00fcberquert hatte und sich somit noch im Spiel befand, zum Abschlag an die 5 Meter-Linie. Hannes ging dazwischen und schob den ruhenden Ball v\u00f6llig unbedr\u00e4ngt am verdutzten Torh\u00fcter \u00fcber die Linie. Die souver\u00e4n leitendende Schiedsrichterin Inka-Marieke zeigte zurecht auf den Mittelpunkt: Tor f\u00fcr das Max! Weitere Treffer gelangen Loet durch einen beherzten Fernschuss aus 20m, Milad zun\u00e4chst durch einen Abstauber nach Lattenkracher von Hannes und anschlie\u00dfend mit dem \u201eTor des Monats\u201c durch einen Seitfallzieher nach Flanke Hannes und schlie\u00dflich noch mal unserem Kapit\u00e4n.<\/p>\n<p style=\"font-weight: 400;\">In der n\u00e4chsten Runde wird dann hoffentlich auch Jalte wieder das Team verst\u00e4rken, sodass dann auch wieder mehr Optionen bestehen.<\/p>\n<p style=\"font-weight: 400;\">F\u00fcr das Max traten an: Belal, Enno, Felix, Hannes, Jaden, Joel, Jonas, Loet, Milad, Ole, Philipp<\/p>\n<p><a href=\"https:\/\/max-emden.de\/wordpress\/wp-content\/uploads\/2023\/04\/image-scaled-e1682318527133.jpeg\"><img fetchpriority=\"high\" decoding=\"async\" class=\"alignnone size-large wp-image-15533\" src=\"https:\/\/max-emden.de\/wordpress\/wp-content\/uploads\/2023\/04\/image-scaled-e1682318527133-1024x456.jpeg\" alt=\"\" width=\"747\" height=\"333\" srcset=\"https:\/\/max-emden.de\/wordpress\/wp-content\/uploads\/2023\/04\/image-scaled-e1682318527133-1024x456.jpeg 1024w, https:\/\/max-emden.de\/wordpress\/wp-content\/uploads\/2023\/04\/image-scaled-e1682318527133-300x133.jpeg 300w, https:\/\/max-emden.de\/wordpress\/wp-content\/uploads\/2023\/04\/image-scaled-e1682318527133-768x342.jpeg 768w, https:\/\/max-emden.de\/wordpress\/wp-content\/uploads\/2023\/04\/image-scaled-e1682318527133-1536x683.jpeg 1536w, https:\/\/max-emden.de\/wordpress\/wp-content\/uploads\/2023\/04\/image-scaled-e1682318527133-2048x911.jpeg 2048w\" sizes=\"(max-width: 747px) 100vw, 747px\" \/><\/a><\/p>\n<p style=\"font-weight: 400;\">In der WK IV wurde mit gro\u00dfer Spannung erwartet, wie die auf Vereinsebene wunderbar eingespielte D2 von Rot-Wei\u00df Emden, verst\u00e4rkt durch den b\u00e4renstarken Torwart Tom von Amisia Stern Wolthusen als Schulmannschaft pr\u00e4sentieren w\u00fcrde. Und die hohen Erwartungen wurden in keinster Weise entt\u00e4uscht: die Jungs lie\u00dfen nicht den geringsten Zweifel aufkommen, dass mit ihnen in diesem Schuljahr zu rechnen ist. Zu sp\u00fcren bekamen dies die Herrentorschule (4:0), die IGS (8:0) und das JAG (5:0). Die stabile Abwehr (Ezekiel, Neo, Matthias) lie\u00df kaum Abschl\u00fcsse der Gegner zu, und fand doch einmal ein Ball den Weg bis zum Tor, war Tom der gewohnt sichere R\u00fcckhalt. Mittelfeld und Angriff wirbelten die Gegner wiederholt arg durcheinander und trugen sich allesamt in die Torsch\u00fctzenliste ein (Mannschaftskapit\u00e4n Paul 4x, Leon, Till, je 3x, Ilya, Mats je 2x, Max, Matthias, Neo je 1x). Man darf weiter gespannt sein, wohin die Reise in diesem Schuljahr noch f\u00fchrt!<\/p>\n<p style=\"font-weight: 400;\">F\u00fcr das Max traten an: Ezekiel, Ilya, Leon, Mats, Matthias, Max, Neo, Paul, Till, Tom<\/p>\n<p><a href=\"https:\/\/max-emden.de\/wordpress\/wp-content\/uploads\/2023\/04\/Kreisentscheid-WK-IV-Jungen-scaled.jpg\"><img decoding=\"async\" class=\"aligncenter wp-image-15534 size-large\" src=\"https:\/\/max-emden.de\/wordpress\/wp-content\/uploads\/2023\/04\/Kreisentscheid-WK-IV-Jungen-scaled-e1682318560880-1024x545.jpg\" alt=\"\" width=\"747\" height=\"398\" srcset=\"https:\/\/max-emden.de\/wordpress\/wp-content\/uploads\/2023\/04\/Kreisentscheid-WK-IV-Jungen-scaled-e1682318560880-1024x545.jpg 1024w, https:\/\/max-emden.de\/wordpress\/wp-content\/uploads\/2023\/04\/Kreisentscheid-WK-IV-Jungen-scaled-e1682318560880-300x160.jpg 300w, https:\/\/max-emden.de\/wordpress\/wp-content\/uploads\/2023\/04\/Kreisentscheid-WK-IV-Jungen-scaled-e1682318560880-768x409.jpg 768w, https:\/\/max-emden.de\/wordpress\/wp-content\/uploads\/2023\/04\/Kreisentscheid-WK-IV-Jungen-scaled-e1682318560880-1536x818.jpg 1536w, https:\/\/max-emden.de\/wordpress\/wp-content\/uploads\/2023\/04\/Kreisentscheid-WK-IV-Jungen-scaled-e1682318560880-2048x1090.jpg 2048w\" sizes=\"(max-width: 747px) 100vw, 747px\" \/><\/a><\/p>\n","protected":false},"excerpt":{"rendered":"<p>In diesem Jahr besticht das Max nicht nur mit Masse (von allen Emder Schulen die meisten gemeldeten Mannschaften! IGS eine Mannschaft, JAG und Herrentor drei<a class=\"moretag\" href=\"https:\/\/max-emden.de\/wordpress\/jtfo-fussball-max-mit-allen-4-gemeldeten-mannschaften-eine-runde-weiter\/\"> [&#8230;]<\/a><\/p>\n","protected":false},"author":1,"featured_media":15534,"comment_status":"closed","ping_status":"closed","sticky":false,"template":"","format":"standard","meta":{"footnotes":""},"categories":[52],"tags":[],"class_list":["post-15532","post","type-post","status-publish","format-standard","has-post-thumbnail","hentry","category-sport"],"_links":{"self":[{"href":"https:\/\/max-emden.de\/wordpress\/wp-json\/wp\/v2\/posts\/15532","targetHints":{"allow":["GET"]}}],"collection":[{"href":"https:\/\/max-emden.de\/wordpress\/wp-json\/wp\/v2\/posts"}],"about":[{"href":"https:\/\/max-emden.de\/wordpress\/wp-json\/wp\/v2\/types\/post"}],"author":[{"embeddable":true,"href":"https:\/\/max-emden.de\/wordpress\/wp-json\/wp\/v2\/users\/1"}],"replies":[{"embeddable":true,"href":"https:\/\/max-emden.de\/wordpress\/wp-json\/wp\/v2\/comments?post=15532"}],"version-history":[{"count":3,"href":"https:\/\/max-emden.de\/wordpress\/wp-json\/wp\/v2\/posts\/15532\/revisions"}],"predecessor-version":[{"id":15549,"href":"https:\/\/max-emden.de\/wordpress\/wp-json\/wp\/v2\/posts\/15532\/revisions\/15549"}],"wp:featuredmedia":[{"embeddable":true,"href":"https:\/\/max-emden.de\/wordpress\/wp-json\/wp\/v2\/media\/15534"}],"wp:attachment":[{"href":"https:\/\/max-emden.de\/wordpress\/wp-json\/wp\/v2\/media?parent=15532"}],"wp:term":[{"taxonomy":"category","embeddable":true,"href":"https:\/\/max-emden.de\/wordpress\/wp-json\/wp\/v2\/categories?post=15532"},{"taxonomy":"post_tag","embeddable":true,"href":"https:\/\/max-emden.de\/wordpress\/wp-json\/wp\/v2\/tags?post=15532"}],"curies":[{"name":"wp","href":"https:\/\/api.w.org\/{rel}","templated":true}]}}