{"id":15552,"date":"2023-04-24T18:23:36","date_gmt":"2023-04-24T16:23:36","guid":{"rendered":"https:\/\/max-emden.de\/wordpress\/?p=15552"},"modified":"2023-05-08T07:50:27","modified_gmt":"2023-05-08T05:50:27","slug":"150-jahre-max-windmueller-gymnasium-projekttag-mit-vielen-gaesten-und-aktionen","status":"publish","type":"post","link":"https:\/\/max-emden.de\/wordpress\/150-jahre-max-windmueller-gymnasium-projekttag-mit-vielen-gaesten-und-aktionen\/","title":{"rendered":"150 Jahre Max-Windm\u00fcller-Gymnasium: Projekttag mit vielen G\u00e4sten und Aktionen!"},"content":{"rendered":"<p>Nach dem Festakt im Februar eine weitere Veranstaltung im Jubil\u00e4umsjahr: Unter dem Motto \u201e150 Jahre Max-Windm\u00fcller-Gymnasium: Gestern &#8211; Heute \u2013 Morgen\u201c befasste sich das Max inhaltlich mit seinem Festjahr. \u00dcber 30 Referenten sorgten f\u00fcr einen besonderen Projekttag, bei dem die Sch\u00fcler:innen aller Klassen und Jahrg\u00e4nge mit Themen und Fragestellungen der Vergangenheit, der Gegenwart und Zukunft besch\u00e4ftigten.<\/p>\n<p>So begaben sich die f\u00fcnften und sechsten Klassen auf eine Tagesexkursion in der eigenen Stadt, um mehr \u00fcber die Geschichte insbesondere der Anf\u00e4nge des Max zu erfahren. W\u00e4hrend es im Landesmuseum und in der Malschule Einblicke in den Unterricht um die Jahrhundertwende gab, brachte die Stadtf\u00fchrergilde die J\u00fcngsten an die historischen Orte der Schulgeschichte \u2013 nat\u00fcrlich inklusive eines Besuches des Kaiserin-Auguste-Viktoria-Lyzeums, das heute Teile der Stadtverwaltung beherbergt und dessen alte Aula heute als Ratssaal dient.<\/p>\n<figure id=\"attachment_15554\" aria-describedby=\"caption-attachment-15554\" style=\"width: 747px\" class=\"wp-caption alignnone\"><a href=\"https:\/\/max-emden.de\/wordpress\/wp-content\/uploads\/2023\/04\/150-Jahre-Max-LR-25.jpg\"><img fetchpriority=\"high\" decoding=\"async\" class=\"wp-image-15554 size-large\" src=\"https:\/\/max-emden.de\/wordpress\/wp-content\/uploads\/2023\/04\/150-Jahre-Max-LR-25-1024x768.jpg\" alt=\"\" width=\"747\" height=\"560\" srcset=\"https:\/\/max-emden.de\/wordpress\/wp-content\/uploads\/2023\/04\/150-Jahre-Max-LR-25-1024x768.jpg 1024w, https:\/\/max-emden.de\/wordpress\/wp-content\/uploads\/2023\/04\/150-Jahre-Max-LR-25-300x225.jpg 300w, https:\/\/max-emden.de\/wordpress\/wp-content\/uploads\/2023\/04\/150-Jahre-Max-LR-25-768x576.jpg 768w, https:\/\/max-emden.de\/wordpress\/wp-content\/uploads\/2023\/04\/150-Jahre-Max-LR-25-1536x1152.jpg 1536w, https:\/\/max-emden.de\/wordpress\/wp-content\/uploads\/2023\/04\/150-Jahre-Max-LR-25.jpg 1600w\" sizes=\"(max-width: 747px) 100vw, 747px\" \/><\/a><figcaption id=\"caption-attachment-15554\" class=\"wp-caption-text\"><em>Die 6c arbeitete in der Malschule zum Projekttag.<\/em><\/figcaption><\/figure>\n<p>Eine Reihe von namhaften G\u00e4sten sprach in den Jahrg\u00e4ngen 7-12 mit den Sch\u00fcler:innen zu Demokratie und Menschenrechten: So stellten sich mit Matthias Arends, Johann Saathoff und Tiemo W\u00f6lken Politiker von der Landes-, \u00fcber die Bundes- bis zur Europaebene ebenso den Sch\u00fclerfragen wie Willi Lemke. Der ehemalige Werder-Manager, Bremer Bildungssenator und Sonderberater des UN-Generalsekret\u00e4rs f\u00fcr Sport im Dienste von Frieden und Entwicklung schilderte seinen Werdegang und ermunterte die Sch\u00fcler:innen, sich zu engagieren und mutig Herausforderungen zu stellen.<\/p>\n<figure id=\"attachment_15563\" aria-describedby=\"caption-attachment-15563\" style=\"width: 747px\" class=\"wp-caption alignnone\"><a href=\"https:\/\/max-emden.de\/wordpress\/wp-content\/uploads\/2023\/04\/150-Jahre-Max-LR-1.jpg\"><img decoding=\"async\" class=\"wp-image-15563 size-large\" src=\"https:\/\/max-emden.de\/wordpress\/wp-content\/uploads\/2023\/04\/150-Jahre-Max-LR-1-1024x576.jpg\" alt=\"\" width=\"747\" height=\"420\" srcset=\"https:\/\/max-emden.de\/wordpress\/wp-content\/uploads\/2023\/04\/150-Jahre-Max-LR-1-1024x576.jpg 1024w, https:\/\/max-emden.de\/wordpress\/wp-content\/uploads\/2023\/04\/150-Jahre-Max-LR-1-300x169.jpg 300w, https:\/\/max-emden.de\/wordpress\/wp-content\/uploads\/2023\/04\/150-Jahre-Max-LR-1-768x432.jpg 768w, https:\/\/max-emden.de\/wordpress\/wp-content\/uploads\/2023\/04\/150-Jahre-Max-LR-1-1536x864.jpg 1536w, https:\/\/max-emden.de\/wordpress\/wp-content\/uploads\/2023\/04\/150-Jahre-Max-LR-1-2048x1152.jpg 2048w\" sizes=\"(max-width: 747px) 100vw, 747px\" \/><\/a><figcaption id=\"caption-attachment-15563\" class=\"wp-caption-text\"><em>Willi Lemke und Johann Saathoff tauschten sich vorab aus.<\/em><\/figcaption><\/figure>\n<p>Weiterhin war mit dem Holocaust-\u00dcberlebende Albrecht Weinberg ein besonderer Referent zu Gast: Der 98-J\u00e4hrige schilderte den Zehntkl\u00e4ssler:innen seine \u00dcberlebensgeschichte. Weinberg war ebenso wenig zum ersten Mal zu Gast an der Schule wie Kutlu Yurtseven, der 2020 mit der inzwischen verstorbenen Holocaust-\u00dcberlebenden Esther Bejarano und der Microphone Mafia am Max war. Dieses Mal erz\u00e4hlte Kutlu aus seinem Leben \u2013 und rappte nat\u00fcrlich auch mit den Sch\u00fcler:innen.<\/p>\n<figure id=\"attachment_15555\" aria-describedby=\"caption-attachment-15555\" style=\"width: 747px\" class=\"wp-caption alignnone\"><a href=\"https:\/\/max-emden.de\/wordpress\/wp-content\/uploads\/2023\/04\/150-Jahre-Max-LR-34.jpg\"><img decoding=\"async\" class=\"wp-image-15555 size-large\" src=\"https:\/\/max-emden.de\/wordpress\/wp-content\/uploads\/2023\/04\/150-Jahre-Max-LR-34-1024x576.jpg\" alt=\"\" width=\"747\" height=\"420\" srcset=\"https:\/\/max-emden.de\/wordpress\/wp-content\/uploads\/2023\/04\/150-Jahre-Max-LR-34-1024x576.jpg 1024w, https:\/\/max-emden.de\/wordpress\/wp-content\/uploads\/2023\/04\/150-Jahre-Max-LR-34-300x169.jpg 300w, https:\/\/max-emden.de\/wordpress\/wp-content\/uploads\/2023\/04\/150-Jahre-Max-LR-34-768x432.jpg 768w, https:\/\/max-emden.de\/wordpress\/wp-content\/uploads\/2023\/04\/150-Jahre-Max-LR-34-1536x864.jpg 1536w, https:\/\/max-emden.de\/wordpress\/wp-content\/uploads\/2023\/04\/150-Jahre-Max-LR-34-2048x1152.jpg 2048w\" sizes=\"(max-width: 747px) 100vw, 747px\" \/><\/a><figcaption id=\"caption-attachment-15555\" class=\"wp-caption-text\"><em>Hatte viele Fragen zu beantworten: Albrecht Weinberg<\/em><\/figcaption><\/figure>\n<p>Erstmals zu Gast war Alexander Hoffmann: Der Kieler Anwalt war als Vertreter der Nebenklage w\u00e4hrend der so genannten \u201eNSU\u201c-Prozesse t\u00e4tig. Hoffmann referierte eindrucksvoll \u00fcber die ersch\u00fctternde Mordserie, die Anfang der 2000er Jahre von dem Neonazi-Trio Mundlos, B\u00f6hnhardt und Zsch\u00e4pe ver\u00fcbt wurde. Insbesondere die kritische Rolle der Sicherheitsorgane und die Zweifel an den Opfern, denen lange nicht geglaubt und stattdessen eine Beteiligung an den Morden unterstellt wurde, sorgte f\u00fcr viele Fragen.<\/p>\n<figure id=\"attachment_15562\" aria-describedby=\"caption-attachment-15562\" style=\"width: 747px\" class=\"wp-caption alignnone\"><a href=\"https:\/\/max-emden.de\/wordpress\/wp-content\/uploads\/2023\/04\/150-Jahre-Max-LR-14.jpg\"><img loading=\"lazy\" decoding=\"async\" class=\"wp-image-15562 size-large\" src=\"https:\/\/max-emden.de\/wordpress\/wp-content\/uploads\/2023\/04\/150-Jahre-Max-LR-14-1024x576.jpg\" alt=\"\" width=\"747\" height=\"420\" srcset=\"https:\/\/max-emden.de\/wordpress\/wp-content\/uploads\/2023\/04\/150-Jahre-Max-LR-14-1024x576.jpg 1024w, https:\/\/max-emden.de\/wordpress\/wp-content\/uploads\/2023\/04\/150-Jahre-Max-LR-14-300x169.jpg 300w, https:\/\/max-emden.de\/wordpress\/wp-content\/uploads\/2023\/04\/150-Jahre-Max-LR-14-768x432.jpg 768w, https:\/\/max-emden.de\/wordpress\/wp-content\/uploads\/2023\/04\/150-Jahre-Max-LR-14-1536x864.jpg 1536w, https:\/\/max-emden.de\/wordpress\/wp-content\/uploads\/2023\/04\/150-Jahre-Max-LR-14-2048x1152.jpg 2048w\" sizes=\"(max-width: 747px) 100vw, 747px\" \/><\/a><figcaption id=\"caption-attachment-15562\" class=\"wp-caption-text\"><em>Alexander Hoffmann arbeitete als Nebenkl\u00e4ger bei den NSU-Prozessen.<\/em><\/figcaption><\/figure>\n<p>Davon hatte auch Dr. Christina Berndt eine Menge zu beantworten: Nach ihrem Festvortrag am Vorabend berichtete die ehemalige Sch\u00fclerin des Max aus ihrer Arbeit als Journalistin. Themen wie Fake-News und die Rolle der Presse in der Demokratie standen ebenso im Fokus wie der Organspende-Skandal, der von Berndt aufgedeckt worden war.<\/p>\n<p>Aus den Niederlanden waren die Filmemacher Ruben Gischler und Tobias M\u00fcller angereist, um ihren Film \u201eWieder gut?\u201c zu zeigen. Im Forum der VHS pr\u00e4sentierte das Amsterdamer Duo eine 2021\/2022 entstandene Dokumentation, in der die Erinnerung an den Holocaust dies- und jenseits der Grenze miteinander verglichen wird. Ein Thema, das auch angesichts der Mitwirkenden f\u00fcr die Max-Sch\u00fcler:innen spannend war: So wurde eine Reise der Projektgruppe Keep the memory alive! mit dem \u00dcberlebenden Tswi Herschel, der bereits einige Male am Max zu Gast war, von Gischler und M\u00fcller begleitet und im Film verarbeitet.<\/p>\n<figure id=\"attachment_15557\" aria-describedby=\"caption-attachment-15557\" style=\"width: 747px\" class=\"wp-caption alignnone\"><a href=\"https:\/\/max-emden.de\/wordpress\/wp-content\/uploads\/2023\/04\/150-Jahre-Max-LR-19.jpg\"><img loading=\"lazy\" decoding=\"async\" class=\"wp-image-15557 size-large\" src=\"https:\/\/max-emden.de\/wordpress\/wp-content\/uploads\/2023\/04\/150-Jahre-Max-LR-19-1024x576.jpg\" alt=\"\" width=\"747\" height=\"420\" srcset=\"https:\/\/max-emden.de\/wordpress\/wp-content\/uploads\/2023\/04\/150-Jahre-Max-LR-19-1024x576.jpg 1024w, https:\/\/max-emden.de\/wordpress\/wp-content\/uploads\/2023\/04\/150-Jahre-Max-LR-19-300x169.jpg 300w, https:\/\/max-emden.de\/wordpress\/wp-content\/uploads\/2023\/04\/150-Jahre-Max-LR-19-768x432.jpg 768w, https:\/\/max-emden.de\/wordpress\/wp-content\/uploads\/2023\/04\/150-Jahre-Max-LR-19-1536x865.jpg 1536w, https:\/\/max-emden.de\/wordpress\/wp-content\/uploads\/2023\/04\/150-Jahre-Max-LR-19-2048x1153.jpg 2048w\" sizes=\"(max-width: 747px) 100vw, 747px\" \/><\/a><figcaption id=\"caption-attachment-15557\" class=\"wp-caption-text\"><em>Ruben Gischler und Tobias M\u00fcller stellten ihren Film &#8222;Wieder gut?&#8220; vor.<\/em><\/figcaption><\/figure>\n<p>Neben Ausw\u00e4rtigen waren auch viele lokale Referent:innen im Einsatz: Der Verein SCHLAU Ostfriesland informierte \u00fcber die Vielfalt von Lebensweisen, insbesondere von Lesben, Schwulen, Bisexuellen und Trans*personen.<\/p>\n<p>Fragen der Energieversorgung und des Klimaschutzes geh\u00f6rten ebenfalls zum Themenspektrum des Tages. So referierte Alf Kristian Haugland von GASSCO Deutschland zum Thema \u201eGas aus Norwegen \u2013 wie lange noch?\u201c Christoph Runden und Detlef Dunker gaben Einblicke in Ma\u00dfnahmen und Projekte der Stadt Emden f\u00fcr eine nachhaltigere Zukunft und ermunterten ebenso, aktiv zu werden wie Martin Auer. Der 22-J\u00e4hrige ist Gr\u00fcnder des mit dem Jugenddemokratiepreis der Bundeszentrale f\u00fcr politische Bildung ausgezeichneten Vereins Youth lead the change Germany, der es sich zur Aufgabe gemacht hat, junge Menschen zu politischem Engagement zu ermutigen.<\/p>\n<figure id=\"attachment_15561\" aria-describedby=\"caption-attachment-15561\" style=\"width: 747px\" class=\"wp-caption alignnone\"><a href=\"https:\/\/max-emden.de\/wordpress\/wp-content\/uploads\/2023\/04\/150-Jahre-Max-LR-4.jpg\"><img loading=\"lazy\" decoding=\"async\" class=\"wp-image-15561 size-large\" src=\"https:\/\/max-emden.de\/wordpress\/wp-content\/uploads\/2023\/04\/150-Jahre-Max-LR-4-1024x576.jpg\" alt=\"\" width=\"747\" height=\"420\" srcset=\"https:\/\/max-emden.de\/wordpress\/wp-content\/uploads\/2023\/04\/150-Jahre-Max-LR-4-1024x576.jpg 1024w, https:\/\/max-emden.de\/wordpress\/wp-content\/uploads\/2023\/04\/150-Jahre-Max-LR-4-300x169.jpg 300w, https:\/\/max-emden.de\/wordpress\/wp-content\/uploads\/2023\/04\/150-Jahre-Max-LR-4-768x432.jpg 768w, https:\/\/max-emden.de\/wordpress\/wp-content\/uploads\/2023\/04\/150-Jahre-Max-LR-4-1536x865.jpg 1536w, https:\/\/max-emden.de\/wordpress\/wp-content\/uploads\/2023\/04\/150-Jahre-Max-LR-4-2048x1153.jpg 2048w\" sizes=\"(max-width: 747px) 100vw, 747px\" \/><\/a><figcaption id=\"caption-attachment-15561\" class=\"wp-caption-text\"><em>Youth lead the change mit Martin Auer<\/em><\/figcaption><\/figure>\n<p>Ein weiterer Schwerpunkt des Projekttages war das Thema Flucht und Migration: Neben der Autorin Sonja Ryll, die aus ihrem unter dem Pseudonym Sofia Rahmani verfassten Roman \u201eSei still und lauf!\u201c gelesen hat, war Edvija Imamovic zu Gast. Die Leiterin der Koordinierungsstelle f\u00fcr Migration und Teilhabe der Stadt Emden schilderte aus ihrem Arbeitsalltag, mit welchen Sorgen und Problemen Gefl\u00fcchtete zu k\u00e4mpfen haben. Wie schwierig eine solche Situation ist, machte Imamovic anhand ihrer eigenen Fluchtgeschichte w\u00e4hrend des B\u00fcrgerkriegs in Bosnien deutlich.<\/p>\n<figure id=\"attachment_15560\" aria-describedby=\"caption-attachment-15560\" style=\"width: 747px\" class=\"wp-caption alignnone\"><a href=\"https:\/\/max-emden.de\/wordpress\/wp-content\/uploads\/2023\/04\/150-Jahre-Max-LR-9.jpg\"><img loading=\"lazy\" decoding=\"async\" class=\"wp-image-15560 size-large\" src=\"https:\/\/max-emden.de\/wordpress\/wp-content\/uploads\/2023\/04\/150-Jahre-Max-LR-9-1024x575.jpg\" alt=\"\" width=\"747\" height=\"419\" srcset=\"https:\/\/max-emden.de\/wordpress\/wp-content\/uploads\/2023\/04\/150-Jahre-Max-LR-9-1024x575.jpg 1024w, https:\/\/max-emden.de\/wordpress\/wp-content\/uploads\/2023\/04\/150-Jahre-Max-LR-9-300x168.jpg 300w, https:\/\/max-emden.de\/wordpress\/wp-content\/uploads\/2023\/04\/150-Jahre-Max-LR-9-768x431.jpg 768w, https:\/\/max-emden.de\/wordpress\/wp-content\/uploads\/2023\/04\/150-Jahre-Max-LR-9-1536x862.jpg 1536w, https:\/\/max-emden.de\/wordpress\/wp-content\/uploads\/2023\/04\/150-Jahre-Max-LR-9-2048x1149.jpg 2048w\" sizes=\"(max-width: 747px) 100vw, 747px\" \/><\/a><figcaption id=\"caption-attachment-15560\" class=\"wp-caption-text\"><em>Sonja Ryll las aus ihrem Roman &#8222;Sei still und lauf!&#8220;<\/em><\/figcaption><\/figure>\n<p>Eine szenische Umsetzung des Themas lieferte das St\u00fcck \u201eWalzer ins Nirgendwo\u201c. Das von Antonio Ricc\u00f2 verfasste St\u00fcck \u00fcber den Krieg wurde im Kulturbunker Barenburg vom Theater in der List aufgef\u00fchrt und sorgte f\u00fcr viel Nachdenklichkeit.<\/p>\n<p>Neben vielen externen Referenten gab es auch Angebote von Max-Lehrer:innen: W\u00e4hrend F\u00fcnftkl\u00e4ssler:innen Experimente zum Wasserstoff mit Elke Beeneken durchf\u00fchrten und der Weg vom Rechenschieber zur KI in der sechsten Klasse von Artur Kasperczyk thematisiert wurde, arbeitete die 11c mit Tobias Knebel zur j\u00fcdischen Stadtgeschichte.<\/p>\n<figure id=\"attachment_15559\" aria-describedby=\"caption-attachment-15559\" style=\"width: 747px\" class=\"wp-caption alignnone\"><a href=\"https:\/\/max-emden.de\/wordpress\/wp-content\/uploads\/2023\/04\/150-Jahre-Max-LR-22.jpg\"><img loading=\"lazy\" decoding=\"async\" class=\"wp-image-15559 size-large\" src=\"https:\/\/max-emden.de\/wordpress\/wp-content\/uploads\/2023\/04\/150-Jahre-Max-LR-22-1024x769.jpg\" alt=\"\" width=\"747\" height=\"561\" srcset=\"https:\/\/max-emden.de\/wordpress\/wp-content\/uploads\/2023\/04\/150-Jahre-Max-LR-22-1024x769.jpg 1024w, https:\/\/max-emden.de\/wordpress\/wp-content\/uploads\/2023\/04\/150-Jahre-Max-LR-22-300x225.jpg 300w, https:\/\/max-emden.de\/wordpress\/wp-content\/uploads\/2023\/04\/150-Jahre-Max-LR-22-768x577.jpg 768w, https:\/\/max-emden.de\/wordpress\/wp-content\/uploads\/2023\/04\/150-Jahre-Max-LR-22-1536x1153.jpg 1536w, https:\/\/max-emden.de\/wordpress\/wp-content\/uploads\/2023\/04\/150-Jahre-Max-LR-22.jpg 1598w\" sizes=\"(max-width: 747px) 100vw, 747px\" \/><\/a><figcaption id=\"caption-attachment-15559\" class=\"wp-caption-text\"><em>Hydrolyse und Wasserstoff mit Elke Beeneken<\/em><\/figcaption><\/figure>\n<p>Die Vielfalt der Angebote haben das Motto dieses Projekttages mit zahlreichen spannenden Impulsen bereichert, die Lust auf die Herausforderungen der n\u00e4chsten 150 Jahre gemacht haben!<\/p>\n<p>Wir danken allen G\u00e4sten und Mitwirkenden f\u00fcr die gro\u00dfartige Unterst\u00fctzung!<\/p>\n<style id=\"bwg-style-0\">    #bwg_container1_0 #bwg_container2_0 .bwg-container-0.bwg-standard-thumbnails {      width: 904px;              justify-content: center;        margin:0 auto !important;              background-color: rgba(255, 255, 255, 0.00);            padding-left: 4px;      padding-top: 4px;      max-width: 100%;            }        #bwg_container1_0 #bwg_container2_0 .bwg-container-0.bwg-standard-thumbnails .bwg-item {    justify-content: flex-start;      max-width: 180px;            width: 180px !important;          }    #bwg_container1_0 #bwg_container2_0 .bwg-container-0.bwg-standard-thumbnails .bwg-item a {       margin-right: 4px;       margin-bottom: 4px;    }    #bwg_container1_0 #bwg_container2_0 .bwg-container-0.bwg-standard-thumbnails .bwg-item0 {      padding: 0px;            background-color:rgba(255,255,255, 0.30);      border: 0px none #CCCCCC;      opacity: 1.00;      border-radius: 0;      box-shadow: 0px 0px 0px #888888;    }    #bwg_container1_0 #bwg_container2_0 .bwg-container-0.bwg-standard-thumbnails .bwg-item1 img {      max-height: none;      max-width: none;      padding: 0 !important;    }        @media only screen and (min-width: 480px) {      #bwg_container1_0 #bwg_container2_0 .bwg-container-0.bwg-standard-thumbnails .bwg-item0 {        transition: all 0.3s ease 0s;-webkit-transition: all 0.3s ease 0s;      }      #bwg_container1_0 #bwg_container2_0 .bwg-container-0.bwg-standard-thumbnails .bwg-item0:hover {        -ms-transform: scale(1.1);        -webkit-transform: scale(1.1);        transform: scale(1.1);      }    }          #bwg_container1_0 #bwg_container2_0 .bwg-container-0.bwg-standard-thumbnails .bwg-item1 {      padding-top: 50%;    }        #bwg_container1_0 #bwg_container2_0 .bwg-container-0.bwg-standard-thumbnails .bwg-title2,    #bwg_container1_0 #bwg_container2_0 .bwg-container-0.bwg-standard-thumbnails .bwg-ecommerce2 {      color: #CCCCCC;      font-family: segoe ui;      font-size: 16px;      font-weight: bold;      padding: 2px;      text-shadow: 0px 0px 0px #888888;      max-height: 100%;    }    #bwg_container1_0 #bwg_container2_0 .bwg-container-0.bwg-standard-thumbnails .bwg-thumb-description span {    color: #323A45;    font-family: Ubuntu;    font-size: 12px;    max-height: 100%;    word-wrap: break-word;    }    #bwg_container1_0 #bwg_container2_0 .bwg-container-0.bwg-standard-thumbnails .bwg-play-icon2 {      font-size: 32px;    }    #bwg_container1_0 #bwg_container2_0 .bwg-container-0.bwg-standard-thumbnails .bwg-ecommerce2 {      font-size: 19.2px;      color: #CCCCCC;    }    <\/style>    <div id=\"bwg_container1_0\"         class=\"bwg_container bwg_thumbnail bwg_thumbnails \"         data-right-click-protection=\"1\"         data-bwg=\"0\"         data-scroll=\"0\"         data-gallery-type=\"thumbnails\"         data-gallery-view-type=\"thumbnails\"         data-current-url=\"\/wordpress\/wp-json\/wp\/v2\/posts\/15552\"         data-lightbox-url=\"https:\/\/max-emden.de\/wordpress\/wp-admin\/admin-ajax.php?action=GalleryBox&#038;current_view=0&#038;gallery_id=394&#038;tag=0&#038;theme_id=1&#038;shortcode_id=811&#038;sort_by=order&#038;order_by=asc&#038;current_url=%2Fwordpress%2Fwp-json%2Fwp%2Fv2%2Fposts%2F15552\"         data-gallery-id=\"394\"         data-popup-width=\"800\"         data-popup-height=\"500\"         data-is-album=\"gallery\"         data-buttons-position=\"bottom\">      <div id=\"bwg_container2_0\">             <div id=\"ajax_loading_0\" class=\"bwg_loading_div_1\">      <div class=\"bwg_loading_div_2\">        <div class=\"bwg_loading_div_3\">          <div id=\"loading_div_0\" class=\"bwg_spider_ajax_loading\">          <\/div>        <\/div>      <\/div>    <\/div>            <form id=\"gal_front_form_0\"              class=\"bwg-hidden\"              method=\"post\"              action=\"#\"              data-current=\"0\"              data-shortcode-id=\"811\"              data-gallery-type=\"thumbnails\"              data-gallery-id=\"394\"              data-tag=\"0\"              data-album-id=\"0\"              data-theme-id=\"1\"              data-ajax-url=\"https:\/\/max-emden.de\/wordpress\/wp-admin\/admin-ajax.php?action=bwg_frontend_data\">          <div id=\"bwg_container3_0\" class=\"bwg-background bwg-background-0\">                <div data-max-count=\"5\"         data-thumbnail-width=\"180\"         data-bwg=\"0\"         data-gallery-id=\"394\"         data-lightbox-url=\"https:\/\/max-emden.de\/wordpress\/wp-admin\/admin-ajax.php?action=GalleryBox&amp;current_view=0&amp;gallery_id=394&amp;tag=0&amp;theme_id=1&amp;shortcode_id=811&amp;sort_by=order&amp;order_by=asc&amp;current_url=%2Fwordpress%2Fwp-json%2Fwp%2Fv2%2Fposts%2F15552\"         id=\"bwg_thumbnails_0\"         class=\"bwg-container-0 bwg-thumbnails bwg-standard-thumbnails bwg-container bwg-border-box\">            <div class=\"bwg-item\">        <a class=\"bwg-a  bwg_lightbox\"  data-image-id=\"7383\" href=\"https:\/\/max-emden.de\/wordpress\/wp-content\/uploads\/photo-gallery\/150-Jahre-Max-LR-5.jpg?bwg=1682352320\" data-elementor-open-lightbox=\"no\">                <div class=\"bwg-item0 \">          <div class=\"bwg-item1 \">            <div class=\"bwg-item2\">              <img decoding=\"async\" class=\"skip-lazy bwg_standart_thumb_img_0 \"                   data-id=\"7383\"                   data-width=\"300.00\"                   data-height=\"169.00\"                   data-src=\"https:\/\/max-emden.de\/wordpress\/wp-content\/uploads\/photo-gallery\/thumb\/150-Jahre-Max-LR-5.jpg?bwg=1682352320\"                   src=\"https:\/\/max-emden.de\/wordpress\/wp-content\/uploads\/photo-gallery\/thumb\/150-Jahre-Max-LR-5.jpg?bwg=1682352320\"                   alt=\"150-Jahre-Max-LR-5\"                   title=\"150-Jahre-Max-LR-5\" \/>            <\/div>            <div class=\"\">                                                      <\/div>          <\/div>        <\/div>                        <\/a>              <\/div>            <div class=\"bwg-item\">        <a class=\"bwg-a  bwg_lightbox\"  data-image-id=\"7384\" href=\"https:\/\/max-emden.de\/wordpress\/wp-content\/uploads\/photo-gallery\/150-Jahre-Max-LR-2.jpg?bwg=1682352320\" data-elementor-open-lightbox=\"no\">                <div class=\"bwg-item0 \">          <div class=\"bwg-item1 \">            <div class=\"bwg-item2\">              <img decoding=\"async\" class=\"skip-lazy bwg_standart_thumb_img_0 \"                   data-id=\"7384\"                   data-width=\"300.00\"                   data-height=\"169.00\"                   data-src=\"https:\/\/max-emden.de\/wordpress\/wp-content\/uploads\/photo-gallery\/thumb\/150-Jahre-Max-LR-2.jpg?bwg=1682352320\"                   src=\"https:\/\/max-emden.de\/wordpress\/wp-content\/uploads\/photo-gallery\/thumb\/150-Jahre-Max-LR-2.jpg?bwg=1682352320\"                   alt=\"150-Jahre-Max-LR-2\"                   title=\"150-Jahre-Max-LR-2\" \/>            <\/div>            <div class=\"\">                                                      <\/div>          <\/div>        <\/div>                        <\/a>              <\/div>            <div class=\"bwg-item\">        <a class=\"bwg-a  bwg_lightbox\"  data-image-id=\"7385\" href=\"https:\/\/max-emden.de\/wordpress\/wp-content\/uploads\/photo-gallery\/150-Jahre-Max-LR-4.jpg?bwg=1682352320\" data-elementor-open-lightbox=\"no\">                <div class=\"bwg-item0 \">          <div class=\"bwg-item1 \">            <div class=\"bwg-item2\">              <img decoding=\"async\" class=\"skip-lazy bwg_standart_thumb_img_0 \"                   data-id=\"7385\"                   data-width=\"300.00\"                   data-height=\"169.00\"                   data-src=\"https:\/\/max-emden.de\/wordpress\/wp-content\/uploads\/photo-gallery\/thumb\/150-Jahre-Max-LR-4.jpg?bwg=1682352320\"                   src=\"https:\/\/max-emden.de\/wordpress\/wp-content\/uploads\/photo-gallery\/thumb\/150-Jahre-Max-LR-4.jpg?bwg=1682352320\"                   alt=\"150-Jahre-Max-LR-4\"                   title=\"150-Jahre-Max-LR-4\" \/>            <\/div>            <div class=\"\">                                                      <\/div>          <\/div>        <\/div>                        <\/a>              <\/div>            <div class=\"bwg-item\">        <a class=\"bwg-a  bwg_lightbox\"  data-image-id=\"7386\" href=\"https:\/\/max-emden.de\/wordpress\/wp-content\/uploads\/photo-gallery\/150-Jahre-Max-LR-3.jpg?bwg=1682352320\" data-elementor-open-lightbox=\"no\">                <div class=\"bwg-item0 \">          <div class=\"bwg-item1 \">            <div class=\"bwg-item2\">              <img decoding=\"async\" class=\"skip-lazy bwg_standart_thumb_img_0 \"                   data-id=\"7386\"                   data-width=\"300.00\"                   data-height=\"169.00\"                   data-src=\"https:\/\/max-emden.de\/wordpress\/wp-content\/uploads\/photo-gallery\/thumb\/150-Jahre-Max-LR-3.jpg?bwg=1682352320\"                   src=\"https:\/\/max-emden.de\/wordpress\/wp-content\/uploads\/photo-gallery\/thumb\/150-Jahre-Max-LR-3.jpg?bwg=1682352320\"                   alt=\"150-Jahre-Max-LR-3\"                   title=\"150-Jahre-Max-LR-3\" \/>            <\/div>            <div class=\"\">                                                      <\/div>          <\/div>        <\/div>                        <\/a>              <\/div>            <div class=\"bwg-item\">        <a class=\"bwg-a  bwg_lightbox\"  data-image-id=\"7387\" href=\"https:\/\/max-emden.de\/wordpress\/wp-content\/uploads\/photo-gallery\/150-Jahre-Max-LR-1.jpg?bwg=1682352320\" data-elementor-open-lightbox=\"no\">                <div class=\"bwg-item0 \">          <div class=\"bwg-item1 \">            <div class=\"bwg-item2\">              <img decoding=\"async\" class=\"skip-lazy bwg_standart_thumb_img_0 \"                   data-id=\"7387\"                   data-width=\"300.00\"                   data-height=\"169.00\"                   data-src=\"https:\/\/max-emden.de\/wordpress\/wp-content\/uploads\/photo-gallery\/thumb\/150-Jahre-Max-LR-1.jpg?bwg=1682352320\"                   src=\"https:\/\/max-emden.de\/wordpress\/wp-content\/uploads\/photo-gallery\/thumb\/150-Jahre-Max-LR-1.jpg?bwg=1682352320\"                   alt=\"150-Jahre-Max-LR-1\"                   title=\"150-Jahre-Max-LR-1\" \/>            <\/div>            <div class=\"\">                                                      <\/div>          <\/div>        <\/div>                        <\/a>              <\/div>            <div class=\"bwg-item\">        <a class=\"bwg-a  bwg_lightbox\"  data-image-id=\"7388\" href=\"https:\/\/max-emden.de\/wordpress\/wp-content\/uploads\/photo-gallery\/150-Jahre-Max-LR-7.jpg?bwg=1682352320\" data-elementor-open-lightbox=\"no\">                <div class=\"bwg-item0 \">          <div class=\"bwg-item1 \">            <div class=\"bwg-item2\">              <img decoding=\"async\" class=\"skip-lazy bwg_standart_thumb_img_0 \"                   data-id=\"7388\"                   data-width=\"300.00\"                   data-height=\"169.00\"                   data-src=\"https:\/\/max-emden.de\/wordpress\/wp-content\/uploads\/photo-gallery\/thumb\/150-Jahre-Max-LR-7.jpg?bwg=1682352320\"                   src=\"https:\/\/max-emden.de\/wordpress\/wp-content\/uploads\/photo-gallery\/thumb\/150-Jahre-Max-LR-7.jpg?bwg=1682352320\"                   alt=\"150-Jahre-Max-LR-7\"                   title=\"150-Jahre-Max-LR-7\" \/>            <\/div>            <div class=\"\">                                                      <\/div>          <\/div>        <\/div>                        <\/a>              <\/div>            <div class=\"bwg-item\">        <a class=\"bwg-a  bwg_lightbox\"  data-image-id=\"7389\" href=\"https:\/\/max-emden.de\/wordpress\/wp-content\/uploads\/photo-gallery\/150-Jahre-Max-LR-9.jpg?bwg=1682352320\" data-elementor-open-lightbox=\"no\">                <div class=\"bwg-item0 \">          <div class=\"bwg-item1 \">            <div class=\"bwg-item2\">              <img decoding=\"async\" class=\"skip-lazy bwg_standart_thumb_img_0 \"                   data-id=\"7389\"                   data-width=\"300.00\"                   data-height=\"169.00\"                   data-src=\"https:\/\/max-emden.de\/wordpress\/wp-content\/uploads\/photo-gallery\/thumb\/150-Jahre-Max-LR-9.jpg?bwg=1682352320\"                   src=\"https:\/\/max-emden.de\/wordpress\/wp-content\/uploads\/photo-gallery\/thumb\/150-Jahre-Max-LR-9.jpg?bwg=1682352320\"                   alt=\"150-Jahre-Max-LR-9\"                   title=\"150-Jahre-Max-LR-9\" \/>            <\/div>            <div class=\"\">                                                      <\/div>          <\/div>        <\/div>                        <\/a>              <\/div>            <div class=\"bwg-item\">        <a class=\"bwg-a  bwg_lightbox\"  data-image-id=\"7390\" href=\"https:\/\/max-emden.de\/wordpress\/wp-content\/uploads\/photo-gallery\/150-Jahre-Max-LR-10.jpg?bwg=1682352320\" data-elementor-open-lightbox=\"no\">                <div class=\"bwg-item0 \">          <div class=\"bwg-item1 \">            <div class=\"bwg-item2\">              <img decoding=\"async\" class=\"skip-lazy bwg_standart_thumb_img_0 \"                   data-id=\"7390\"                   data-width=\"300.00\"                   data-height=\"169.00\"                   data-src=\"https:\/\/max-emden.de\/wordpress\/wp-content\/uploads\/photo-gallery\/thumb\/150-Jahre-Max-LR-10.jpg?bwg=1682352320\"                   src=\"https:\/\/max-emden.de\/wordpress\/wp-content\/uploads\/photo-gallery\/thumb\/150-Jahre-Max-LR-10.jpg?bwg=1682352320\"                   alt=\"150-Jahre-Max-LR-10\"                   title=\"150-Jahre-Max-LR-10\" \/>            <\/div>            <div class=\"\">                                                      <\/div>          <\/div>        <\/div>                        <\/a>              <\/div>            <div class=\"bwg-item\">        <a class=\"bwg-a  bwg_lightbox\"  data-image-id=\"7391\" href=\"https:\/\/max-emden.de\/wordpress\/wp-content\/uploads\/photo-gallery\/150-Jahre-Max-LR-8.jpg?bwg=1682352320\" data-elementor-open-lightbox=\"no\">                <div class=\"bwg-item0 \">          <div class=\"bwg-item1 \">            <div class=\"bwg-item2\">              <img decoding=\"async\" class=\"skip-lazy bwg_standart_thumb_img_0 \"                   data-id=\"7391\"                   data-width=\"300.00\"                   data-height=\"169.00\"                   data-src=\"https:\/\/max-emden.de\/wordpress\/wp-content\/uploads\/photo-gallery\/thumb\/150-Jahre-Max-LR-8.jpg?bwg=1682352320\"                   src=\"https:\/\/max-emden.de\/wordpress\/wp-content\/uploads\/photo-gallery\/thumb\/150-Jahre-Max-LR-8.jpg?bwg=1682352320\"                   alt=\"150-Jahre-Max-LR-8\"                   title=\"150-Jahre-Max-LR-8\" \/>            <\/div>            <div class=\"\">                                                      <\/div>          <\/div>        <\/div>                        <\/a>              <\/div>            <div class=\"bwg-item\">        <a class=\"bwg-a  bwg_lightbox\"  data-image-id=\"7392\" href=\"https:\/\/max-emden.de\/wordpress\/wp-content\/uploads\/photo-gallery\/150-Jahre-Max-LR-6.jpg?bwg=1682352320\" data-elementor-open-lightbox=\"no\">                <div class=\"bwg-item0 \">          <div class=\"bwg-item1 \">            <div class=\"bwg-item2\">              <img decoding=\"async\" class=\"skip-lazy bwg_standart_thumb_img_0 \"                   data-id=\"7392\"                   data-width=\"300.00\"                   data-height=\"169.00\"                   data-src=\"https:\/\/max-emden.de\/wordpress\/wp-content\/uploads\/photo-gallery\/thumb\/150-Jahre-Max-LR-6.jpg?bwg=1682352320\"                   src=\"https:\/\/max-emden.de\/wordpress\/wp-content\/uploads\/photo-gallery\/thumb\/150-Jahre-Max-LR-6.jpg?bwg=1682352320\"                   alt=\"150-Jahre-Max-LR-6\"                   title=\"150-Jahre-Max-LR-6\" \/>            <\/div>            <div class=\"\">                                                      <\/div>          <\/div>        <\/div>                        <\/a>              <\/div>            <div class=\"bwg-item\">        <a class=\"bwg-a  bwg_lightbox\"  data-image-id=\"7393\" href=\"https:\/\/max-emden.de\/wordpress\/wp-content\/uploads\/photo-gallery\/150-Jahre-Max-LR-11.jpg?bwg=1682352320\" data-elementor-open-lightbox=\"no\">                <div class=\"bwg-item0 \">          <div class=\"bwg-item1 \">            <div class=\"bwg-item2\">              <img decoding=\"async\" class=\"skip-lazy bwg_standart_thumb_img_0 \"                   data-id=\"7393\"                   data-width=\"300.00\"                   data-height=\"169.00\"                   data-src=\"https:\/\/max-emden.de\/wordpress\/wp-content\/uploads\/photo-gallery\/thumb\/150-Jahre-Max-LR-11.jpg?bwg=1682352320\"                   src=\"https:\/\/max-emden.de\/wordpress\/wp-content\/uploads\/photo-gallery\/thumb\/150-Jahre-Max-LR-11.jpg?bwg=1682352320\"                   alt=\"150-Jahre-Max-LR-11\"                   title=\"150-Jahre-Max-LR-11\" \/>            <\/div>            <div class=\"\">                                                      <\/div>          <\/div>        <\/div>                        <\/a>              <\/div>            <div class=\"bwg-item\">        <a class=\"bwg-a  bwg_lightbox\"  data-image-id=\"7394\" href=\"https:\/\/max-emden.de\/wordpress\/wp-content\/uploads\/photo-gallery\/150-Jahre-Max-LR-12.jpg?bwg=1682352320\" data-elementor-open-lightbox=\"no\">                <div class=\"bwg-item0 \">          <div class=\"bwg-item1 \">            <div class=\"bwg-item2\">              <img decoding=\"async\" class=\"skip-lazy bwg_standart_thumb_img_0 \"                   data-id=\"7394\"                   data-width=\"300.00\"                   data-height=\"228.00\"                   data-src=\"https:\/\/max-emden.de\/wordpress\/wp-content\/uploads\/photo-gallery\/thumb\/150-Jahre-Max-LR-12.jpg?bwg=1682352320\"                   src=\"https:\/\/max-emden.de\/wordpress\/wp-content\/uploads\/photo-gallery\/thumb\/150-Jahre-Max-LR-12.jpg?bwg=1682352320\"                   alt=\"150-Jahre-Max-LR-12\"                   title=\"150-Jahre-Max-LR-12\" \/>            <\/div>            <div class=\"\">                                                      <\/div>          <\/div>        <\/div>                        <\/a>              <\/div>            <div class=\"bwg-item\">        <a class=\"bwg-a  bwg_lightbox\"  data-image-id=\"7395\" href=\"https:\/\/max-emden.de\/wordpress\/wp-content\/uploads\/photo-gallery\/150-Jahre-Max-LR-14.jpg?bwg=1682352320\" data-elementor-open-lightbox=\"no\">                <div class=\"bwg-item0 \">          <div class=\"bwg-item1 \">            <div class=\"bwg-item2\">              <img decoding=\"async\" class=\"skip-lazy bwg_standart_thumb_img_0 \"                   data-id=\"7395\"                   data-width=\"300.00\"                   data-height=\"169.00\"                   data-src=\"https:\/\/max-emden.de\/wordpress\/wp-content\/uploads\/photo-gallery\/thumb\/150-Jahre-Max-LR-14.jpg?bwg=1682352320\"                   src=\"https:\/\/max-emden.de\/wordpress\/wp-content\/uploads\/photo-gallery\/thumb\/150-Jahre-Max-LR-14.jpg?bwg=1682352320\"                   alt=\"150-Jahre-Max-LR-14\"                   title=\"150-Jahre-Max-LR-14\" \/>            <\/div>            <div class=\"\">                                                      <\/div>          <\/div>        <\/div>                        <\/a>              <\/div>            <div class=\"bwg-item\">        <a class=\"bwg-a  bwg_lightbox\"  data-image-id=\"7396\" href=\"https:\/\/max-emden.de\/wordpress\/wp-content\/uploads\/photo-gallery\/150-Jahre-Max-LR-15.jpg?bwg=1682352320\" data-elementor-open-lightbox=\"no\">                <div class=\"bwg-item0 \">          <div class=\"bwg-item1 \">            <div class=\"bwg-item2\">              <img decoding=\"async\" class=\"skip-lazy bwg_standart_thumb_img_0 \"                   data-id=\"7396\"                   data-width=\"300.00\"                   data-height=\"169.00\"                   data-src=\"https:\/\/max-emden.de\/wordpress\/wp-content\/uploads\/photo-gallery\/thumb\/150-Jahre-Max-LR-15.jpg?bwg=1682352320\"                   src=\"https:\/\/max-emden.de\/wordpress\/wp-content\/uploads\/photo-gallery\/thumb\/150-Jahre-Max-LR-15.jpg?bwg=1682352320\"                   alt=\"150-Jahre-Max-LR-15\"                   title=\"150-Jahre-Max-LR-15\" \/>            <\/div>            <div class=\"\">                                                      <\/div>          <\/div>        <\/div>                        <\/a>              <\/div>            <div class=\"bwg-item\">        <a class=\"bwg-a  bwg_lightbox\"  data-image-id=\"7397\" href=\"https:\/\/max-emden.de\/wordpress\/wp-content\/uploads\/photo-gallery\/150-Jahre-Max-LR-13.jpg?bwg=1682352320\" data-elementor-open-lightbox=\"no\">                <div class=\"bwg-item0 \">          <div class=\"bwg-item1 \">            <div class=\"bwg-item2\">              <img decoding=\"async\" class=\"skip-lazy bwg_standart_thumb_img_0 \"                   data-id=\"7397\"                   data-width=\"300.00\"                   data-height=\"167.00\"                   data-src=\"https:\/\/max-emden.de\/wordpress\/wp-content\/uploads\/photo-gallery\/thumb\/150-Jahre-Max-LR-13.jpg?bwg=1682352320\"                   src=\"https:\/\/max-emden.de\/wordpress\/wp-content\/uploads\/photo-gallery\/thumb\/150-Jahre-Max-LR-13.jpg?bwg=1682352320\"                   alt=\"150-Jahre-Max-LR-13\"                   title=\"150-Jahre-Max-LR-13\" \/>            <\/div>            <div class=\"\">                                                      <\/div>          <\/div>        <\/div>                        <\/a>              <\/div>            <div class=\"bwg-item\">        <a class=\"bwg-a  bwg_lightbox\"  data-image-id=\"7398\" href=\"https:\/\/max-emden.de\/wordpress\/wp-content\/uploads\/photo-gallery\/150-Jahre-Max-LR-16.jpg?bwg=1682352320\" data-elementor-open-lightbox=\"no\">                <div class=\"bwg-item0 \">          <div class=\"bwg-item1 \">            <div class=\"bwg-item2\">              <img decoding=\"async\" class=\"skip-lazy bwg_standart_thumb_img_0 \"                   data-id=\"7398\"                   data-width=\"300.00\"                   data-height=\"169.00\"                   data-src=\"https:\/\/max-emden.de\/wordpress\/wp-content\/uploads\/photo-gallery\/thumb\/150-Jahre-Max-LR-16.jpg?bwg=1682352320\"                   src=\"https:\/\/max-emden.de\/wordpress\/wp-content\/uploads\/photo-gallery\/thumb\/150-Jahre-Max-LR-16.jpg?bwg=1682352320\"                   alt=\"150-Jahre-Max-LR-16\"                   title=\"150-Jahre-Max-LR-16\" \/>            <\/div>            <div class=\"\">                                                      <\/div>          <\/div>        <\/div>                        <\/a>              <\/div>            <div class=\"bwg-item\">        <a class=\"bwg-a  bwg_lightbox\"  data-image-id=\"7399\" href=\"https:\/\/max-emden.de\/wordpress\/wp-content\/uploads\/photo-gallery\/150-Jahre-Max-LR-17.jpg?bwg=1682352320\" data-elementor-open-lightbox=\"no\">                <div class=\"bwg-item0 \">          <div class=\"bwg-item1 \">            <div class=\"bwg-item2\">              <img decoding=\"async\" class=\"skip-lazy bwg_standart_thumb_img_0 \"                   data-id=\"7399\"                   data-width=\"300.00\"                   data-height=\"169.00\"                   data-src=\"https:\/\/max-emden.de\/wordpress\/wp-content\/uploads\/photo-gallery\/thumb\/150-Jahre-Max-LR-17.jpg?bwg=1682352320\"                   src=\"https:\/\/max-emden.de\/wordpress\/wp-content\/uploads\/photo-gallery\/thumb\/150-Jahre-Max-LR-17.jpg?bwg=1682352320\"                   alt=\"150-Jahre-Max-LR-17\"                   title=\"150-Jahre-Max-LR-17\" \/>            <\/div>            <div class=\"\">                                                      <\/div>          <\/div>        <\/div>                        <\/a>              <\/div>            <div class=\"bwg-item\">        <a class=\"bwg-a  bwg_lightbox\"  data-image-id=\"7400\" href=\"https:\/\/max-emden.de\/wordpress\/wp-content\/uploads\/photo-gallery\/150-Jahre-Max-LR-18.jpg?bwg=1682352320\" data-elementor-open-lightbox=\"no\">                <div class=\"bwg-item0 \">          <div class=\"bwg-item1 \">            <div class=\"bwg-item2\">              <img decoding=\"async\" class=\"skip-lazy bwg_standart_thumb_img_0 \"                   data-id=\"7400\"                   data-width=\"300.00\"                   data-height=\"169.00\"                   data-src=\"https:\/\/max-emden.de\/wordpress\/wp-content\/uploads\/photo-gallery\/thumb\/150-Jahre-Max-LR-18.jpg?bwg=1682352320\"                   src=\"https:\/\/max-emden.de\/wordpress\/wp-content\/uploads\/photo-gallery\/thumb\/150-Jahre-Max-LR-18.jpg?bwg=1682352320\"                   alt=\"150-Jahre-Max-LR-18\"                   title=\"150-Jahre-Max-LR-18\" \/>            <\/div>            <div class=\"\">                                                      <\/div>          <\/div>        <\/div>                        <\/a>              <\/div>            <div class=\"bwg-item\">        <a class=\"bwg-a  bwg_lightbox\"  data-image-id=\"7401\" href=\"https:\/\/max-emden.de\/wordpress\/wp-content\/uploads\/photo-gallery\/150-Jahre-Max-LR-20.jpg?bwg=1682352320\" data-elementor-open-lightbox=\"no\">                <div class=\"bwg-item0 \">          <div class=\"bwg-item1 \">            <div class=\"bwg-item2\">              <img decoding=\"async\" class=\"skip-lazy bwg_standart_thumb_img_0 \"                   data-id=\"7401\"                   data-width=\"300.00\"                   data-height=\"169.00\"                   data-src=\"https:\/\/max-emden.de\/wordpress\/wp-content\/uploads\/photo-gallery\/thumb\/150-Jahre-Max-LR-20.jpg?bwg=1682352320\"                   src=\"https:\/\/max-emden.de\/wordpress\/wp-content\/uploads\/photo-gallery\/thumb\/150-Jahre-Max-LR-20.jpg?bwg=1682352320\"                   alt=\"150-Jahre-Max-LR-20\"                   title=\"150-Jahre-Max-LR-20\" \/>            <\/div>            <div class=\"\">                                                      <\/div>          <\/div>        <\/div>                        <\/a>              <\/div>            <div class=\"bwg-item\">        <a class=\"bwg-a  bwg_lightbox\"  data-image-id=\"7402\" href=\"https:\/\/max-emden.de\/wordpress\/wp-content\/uploads\/photo-gallery\/150-Jahre-Max-LR-19.jpg?bwg=1682352320\" data-elementor-open-lightbox=\"no\">                <div class=\"bwg-item0 \">          <div class=\"bwg-item1 \">            <div class=\"bwg-item2\">              <img decoding=\"async\" class=\"skip-lazy bwg_standart_thumb_img_0 \"                   data-id=\"7402\"                   data-width=\"300.00\"                   data-height=\"169.00\"                   data-src=\"https:\/\/max-emden.de\/wordpress\/wp-content\/uploads\/photo-gallery\/thumb\/150-Jahre-Max-LR-19.jpg?bwg=1682352320\"                   src=\"https:\/\/max-emden.de\/wordpress\/wp-content\/uploads\/photo-gallery\/thumb\/150-Jahre-Max-LR-19.jpg?bwg=1682352320\"                   alt=\"150-Jahre-Max-LR-19\"                   title=\"150-Jahre-Max-LR-19\" \/>            <\/div>            <div class=\"\">                                                      <\/div>          <\/div>        <\/div>                        <\/a>              <\/div>            <div class=\"bwg-item\">        <a class=\"bwg-a  bwg_lightbox\"  data-image-id=\"7403\" href=\"https:\/\/max-emden.de\/wordpress\/wp-content\/uploads\/photo-gallery\/150-Jahre-Max-LR-21.jpg?bwg=1682352320\" data-elementor-open-lightbox=\"no\">                <div class=\"bwg-item0 \">          <div class=\"bwg-item1 \">            <div class=\"bwg-item2\">              <img decoding=\"async\" class=\"skip-lazy bwg_standart_thumb_img_0 \"                   data-id=\"7403\"                   data-width=\"300.00\"                   data-height=\"169.00\"                   data-src=\"https:\/\/max-emden.de\/wordpress\/wp-content\/uploads\/photo-gallery\/thumb\/150-Jahre-Max-LR-21.jpg?bwg=1682352320\"                   src=\"https:\/\/max-emden.de\/wordpress\/wp-content\/uploads\/photo-gallery\/thumb\/150-Jahre-Max-LR-21.jpg?bwg=1682352320\"                   alt=\"150-Jahre-Max-LR-21\"                   title=\"150-Jahre-Max-LR-21\" \/>            <\/div>            <div class=\"\">                                                      <\/div>          <\/div>        <\/div>                        <\/a>              <\/div>            <div class=\"bwg-item\">        <a class=\"bwg-a  bwg_lightbox\"  data-image-id=\"7404\" href=\"https:\/\/max-emden.de\/wordpress\/wp-content\/uploads\/photo-gallery\/150-Jahre-Max-LR-22.jpg?bwg=1682352320\" data-elementor-open-lightbox=\"no\">                <div class=\"bwg-item0 \">          <div class=\"bwg-item1 \">            <div class=\"bwg-item2\">              <img decoding=\"async\" class=\"skip-lazy bwg_standart_thumb_img_0 \"                   data-id=\"7404\"                   data-width=\"300.00\"                   data-height=\"225.00\"                   data-src=\"https:\/\/max-emden.de\/wordpress\/wp-content\/uploads\/photo-gallery\/thumb\/150-Jahre-Max-LR-22.jpg?bwg=1682352320\"                   src=\"https:\/\/max-emden.de\/wordpress\/wp-content\/uploads\/photo-gallery\/thumb\/150-Jahre-Max-LR-22.jpg?bwg=1682352320\"                   alt=\"150-Jahre-Max-LR-22\"                   title=\"150-Jahre-Max-LR-22\" \/>            <\/div>            <div class=\"\">                                                      <\/div>          <\/div>        <\/div>                        <\/a>              <\/div>            <div class=\"bwg-item\">        <a class=\"bwg-a  bwg_lightbox\"  data-image-id=\"7405\" href=\"https:\/\/max-emden.de\/wordpress\/wp-content\/uploads\/photo-gallery\/150-Jahre-Max-LR-23.jpg?bwg=1682352320\" data-elementor-open-lightbox=\"no\">                <div class=\"bwg-item0 \">          <div class=\"bwg-item1 \">            <div class=\"bwg-item2\">              <img decoding=\"async\" class=\"skip-lazy bwg_standart_thumb_img_0 \"                   data-id=\"7405\"                   data-width=\"300.00\"                   data-height=\"169.00\"                   data-src=\"https:\/\/max-emden.de\/wordpress\/wp-content\/uploads\/photo-gallery\/thumb\/150-Jahre-Max-LR-23.jpg?bwg=1682352320\"                   src=\"https:\/\/max-emden.de\/wordpress\/wp-content\/uploads\/photo-gallery\/thumb\/150-Jahre-Max-LR-23.jpg?bwg=1682352320\"                   alt=\"150-Jahre-Max-LR-23\"                   title=\"150-Jahre-Max-LR-23\" \/>            <\/div>            <div class=\"\">                                                      <\/div>          <\/div>        <\/div>                        <\/a>              <\/div>            <div class=\"bwg-item\">        <a class=\"bwg-a  bwg_lightbox\"  data-image-id=\"7406\" href=\"https:\/\/max-emden.de\/wordpress\/wp-content\/uploads\/photo-gallery\/150-Jahre-Max-LR-24.jpg?bwg=1682352320\" data-elementor-open-lightbox=\"no\">                <div class=\"bwg-item0 \">          <div class=\"bwg-item1 \">            <div class=\"bwg-item2\">              <img decoding=\"async\" class=\"skip-lazy bwg_standart_thumb_img_0 \"                   data-id=\"7406\"                   data-width=\"300.00\"                   data-height=\"225.00\"                   data-src=\"https:\/\/max-emden.de\/wordpress\/wp-content\/uploads\/photo-gallery\/thumb\/150-Jahre-Max-LR-24.jpg?bwg=1682352320\"                   src=\"https:\/\/max-emden.de\/wordpress\/wp-content\/uploads\/photo-gallery\/thumb\/150-Jahre-Max-LR-24.jpg?bwg=1682352320\"                   alt=\"150-Jahre-Max-LR-24\"                   title=\"150-Jahre-Max-LR-24\" \/>            <\/div>            <div class=\"\">                                                      <\/div>          <\/div>        <\/div>                        <\/a>              <\/div>            <div class=\"bwg-item\">        <a class=\"bwg-a  bwg_lightbox\"  data-image-id=\"7407\" href=\"https:\/\/max-emden.de\/wordpress\/wp-content\/uploads\/photo-gallery\/150-Jahre-Max-LR-26.jpg?bwg=1682352320\" data-elementor-open-lightbox=\"no\">                <div class=\"bwg-item0 \">          <div class=\"bwg-item1 \">            <div class=\"bwg-item2\">              <img decoding=\"async\" class=\"skip-lazy bwg_standart_thumb_img_0 \"                   data-id=\"7407\"                   data-width=\"300.00\"                   data-height=\"225.00\"                   data-src=\"https:\/\/max-emden.de\/wordpress\/wp-content\/uploads\/photo-gallery\/thumb\/150-Jahre-Max-LR-26.jpg?bwg=1682352320\"                   src=\"https:\/\/max-emden.de\/wordpress\/wp-content\/uploads\/photo-gallery\/thumb\/150-Jahre-Max-LR-26.jpg?bwg=1682352320\"                   alt=\"150-Jahre-Max-LR-26\"                   title=\"150-Jahre-Max-LR-26\" \/>            <\/div>            <div class=\"\">                                                      <\/div>          <\/div>        <\/div>                        <\/a>              <\/div>            <div class=\"bwg-item\">        <a class=\"bwg-a  bwg_lightbox\"  data-image-id=\"7408\" href=\"https:\/\/max-emden.de\/wordpress\/wp-content\/uploads\/photo-gallery\/150-Jahre-Max-LR-27.jpg?bwg=1682352320\" data-elementor-open-lightbox=\"no\">                <div class=\"bwg-item0 \">          <div class=\"bwg-item1 \">            <div class=\"bwg-item2\">              <img decoding=\"async\" class=\"skip-lazy bwg_standart_thumb_img_0 \"                   data-id=\"7408\"                   data-width=\"225.00\"                   data-height=\"300.00\"                   data-src=\"https:\/\/max-emden.de\/wordpress\/wp-content\/uploads\/photo-gallery\/thumb\/150-Jahre-Max-LR-27.jpg?bwg=1682352320\"                   src=\"https:\/\/max-emden.de\/wordpress\/wp-content\/uploads\/photo-gallery\/thumb\/150-Jahre-Max-LR-27.jpg?bwg=1682352320\"                   alt=\"150-Jahre-Max-LR-27\"                   title=\"150-Jahre-Max-LR-27\" \/>            <\/div>            <div class=\"\">                                                      <\/div>          <\/div>        <\/div>                        <\/a>              <\/div>            <div class=\"bwg-item\">        <a class=\"bwg-a  bwg_lightbox\"  data-image-id=\"7409\" href=\"https:\/\/max-emden.de\/wordpress\/wp-content\/uploads\/photo-gallery\/150-Jahre-Max-LR-25.jpg?bwg=1682352320\" data-elementor-open-lightbox=\"no\">                <div class=\"bwg-item0 \">          <div class=\"bwg-item1 \">            <div class=\"bwg-item2\">              <img decoding=\"async\" class=\"skip-lazy bwg_standart_thumb_img_0 \"                   data-id=\"7409\"                   data-width=\"300.00\"                   data-height=\"225.00\"                   data-src=\"https:\/\/max-emden.de\/wordpress\/wp-content\/uploads\/photo-gallery\/thumb\/150-Jahre-Max-LR-25.jpg?bwg=1682352320\"                   src=\"https:\/\/max-emden.de\/wordpress\/wp-content\/uploads\/photo-gallery\/thumb\/150-Jahre-Max-LR-25.jpg?bwg=1682352320\"                   alt=\"150-Jahre-Max-LR-25\"                   title=\"150-Jahre-Max-LR-25\" \/>            <\/div>            <div class=\"\">                                                      <\/div>          <\/div>        <\/div>                        <\/a>              <\/div>            <div class=\"bwg-item\">        <a class=\"bwg-a  bwg_lightbox\"  data-image-id=\"7410\" href=\"https:\/\/max-emden.de\/wordpress\/wp-content\/uploads\/photo-gallery\/150-Jahre-Max-LR-28.jpg?bwg=1682352320\" data-elementor-open-lightbox=\"no\">                <div class=\"bwg-item0 \">          <div class=\"bwg-item1 \">            <div class=\"bwg-item2\">              <img decoding=\"async\" class=\"skip-lazy bwg_standart_thumb_img_0 \"                   data-id=\"7410\"                   data-width=\"225.00\"                   data-height=\"300.00\"                   data-src=\"https:\/\/max-emden.de\/wordpress\/wp-content\/uploads\/photo-gallery\/thumb\/150-Jahre-Max-LR-28.jpg?bwg=1682352320\"                   src=\"https:\/\/max-emden.de\/wordpress\/wp-content\/uploads\/photo-gallery\/thumb\/150-Jahre-Max-LR-28.jpg?bwg=1682352320\"                   alt=\"150-Jahre-Max-LR-28\"                   title=\"150-Jahre-Max-LR-28\" \/>            <\/div>            <div class=\"\">                                                      <\/div>          <\/div>        <\/div>                        <\/a>              <\/div>            <div class=\"bwg-item\">        <a class=\"bwg-a  bwg_lightbox\"  data-image-id=\"7411\" href=\"https:\/\/max-emden.de\/wordpress\/wp-content\/uploads\/photo-gallery\/150-Jahre-Max-LR-29.jpg?bwg=1682352320\" data-elementor-open-lightbox=\"no\">                <div class=\"bwg-item0 \">          <div class=\"bwg-item1 \">            <div class=\"bwg-item2\">              <img decoding=\"async\" class=\"skip-lazy bwg_standart_thumb_img_0 \"                   data-id=\"7411\"                   data-width=\"300.00\"                   data-height=\"225.00\"                   data-src=\"https:\/\/max-emden.de\/wordpress\/wp-content\/uploads\/photo-gallery\/thumb\/150-Jahre-Max-LR-29.jpg?bwg=1682352320\"                   src=\"https:\/\/max-emden.de\/wordpress\/wp-content\/uploads\/photo-gallery\/thumb\/150-Jahre-Max-LR-29.jpg?bwg=1682352320\"                   alt=\"150-Jahre-Max-LR-29\"                   title=\"150-Jahre-Max-LR-29\" \/>            <\/div>            <div class=\"\">                                                      <\/div>          <\/div>        <\/div>                        <\/a>              <\/div>            <div class=\"bwg-item\">        <a class=\"bwg-a  bwg_lightbox\"  data-image-id=\"7412\" href=\"https:\/\/max-emden.de\/wordpress\/wp-content\/uploads\/photo-gallery\/150-Jahre-Max-LR-30.jpg?bwg=1682352320\" data-elementor-open-lightbox=\"no\">                <div class=\"bwg-item0 \">          <div class=\"bwg-item1 \">            <div class=\"bwg-item2\">              <img decoding=\"async\" class=\"skip-lazy bwg_standart_thumb_img_0 \"                   data-id=\"7412\"                   data-width=\"225.00\"                   data-height=\"300.00\"                   data-src=\"https:\/\/max-emden.de\/wordpress\/wp-content\/uploads\/photo-gallery\/thumb\/150-Jahre-Max-LR-30.jpg?bwg=1682352320\"                   src=\"https:\/\/max-emden.de\/wordpress\/wp-content\/uploads\/photo-gallery\/thumb\/150-Jahre-Max-LR-30.jpg?bwg=1682352320\"                   alt=\"150-Jahre-Max-LR-30\"                   title=\"150-Jahre-Max-LR-30\" \/>            <\/div>            <div class=\"\">                                                      <\/div>          <\/div>        <\/div>                        <\/a>              <\/div>          <\/div>    <style>      \/*pagination styles*\/      #bwg_container1_0 #bwg_container2_0 .tablenav-pages_0 {\t\t\t\ttext-align: center;\t\t\t\tfont-size: 12px;\t\t\t\tfont-family: segoe ui;\t\t\t\tfont-weight: bold;\t\t\t\tcolor: #666666;\t\t\t\tmargin: 6px 0 4px;\t\t\t\tdisplay: block;      }      @media only screen and (max-width : 320px) {      #bwg_container1_0 #bwg_container2_0 .displaying-num_0 {     \t display: none;      }      }      #bwg_container1_0 #bwg_container2_0 .displaying-num_0 {\t\t\t\tfont-size: 12px;\t\t\t\tfont-family: segoe ui;\t\t\t\tfont-weight: bold;\t\t\t\tcolor: #666666;\t\t\t\tmargin-right: 10px;\t\t\t\tvertical-align: middle;      }      #bwg_container1_0 #bwg_container2_0 .paging-input_0 {\t\t\t\tfont-size: 12px;\t\t\t\tfont-family: segoe ui;\t\t\t\tfont-weight: bold;\t\t\t\tcolor: #666666;\t\t\t\tvertical-align: middle;      }      #bwg_container1_0 #bwg_container2_0 .tablenav-pages_0 a.disabled,      #bwg_container1_0 #bwg_container2_0 .tablenav-pages_0 a.disabled:hover,      #bwg_container1_0 #bwg_container2_0 .tablenav-pages_0 a.disabled:focus,\t\t\t#bwg_container1_0 #bwg_container2_0 .tablenav-pages_0 input.bwg_current_page {\t\t\t\tcursor: default;\t\t\t\tcolor: rgba(102, 102, 102, 0.5);      }      #bwg_container1_0 #bwg_container2_0 .tablenav-pages_0 a,      #bwg_container1_0 #bwg_container2_0 .tablenav-pages_0 input.bwg_current_page {\t\t\t\tcursor: pointer;\t\t\t\ttext-align: center;\t\t\t\tfont-size: 12px;\t\t\t\tfont-family: segoe ui;\t\t\t\tfont-weight: bold;\t\t\t\tcolor: #666666;\t\t\t\ttext-decoration: none;\t\t\t\tpadding: 3px 6px;\t\t\t\tmargin: 0;\t\t\t\tborder-radius: 0;\t\t\t\tborder-style: solid;\t\t\t\tborder-width: 1px;\t\t\t\tborder-color: #E3E3E3;\t\t\t\t\t\t\t\tbackground-color: rgba(255, 255, 255, 1.00);\t\t\t\tbox-shadow: 0;\t\t\t\ttransition: all 0.3s ease 0s;-webkit-transition: all 0.3s ease 0s;      }      <\/style>      <span class=\"bwg_nav_cont_0\">              <div class=\"tablenav-pages_0\">                      <span class=\"pagination-links_0 pagination-links\" data-pages-count=\"2\">              <span class=\"pagination-links_col1\">              <a class=\"bwg-a first-page disabled\" title=\"Zur ersten Seite\" >\u00ab<\/a>              <a class=\"bwg-a prev-page disabled\" title=\"Zur vorherigen Seite\" >\u2039<\/a>              <\/span>\t\t\t\t\t\t\t<span class=\"pagination-links_col2\">\t\t\t\t\t\t\t\t\t<input type=\"number\" class=\"bwg_current_page\" name=\"bwg_current_page\" value=\"1\" data-url-info=\"page_number_0\" onkeypress=\"return bwg_change_page_0(event, this)\" min=\"1\" oninput=\"validity.valid||(value='')\" \/>\t\t\t\t\t\t\t\t\t\tvon\t\t\t\t\t\t\t\t\t\t<span class=\"total-pages_0\">\t\t\t\t\t\t\t\t\t\t\t2\t\t\t\t\t\t\t\t\t\t<\/span>\t\t\t\t\t\t\t<\/span>              <span class=\"pagination-links_col3\">                <a class=\"bwg-a next-page-0\" title=\"Zur n\u00e4chsten Seite\" href=\"\/wordpress\/wp-json\/wp\/v2\/posts\/15552?page_number_0=2\">\u203a<\/a>                <a class=\"bwg-a last-page-0\" title=\"Zur letzten Seite\" href=\"\/wordpress\/wp-json\/wp\/v2\/posts\/15552?page_number_0=2\">\u00bb<\/a>              <\/span>\t\t\t\t\t\t<\/span>\t\t\t\t\t\t        <\/div>                <input type=\"hidden\" id=\"page_number_0\" name=\"page_number_0\" value=\"1\" \/>      <script type=\"text\/javascript\">        if( jQuery('.bwg_nav_cont_0').length > 1 ) {          jQuery('.bwg_nav_cont_0').first().remove()        }        function spider_page_0(cur, x, y, load_more) {          if (typeof load_more == \"undefined\") {            var load_more = false;          }          if (jQuery(cur).hasClass('disabled')) {            return false;          }          var items_county_0 = 2;          switch (y) {            case 1:              if (x >= items_county_0) {                document.getElementById('page_number_0').value = items_county_0;              }              else {                document.getElementById('page_number_0').value = x + 1;              }              break;            case 2:              document.getElementById('page_number_0').value = items_county_0;              break;            case -1:              if (x == 1) {                document.getElementById('page_number_0').value = 1;              }              else {                document.getElementById('page_number_0').value = x - 1;              }              break;            case -2:              document.getElementById('page_number_0').value = 1;              break;\t\t\t\t\t\tcase 0:              document.getElementById('page_number_0').value = x;              break;            default:              document.getElementById('page_number_0').value = 1;          }          bwg_ajax('gal_front_form_0', '0', 'bwg_thumbnails_0', '0', '', 'gallery', 0, '', '', load_more, '', 1);        }                    jQuery('.first-page disabled').on('click', function () {              spider_page_0(this, 1, -2, 'numeric');              return false;            });            jQuery('.prev-page disabled').on('click', function () {              spider_page_0(this, 1, -1, 'numeric');              return false;            });            jQuery('.next-page-0').on('click', function () {              spider_page_0(this, 1, 1, 'numeric');              return false;            });            jQuery('.last-page-0').on('click', function () {              spider_page_0(this, 1, 2, 'numeric');              return false;            });        \t\t\t\t\/* Change page on input enter. *\/        function bwg_change_page_0( e, that ) {          if (  e.key == 'Enter' ) {            var to_page = parseInt(jQuery(that).val());            var pages_count = jQuery(that).parents(\".pagination-links\").data(\"pages-count\");            var current_url_param = jQuery(that).attr('data-url-info');            if (to_page > pages_count) {              to_page = 1;            }\t \t\t\t\t\t\t\t\t\t\t\t\tspider_page_0(this, to_page, 0, 'numeric');\t\t\t\t\t\t\treturn false;\t\t\t\t\t\t          }          return true;        }        jQuery('.bwg_load_btn_0').on('click', function () {            spider_page_0(this, 1, 1, true);            return false;        });      <\/script>      <\/span>                <\/div>        <\/form>        <style>          #bwg_container1_0 #bwg_container2_0 #spider_popup_overlay_0 {          background-color: #000000;          opacity: 0.70;          }          <\/style>        <div id=\"bwg_spider_popup_loading_0\" class=\"bwg_spider_popup_loading\"><\/div>        <div id=\"spider_popup_overlay_0\" class=\"spider_popup_overlay\" onclick=\"spider_destroypopup(1000)\"><\/div>        <input type=\"hidden\" id=\"bwg_random_seed_0\" value=\"1150581487\">                <\/div>    <\/div>    <script>      if (document.readyState === 'complete') {        if( typeof bwg_main_ready == 'function' ) {          if ( jQuery(\"#bwg_container1_0\").height() ) {            bwg_main_ready(jQuery(\"#bwg_container1_0\"));          }        }      } else {        document.addEventListener('DOMContentLoaded', function() {          if( typeof bwg_main_ready == 'function' ) {            if ( jQuery(\"#bwg_container1_0\").height() ) {             bwg_main_ready(jQuery(\"#bwg_container1_0\"));            }          }        });      }    <\/script>    \n<p>&nbsp;<\/p>\n<p>&nbsp;<\/p>\n<p>&nbsp;<\/p>\n<p>&nbsp;<\/p>\n<p>&nbsp;<\/p>\n<p>&nbsp;<\/p>\n<p>&nbsp;<\/p>\n","protected":false},"excerpt":{"rendered":"<p>Nach dem Festakt im Februar eine weitere Veranstaltung im Jubil\u00e4umsjahr: Unter dem Motto \u201e150 Jahre Max-Windm\u00fcller-Gymnasium: Gestern &#8211; Heute \u2013 Morgen\u201c befasste sich das Max<a class=\"moretag\" href=\"https:\/\/max-emden.de\/wordpress\/150-jahre-max-windmueller-gymnasium-projekttag-mit-vielen-gaesten-und-aktionen\/\"> [&#8230;]<\/a><\/p>\n","protected":false},"author":3,"featured_media":15563,"comment_status":"closed","ping_status":"closed","sticky":false,"template":"","format":"standard","meta":{"footnotes":""},"categories":[9,89],"tags":[96],"class_list":["post-15552","post","type-post","status-publish","format-standard","has-post-thumbnail","hentry","category-max-windmueller","category-unesco","tag-aktuell"],"_links":{"self":[{"href":"https:\/\/max-emden.de\/wordpress\/wp-json\/wp\/v2\/posts\/15552","targetHints":{"allow":["GET"]}}],"collection":[{"href":"https:\/\/max-emden.de\/wordpress\/wp-json\/wp\/v2\/posts"}],"about":[{"href":"https:\/\/max-emden.de\/wordpress\/wp-json\/wp\/v2\/types\/post"}],"author":[{"embeddable":true,"href":"https:\/\/max-emden.de\/wordpress\/wp-json\/wp\/v2\/users\/3"}],"replies":[{"embeddable":true,"href":"https:\/\/max-emden.de\/wordpress\/wp-json\/wp\/v2\/comments?post=15552"}],"version-history":[{"count":3,"href":"https:\/\/max-emden.de\/wordpress\/wp-json\/wp\/v2\/posts\/15552\/revisions"}],"predecessor-version":[{"id":15567,"href":"https:\/\/max-emden.de\/wordpress\/wp-json\/wp\/v2\/posts\/15552\/revisions\/15567"}],"wp:featuredmedia":[{"embeddable":true,"href":"https:\/\/max-emden.de\/wordpress\/wp-json\/wp\/v2\/media\/15563"}],"wp:attachment":[{"href":"https:\/\/max-emden.de\/wordpress\/wp-json\/wp\/v2\/media?parent=15552"}],"wp:term":[{"taxonomy":"category","embeddable":true,"href":"https:\/\/max-emden.de\/wordpress\/wp-json\/wp\/v2\/categories?post=15552"},{"taxonomy":"post_tag","embeddable":true,"href":"https:\/\/max-emden.de\/wordpress\/wp-json\/wp\/v2\/tags?post=15552"}],"curies":[{"name":"wp","href":"https:\/\/api.w.org\/{rel}","templated":true}]}}