{"id":15633,"date":"2023-05-10T17:46:21","date_gmt":"2023-05-10T15:46:21","guid":{"rendered":"https:\/\/max-emden.de\/wordpress\/?p=15633"},"modified":"2023-06-04T16:40:41","modified_gmt":"2023-06-04T14:40:41","slug":"jtfo-fussball-max-wk-iii-jungen-schreiben-sich-in-die-geschichtsbuecher-ein","status":"publish","type":"post","link":"https:\/\/max-emden.de\/wordpress\/jtfo-fussball-max-wk-iii-jungen-schreiben-sich-in-die-geschichtsbuecher-ein\/","title":{"rendered":"JtfO Fu\u00dfball: Max WK III Jungen schreiben sich in die Geschichtsb\u00fccher ein!"},"content":{"rendered":"<p>Nachdem sich beide Max-Jungenmannschaften souver\u00e4n gegen die anderen Emder Schulen durchgesetzt und f\u00fcr den Kreisgruppenentscheid gegen die Sieger aus den Nachbarkreisen Aurich und Leer qualifiziert hatten, blickten alle Beteiligten nun gespannt darauf, wie die Teams sich dort schlagen w\u00fcrden.<\/p>\n<p>Die J\u00fcngsten der WK IV (2011\/12) starteten wiederum hochkonzentriert und motiviert ins Turnier und verschafften sich durch zwei Siege gegen die IGS Moormerland (4:0 und 3:0) eine gl\u00e4nzende Ausgangsposition f\u00fcr die beiden Spiele gegen die mitfavorisierte KGS Gro\u00dfefehn. Und fast w\u00e4re ihnen zum Auftakt auch ein Sieg gegen die sehr spielstarken Fehntjer gegl\u00fcckt, die aber unsere 1:0 F\u00fchrung noch in ein Unentschieden umwandeln konnten. Durch das um drei Tore bessere Torverh\u00e4ltnis der KGS, die ihre Spiele gegen Moormerland ebenfalls glatt gewonnen hatte (beide Male 5:0), musste nun im entscheidenden R\u00fcckspiel unbedingt ein Sieg f\u00fcrs Max her, wollte man sich als erstes Jungenteam des Max \u00fcberhaupt f\u00fcr das Bezirksfinale qualifizieren. Vielleicht war der Druck einfach zu gro\u00df? In jedem Fall konnten unsere Jungs in keiner Phase des Spiels an ihre ansonsten exzellenten Leistungen ankn\u00fcpfen, sodass wir am Ende den in diesem Spiel eindeutig \u00fcberlegenen Fehntjern mit 3:0 den Vortritt und damit die Fahrkarte nach Vechta \u00fcberlassen mussten.<\/p>\n<figure id=\"attachment_15634\" aria-describedby=\"caption-attachment-15634\" style=\"width: 747px\" class=\"wp-caption alignnone\"><a href=\"https:\/\/max-emden.de\/wordpress\/wp-content\/uploads\/2023\/05\/K1600_Kreisentscheid-WK-IV-Jungen.jpg\"><img fetchpriority=\"high\" decoding=\"async\" class=\"wp-image-15634 size-large\" src=\"https:\/\/max-emden.de\/wordpress\/wp-content\/uploads\/2023\/05\/K1600_Kreisentscheid-WK-IV-Jungen-1024x722.jpg\" alt=\"\" width=\"747\" height=\"527\" srcset=\"https:\/\/max-emden.de\/wordpress\/wp-content\/uploads\/2023\/05\/K1600_Kreisentscheid-WK-IV-Jungen-1024x722.jpg 1024w, https:\/\/max-emden.de\/wordpress\/wp-content\/uploads\/2023\/05\/K1600_Kreisentscheid-WK-IV-Jungen-300x211.jpg 300w, https:\/\/max-emden.de\/wordpress\/wp-content\/uploads\/2023\/05\/K1600_Kreisentscheid-WK-IV-Jungen-768x541.jpg 768w, https:\/\/max-emden.de\/wordpress\/wp-content\/uploads\/2023\/05\/K1600_Kreisentscheid-WK-IV-Jungen-1536x1082.jpg 1536w, https:\/\/max-emden.de\/wordpress\/wp-content\/uploads\/2023\/05\/K1600_Kreisentscheid-WK-IV-Jungen-120x85.jpg 120w, https:\/\/max-emden.de\/wordpress\/wp-content\/uploads\/2023\/05\/K1600_Kreisentscheid-WK-IV-Jungen.jpg 1703w\" sizes=\"(max-width: 747px) 100vw, 747px\" \/><\/a><figcaption id=\"caption-attachment-15634\" class=\"wp-caption-text\"><em>F\u00fcr das Max traten an: Ezekiel Esadore, Ilya Ferizay, Leon Behrami, Mats Kleinsteuber, Matthias Buffen, Max Vierke, Neo Stomberg, Paul Saueressig, Till Gravemann, Tom Poppinga<\/em><\/figcaption><\/figure>\n<p>Was den J\u00fcngsten also verwehrt blieb, sollte nun also die WK III richten, die ebenfalls mit jeder Menge Vorschusslorbeeren in das Turnier ging, hatte sie doch im letzten Schuljahr mit dem Gewinn des Werder-Cups bereits ordentlich f\u00fcr Furore gesorgt. Nun galt es f\u00fcr das Team aber, auch auf dem Gro\u00dffeld im 11 gegen 11 gegen die Auricher und Leeraner Teams zu bestehen. Kein leichtes Unterfangen: Das Auftaktmatch gegen das Ubbo-Emmius-Gymnasium aus Leer geriet trotz der fr\u00fchen F\u00fchrung durch den weit aufger\u00fcckten Innenverteidiger Felix zur Zitterpartie, da das Team es trotz dr\u00fcckender \u00dcberlegenheit nicht schaffte, eine der sich zahlreich bietenden klaren Chancen zum beruhigenden 2:0 zu verwandeln, sodass den Leeranern kurz vor Ende fast aus dem Nichts sogar noch der Ausgleich gelungen w\u00e4re.<\/p>\n<p>So aber war klar: Ein weiterer Sieg \u00fcber die KGS Wiesmoor w\u00fcrde das so sehr ersehnte Ticket nach Vechta sichern. Auch hier ging das Max wieder schnell mit 1:0 durch Kapit\u00e4n Hannes in F\u00fchrung, aber auch hier wollte das beruhigende zweite Tor nicht fallen. Stattdessen konnte die KGs mit ihrem bis dahin einzigen Angriff sogar den Ausgleich erzielen, was kurzzeitig f\u00fcr h\u00e4ngende K\u00f6pfe sorgte. Dann aber ging ein Ruck durch die ganze Mannschaft und die erneute F\u00fchrung durch Mittelst\u00fcrmer Jalte wirkte als Dosen\u00f6ffner f\u00fcr das letztlich ungef\u00e4hrdete 6:1. Die weiteren Treffer erzielten wiederum Jalte, Felix, Enno und Loet.<\/p>\n<p>Damit stand fest: Der Traum von Berlin lebt weiter!<\/p>\n<figure id=\"attachment_15635\" aria-describedby=\"caption-attachment-15635\" style=\"width: 747px\" class=\"wp-caption alignnone\"><a href=\"https:\/\/max-emden.de\/wordpress\/wp-content\/uploads\/2023\/05\/K1600_WKIII-2023.jpg\"><img decoding=\"async\" class=\"wp-image-15635 size-large\" src=\"https:\/\/max-emden.de\/wordpress\/wp-content\/uploads\/2023\/05\/K1600_WKIII-2023-1024x617.jpg\" alt=\"\" width=\"747\" height=\"450\" srcset=\"https:\/\/max-emden.de\/wordpress\/wp-content\/uploads\/2023\/05\/K1600_WKIII-2023-1024x617.jpg 1024w, https:\/\/max-emden.de\/wordpress\/wp-content\/uploads\/2023\/05\/K1600_WKIII-2023-300x181.jpg 300w, https:\/\/max-emden.de\/wordpress\/wp-content\/uploads\/2023\/05\/K1600_WKIII-2023-768x463.jpg 768w, https:\/\/max-emden.de\/wordpress\/wp-content\/uploads\/2023\/05\/K1600_WKIII-2023-1536x926.jpg 1536w, https:\/\/max-emden.de\/wordpress\/wp-content\/uploads\/2023\/05\/K1600_WKIII-2023.jpg 1990w\" sizes=\"(max-width: 747px) 100vw, 747px\" \/><\/a><figcaption id=\"caption-attachment-15635\" class=\"wp-caption-text\"><em>F\u00fcr das Max traten an: Belal Omar, EnnoThiele, Felix Rosenfeld, Hannes Liedtke, Jaden Gashi, Jalte Andiek, Joel Weerda, Jonas Baumann, Loet Firus, Milad Eskandari, Ole Heinks, Philipp Rothe<\/em><\/figcaption><\/figure>\n<p>&nbsp;<\/p>\n<p>&nbsp;<\/p>\n","protected":false},"excerpt":{"rendered":"<p>Nachdem sich beide Max-Jungenmannschaften souver\u00e4n gegen die anderen Emder Schulen durchgesetzt und f\u00fcr den Kreisgruppenentscheid gegen die Sieger aus den Nachbarkreisen Aurich und Leer qualifiziert<a class=\"moretag\" href=\"https:\/\/max-emden.de\/wordpress\/jtfo-fussball-max-wk-iii-jungen-schreiben-sich-in-die-geschichtsbuecher-ein\/\"> [&#8230;]<\/a><\/p>\n","protected":false},"author":3,"featured_media":15635,"comment_status":"closed","ping_status":"closed","sticky":false,"template":"","format":"standard","meta":{"footnotes":""},"categories":[52],"tags":[96],"class_list":["post-15633","post","type-post","status-publish","format-standard","has-post-thumbnail","hentry","category-sport","tag-aktuell"],"_links":{"self":[{"href":"https:\/\/max-emden.de\/wordpress\/wp-json\/wp\/v2\/posts\/15633","targetHints":{"allow":["GET"]}}],"collection":[{"href":"https:\/\/max-emden.de\/wordpress\/wp-json\/wp\/v2\/posts"}],"about":[{"href":"https:\/\/max-emden.de\/wordpress\/wp-json\/wp\/v2\/types\/post"}],"author":[{"embeddable":true,"href":"https:\/\/max-emden.de\/wordpress\/wp-json\/wp\/v2\/users\/3"}],"replies":[{"embeddable":true,"href":"https:\/\/max-emden.de\/wordpress\/wp-json\/wp\/v2\/comments?post=15633"}],"version-history":[{"count":1,"href":"https:\/\/max-emden.de\/wordpress\/wp-json\/wp\/v2\/posts\/15633\/revisions"}],"predecessor-version":[{"id":15636,"href":"https:\/\/max-emden.de\/wordpress\/wp-json\/wp\/v2\/posts\/15633\/revisions\/15636"}],"wp:featuredmedia":[{"embeddable":true,"href":"https:\/\/max-emden.de\/wordpress\/wp-json\/wp\/v2\/media\/15635"}],"wp:attachment":[{"href":"https:\/\/max-emden.de\/wordpress\/wp-json\/wp\/v2\/media?parent=15633"}],"wp:term":[{"taxonomy":"category","embeddable":true,"href":"https:\/\/max-emden.de\/wordpress\/wp-json\/wp\/v2\/categories?post=15633"},{"taxonomy":"post_tag","embeddable":true,"href":"https:\/\/max-emden.de\/wordpress\/wp-json\/wp\/v2\/tags?post=15633"}],"curies":[{"name":"wp","href":"https:\/\/api.w.org\/{rel}","templated":true}]}}