{"id":15664,"date":"2023-05-16T08:47:51","date_gmt":"2023-05-16T06:47:51","guid":{"rendered":"https:\/\/max-emden.de\/wordpress\/?p=15664"},"modified":"2023-06-05T10:22:12","modified_gmt":"2023-06-05T08:22:12","slug":"erfolgreiche-blutspende-aktion-des-abi-jahrganges","status":"publish","type":"post","link":"https:\/\/max-emden.de\/wordpress\/erfolgreiche-blutspende-aktion-des-abi-jahrganges\/","title":{"rendered":"Erfolgreiche Blutspende-Aktion des Abi-Jahrganges"},"content":{"rendered":"<figure id=\"attachment_15667\" aria-describedby=\"caption-attachment-15667\" style=\"width: 747px\" class=\"wp-caption alignnone\"><a href=\"https:\/\/max-emden.de\/wordpress\/wp-content\/uploads\/2023\/05\/K1600_20230515_202434.jpg\"><img fetchpriority=\"high\" decoding=\"async\" class=\"wp-image-15667 size-large\" src=\"https:\/\/max-emden.de\/wordpress\/wp-content\/uploads\/2023\/05\/K1600_20230515_202434-1024x577.jpg\" alt=\"\" width=\"747\" height=\"421\" srcset=\"https:\/\/max-emden.de\/wordpress\/wp-content\/uploads\/2023\/05\/K1600_20230515_202434-1024x577.jpg 1024w, https:\/\/max-emden.de\/wordpress\/wp-content\/uploads\/2023\/05\/K1600_20230515_202434-300x169.jpg 300w, https:\/\/max-emden.de\/wordpress\/wp-content\/uploads\/2023\/05\/K1600_20230515_202434-768x432.jpg 768w, https:\/\/max-emden.de\/wordpress\/wp-content\/uploads\/2023\/05\/K1600_20230515_202434-1536x865.jpg 1536w, https:\/\/max-emden.de\/wordpress\/wp-content\/uploads\/2023\/05\/K1600_20230515_202434-2048x1153.jpg 2048w, https:\/\/max-emden.de\/wordpress\/wp-content\/uploads\/2023\/05\/K1600_20230515_202434-388x220.jpg 388w\" sizes=\"(max-width: 747px) 100vw, 747px\" \/><\/a><figcaption id=\"caption-attachment-15667\" class=\"wp-caption-text\"><em>Louisa Franke, Reiko Miege, Uljana Bashcheva, Naomi Kalu (v.l.) und Sabrina Neubert (vorn) waren beim Blutspendenachmittag dabei.<\/em><\/figcaption><\/figure>\n<p>Leben retten und den Abiturienten helfen- \u00fcber 100 Blutspender haben am Montag gleich doppelt Gutes getan! Von 16 &#8211; 20 Uhr verwandelte der diesj\u00e4hrige Abi-Jahrgang das Max in ein Blutspende-Lokal: Nach der Anmeldung in der Pausenhalle gab es im Besprechungsraum das Gespr\u00e4ch mit der \u00c4rztin, bevor es f\u00fcr die Spender:innen im Konferenzraum auf die Spende-Liege ging. In der Mensa konnten sich die G\u00e4ste dann bei leckerem Kaffee und Kuchen erholen, der von den Abiturienten des diesj\u00e4hrigen Jahrganges gebacken worden war.<\/p>\n<p>Nach der Blutspendeaktion des Klimaparlamentes im vergangenen Jahr f\u00fchrte erstmals der Abi-Jahrgang eine solche Aktion durch &#8211; und zwar mit viel Erfolg:\u00a0 \u00dcber 100 Blutspender fanden sich am Max ein, darunter mit einem Viertel der G\u00e4ste auch viele Erstspender aus den Jahrg\u00e4ngen 12 und 13, die bereits das Mindestspendealter von 18 Jahren erreicht haben. Bereits jetzt laufen die ersten Planungen f\u00fcr die n\u00e4chste Spendeaktion am Max- dann bereits f\u00fcr den n\u00e4chsten Jahrgang, der 2024 das Abitur ablegen wird.<\/p>\n<p>Allen Spendern und nat\u00fcrlich dem DRK-Blutspendedienst herzlichen Dank &#8211; und bis zum n\u00e4chsten Mal!<\/p>\n<p>Weitere Informationen zur Blutspende gibt es hier:\u00a0<a href=\"https:\/\/www.drk-blutspende.de\/\">https:\/\/www.drk-blutspende.de\/<\/a><\/p>\n","protected":false},"excerpt":{"rendered":"<p>Leben retten und den Abiturienten helfen- \u00fcber 100 Blutspender haben am Montag gleich doppelt Gutes getan! Von 16 &#8211; 20 Uhr verwandelte der diesj\u00e4hrige Abi-Jahrgang<a class=\"moretag\" href=\"https:\/\/max-emden.de\/wordpress\/erfolgreiche-blutspende-aktion-des-abi-jahrganges\/\"> [&#8230;]<\/a><\/p>\n","protected":false},"author":3,"featured_media":15667,"comment_status":"closed","ping_status":"closed","sticky":false,"template":"","format":"standard","meta":{"footnotes":""},"categories":[36],"tags":[96],"class_list":["post-15664","post","type-post","status-publish","format-standard","has-post-thumbnail","hentry","category-klasse-56","tag-aktuell"],"_links":{"self":[{"href":"https:\/\/max-emden.de\/wordpress\/wp-json\/wp\/v2\/posts\/15664","targetHints":{"allow":["GET"]}}],"collection":[{"href":"https:\/\/max-emden.de\/wordpress\/wp-json\/wp\/v2\/posts"}],"about":[{"href":"https:\/\/max-emden.de\/wordpress\/wp-json\/wp\/v2\/types\/post"}],"author":[{"embeddable":true,"href":"https:\/\/max-emden.de\/wordpress\/wp-json\/wp\/v2\/users\/3"}],"replies":[{"embeddable":true,"href":"https:\/\/max-emden.de\/wordpress\/wp-json\/wp\/v2\/comments?post=15664"}],"version-history":[{"count":1,"href":"https:\/\/max-emden.de\/wordpress\/wp-json\/wp\/v2\/posts\/15664\/revisions"}],"predecessor-version":[{"id":15668,"href":"https:\/\/max-emden.de\/wordpress\/wp-json\/wp\/v2\/posts\/15664\/revisions\/15668"}],"wp:featuredmedia":[{"embeddable":true,"href":"https:\/\/max-emden.de\/wordpress\/wp-json\/wp\/v2\/media\/15667"}],"wp:attachment":[{"href":"https:\/\/max-emden.de\/wordpress\/wp-json\/wp\/v2\/media?parent=15664"}],"wp:term":[{"taxonomy":"category","embeddable":true,"href":"https:\/\/max-emden.de\/wordpress\/wp-json\/wp\/v2\/categories?post=15664"},{"taxonomy":"post_tag","embeddable":true,"href":"https:\/\/max-emden.de\/wordpress\/wp-json\/wp\/v2\/tags?post=15664"}],"curies":[{"name":"wp","href":"https:\/\/api.w.org\/{rel}","templated":true}]}}