{"id":15726,"date":"2023-06-04T20:42:32","date_gmt":"2023-06-04T18:42:32","guid":{"rendered":"https:\/\/max-emden.de\/wordpress\/?p=15726"},"modified":"2023-07-02T11:45:29","modified_gmt":"2023-07-02T09:45:29","slug":"2-platz-im-landeswettbewerb-des-sportabzeichenwettbewerbes","status":"publish","type":"post","link":"https:\/\/max-emden.de\/wordpress\/2-platz-im-landeswettbewerb-des-sportabzeichenwettbewerbes\/","title":{"rendered":"2. Platz im Landeswettbewerb des Sportabzeichenwettbewerbes"},"content":{"rendered":"<p align=\"justify\"><a href=\"https:\/\/max-emden.de\/wordpress\/wp-content\/uploads\/2023\/06\/K1600_Sportabzeichenwettbewerb-2023.jpg\"><img fetchpriority=\"high\" decoding=\"async\" class=\"alignnone size-large wp-image-15727\" src=\"https:\/\/max-emden.de\/wordpress\/wp-content\/uploads\/2023\/06\/K1600_Sportabzeichenwettbewerb-2023-1024x809.jpg\" alt=\"\" width=\"747\" height=\"590\" srcset=\"https:\/\/max-emden.de\/wordpress\/wp-content\/uploads\/2023\/06\/K1600_Sportabzeichenwettbewerb-2023-1024x809.jpg 1024w, https:\/\/max-emden.de\/wordpress\/wp-content\/uploads\/2023\/06\/K1600_Sportabzeichenwettbewerb-2023-300x237.jpg 300w, https:\/\/max-emden.de\/wordpress\/wp-content\/uploads\/2023\/06\/K1600_Sportabzeichenwettbewerb-2023-768x607.jpg 768w, https:\/\/max-emden.de\/wordpress\/wp-content\/uploads\/2023\/06\/K1600_Sportabzeichenwettbewerb-2023.jpg 1518w\" sizes=\"(max-width: 747px) 100vw, 747px\" \/><\/a><\/p>\n<p align=\"justify\">Nachdem das Max in diesem Jahr bereits den Sportabzeichenwettbewerb des Stadtsportbundes Emden und der Emder Sparkasse gewinnen konnte, wurde am 01.06.2023 die Ehrung f\u00fcr den Landeswettbewerb vorgenommen. Die Emder Sparkasse und der Stadtsportbund Emden hatten dazu zu einem Treffen auf dem Sportplatz geladen. Die Ehrungen wurden von Jan Junker, Sylvia Daniel-Labohm und Insa Bruns-Breninck vorgenommen. Alle Schulen aus Emden, die am Landeswettbewerb teilgenommen haben, wurden dort geehrt. Dabei erreichte unsere Schule einen hervorragenden 2. Platz in der Landeswertung der mittelgro\u00dfen Schulen f\u00fcr Niedersachsen. Zus\u00e4tzlich zu der Urkunde gab es einen Geldpreis in H\u00f6he von 300 Euro. Dieses Geld kann nun wieder zur\u00fcckflie\u00dfen in den Sportunterricht und die vielen Aktivit\u00e4ten, die an unserer Schule im Sportbereich angeboten werden. Auch im n\u00e4chsten Schuljahr wird das Max wieder an beiden Wettbewerben teilnehmen und hoffentlich maximale Erfolge erringen. Herzlichen Dank an die Emder Sparkasse und den Stadtsportbund Emden f\u00fcr die Unterst\u00fctzung und Organisation dieser Wettbewerbe.<\/p>\n<p style=\"text-align: right;\" align=\"justify\"><em>Frank St\u00fcdemann<\/em><\/p>\n","protected":false},"excerpt":{"rendered":"<p>Nachdem das Max in diesem Jahr bereits den Sportabzeichenwettbewerb des Stadtsportbundes Emden und der Emder Sparkasse gewinnen konnte, wurde am 01.06.2023 die Ehrung f\u00fcr den<a class=\"moretag\" href=\"https:\/\/max-emden.de\/wordpress\/2-platz-im-landeswettbewerb-des-sportabzeichenwettbewerbes\/\"> [&#8230;]<\/a><\/p>\n","protected":false},"author":3,"featured_media":15731,"comment_status":"closed","ping_status":"closed","sticky":false,"template":"","format":"standard","meta":{"footnotes":""},"categories":[52],"tags":[96],"class_list":["post-15726","post","type-post","status-publish","format-standard","has-post-thumbnail","hentry","category-sport","tag-aktuell"],"_links":{"self":[{"href":"https:\/\/max-emden.de\/wordpress\/wp-json\/wp\/v2\/posts\/15726","targetHints":{"allow":["GET"]}}],"collection":[{"href":"https:\/\/max-emden.de\/wordpress\/wp-json\/wp\/v2\/posts"}],"about":[{"href":"https:\/\/max-emden.de\/wordpress\/wp-json\/wp\/v2\/types\/post"}],"author":[{"embeddable":true,"href":"https:\/\/max-emden.de\/wordpress\/wp-json\/wp\/v2\/users\/3"}],"replies":[{"embeddable":true,"href":"https:\/\/max-emden.de\/wordpress\/wp-json\/wp\/v2\/comments?post=15726"}],"version-history":[{"count":2,"href":"https:\/\/max-emden.de\/wordpress\/wp-json\/wp\/v2\/posts\/15726\/revisions"}],"predecessor-version":[{"id":15729,"href":"https:\/\/max-emden.de\/wordpress\/wp-json\/wp\/v2\/posts\/15726\/revisions\/15729"}],"wp:featuredmedia":[{"embeddable":true,"href":"https:\/\/max-emden.de\/wordpress\/wp-json\/wp\/v2\/media\/15731"}],"wp:attachment":[{"href":"https:\/\/max-emden.de\/wordpress\/wp-json\/wp\/v2\/media?parent=15726"}],"wp:term":[{"taxonomy":"category","embeddable":true,"href":"https:\/\/max-emden.de\/wordpress\/wp-json\/wp\/v2\/categories?post=15726"},{"taxonomy":"post_tag","embeddable":true,"href":"https:\/\/max-emden.de\/wordpress\/wp-json\/wp\/v2\/tags?post=15726"}],"curies":[{"name":"wp","href":"https:\/\/api.w.org\/{rel}","templated":true}]}}