{"id":15997,"date":"2023-08-31T15:55:52","date_gmt":"2023-08-31T13:55:52","guid":{"rendered":"https:\/\/max-emden.de\/wordpress\/?p=15997"},"modified":"2023-09-15T12:31:49","modified_gmt":"2023-09-15T10:31:49","slug":"sportabzeichentag-am-13-09","status":"publish","type":"post","link":"https:\/\/max-emden.de\/wordpress\/sportabzeichentag-am-13-09\/","title":{"rendered":"Sportabzeichentag am 13.09."},"content":{"rendered":"<p style=\"font-weight: 400;\">Liebe Sch\u00fclerinnen und liebe Sch\u00fcler der Jahrg\u00e4nge 5-11, liebe Eltern<\/p>\n<p style=\"font-weight: 400;\">am Mittwoch, den 13.09. findet unser 6. gemeinsamer \u201eMax-Sportabzeichen-Tag 2023\u201c statt.<\/p>\n<p style=\"font-weight: 400;\">Nachdem wir nun schon 4 Jahre in Folge den ersten Platz beim Emder Schulwettbewerb errungen haben, wollen wir den Titel in 2023 nat\u00fcrlich verteidigen!<\/p>\n<p style=\"font-weight: 400;\">Hierzu werden alle Sch\u00fcler*innen der Jahrg\u00e4nge 5-11 am 13.09. auf dem Max-Sportplatz gemeinsam mit ihrer Klasse 5 leichtathletische Stationen durchlaufen:<\/p>\n<ul>\n<li>Weitsprung<\/li>\n<li>Sprint (50 m bzw. 100 m, je nach Geburtsjahr)<\/li>\n<li>Schlagball (80 g) bzw. Wurfball (200 g) je nach Geburtsjahr<\/li>\n<li>Standweitsprung<\/li>\n<li>Seilspringen<\/li>\n<\/ul>\n<p style=\"font-weight: 400;\">Dazu kommen noch die nicht verpflichtenden Zusatzangebote Hochsprung und Kugelsto\u00dfen, die bei Interesse in Wettkampfpausen gerne ausprobiert werden k\u00f6nnen.<\/p>\n<p style=\"font-weight: 400;\">An diesem Tag findet KEIN regul\u00e4rer Unterricht f\u00fcr die Jahrg\u00e4nge 5-11 statt. Die Sch\u00fcler*innen des 12.\/13. Jahrgangs werden als Helfer*innen an den Stationen eingesetzt.<\/p>\n<p style=\"font-weight: 400;\">Der Tag beginnt 07:50 Uhr, alle Sch\u00fcler*innen treffen sich bitte p\u00fcnktlich und bereits in Sportkleidung auf den Max-Platz, es bestehen KEINE ausreichenden Umkleidem\u00f6glichkeiten.<\/p>\n<p style=\"font-weight: 400;\">Der Eingang auf den Platz befindet sich an diesem Tag ausnahmsweise an der Parkplatzseite zum Neuen Theater. Die Klassen treffen sich an den f\u00fcr den jeweiligen Jahrgang gekennzeichneten Fl\u00e4chen (siehe Lageplan).<\/p>\n<p style=\"font-weight: 400;\">Die Sportabzeichen-Wettk\u00e4mpfe enden um ca. 12:00 Uhr. Anschlie\u00dfend versammeln sich alle Klassen auf dem Rasenplatz. Auf der Laufbahn tragen die schnellsten L\u00e4uferinnen und L\u00e4ufer aller Klassen 4 x 100m-Staffeln aus. Anschlie\u00dfend folgen eine kurze Siegerehrung und das gemeinsame Aufr\u00e4umen, sodass der Tag um sp\u00e4testens 13:00 Uhr f\u00fcr alle endet. Der Nachmittagsunterricht entf\u00e4llt f\u00fcr die Jahrg\u00e4nge 5-11.<\/p>\n<p style=\"font-weight: 400;\">Bitte denkt an Getr\u00e4nke und etwas Bargeld (es wird Verpflegungsangebote des 13. Jahrgangs geben) und packt etwas Warmes zum \u00dcberziehen f\u00fcr die Wettkampfpausen ein.<\/p>\n<p style=\"font-weight: 400;\">Es wird dringend empfohlen, Wertsachen (Handy; gro\u00dfe Bargeldsummen) an diesem Tag zu Hause zu lassen, da es keine sichere Verwahrung auf dem Platz geben wird.<\/p>\n<p style=\"font-weight: 400;\">Aktuelle Leistungstabellen f\u00fcr das Sportabzeichen findet ihr unter <a href=\"https:\/\/cdn.dosb.de\/user_upload\/www.deutsches-sportabzeichen.de\/Materialien\/2023\/DSA_Leistungsuebersicht_KiJu_A4_2023.pdf\">https:\/\/cdn.dosb.de\/user_upload\/www.deutsches-sportabzeichen.de\/Materialien\/2023\/DSA_Leistungsuebersicht_KiJu_A4_2023.pdf<\/a><\/p>\n<p style=\"font-weight: 400;\">Einen sch\u00f6nen und erfolgreichen Vormittag w\u00fcnscht Euch allen<\/p>\n<p style=\"font-weight: 400;\">die Fachgruppe Sport<\/p>\n","protected":false},"excerpt":{"rendered":"<p>Liebe Sch\u00fclerinnen und liebe Sch\u00fcler der Jahrg\u00e4nge 5-11, liebe Eltern am Mittwoch, den 13.09. findet unser 6. gemeinsamer \u201eMax-Sportabzeichen-Tag 2023\u201c statt. Nachdem wir nun schon<a class=\"moretag\" href=\"https:\/\/max-emden.de\/wordpress\/sportabzeichentag-am-13-09\/\"> [&#8230;]<\/a><\/p>\n","protected":false},"author":1,"featured_media":10502,"comment_status":"closed","ping_status":"closed","sticky":false,"template":"","format":"standard","meta":{"footnotes":""},"categories":[2],"tags":[],"class_list":["post-15997","post","type-post","status-publish","format-standard","has-post-thumbnail","hentry","category-allgemein"],"_links":{"self":[{"href":"https:\/\/max-emden.de\/wordpress\/wp-json\/wp\/v2\/posts\/15997","targetHints":{"allow":["GET"]}}],"collection":[{"href":"https:\/\/max-emden.de\/wordpress\/wp-json\/wp\/v2\/posts"}],"about":[{"href":"https:\/\/max-emden.de\/wordpress\/wp-json\/wp\/v2\/types\/post"}],"author":[{"embeddable":true,"href":"https:\/\/max-emden.de\/wordpress\/wp-json\/wp\/v2\/users\/1"}],"replies":[{"embeddable":true,"href":"https:\/\/max-emden.de\/wordpress\/wp-json\/wp\/v2\/comments?post=15997"}],"version-history":[{"count":3,"href":"https:\/\/max-emden.de\/wordpress\/wp-json\/wp\/v2\/posts\/15997\/revisions"}],"predecessor-version":[{"id":16003,"href":"https:\/\/max-emden.de\/wordpress\/wp-json\/wp\/v2\/posts\/15997\/revisions\/16003"}],"wp:featuredmedia":[{"embeddable":true,"href":"https:\/\/max-emden.de\/wordpress\/wp-json\/wp\/v2\/media\/10502"}],"wp:attachment":[{"href":"https:\/\/max-emden.de\/wordpress\/wp-json\/wp\/v2\/media?parent=15997"}],"wp:term":[{"taxonomy":"category","embeddable":true,"href":"https:\/\/max-emden.de\/wordpress\/wp-json\/wp\/v2\/categories?post=15997"},{"taxonomy":"post_tag","embeddable":true,"href":"https:\/\/max-emden.de\/wordpress\/wp-json\/wp\/v2\/tags?post=15997"}],"curies":[{"name":"wp","href":"https:\/\/api.w.org\/{rel}","templated":true}]}}