{"id":16036,"date":"2023-09-04T17:28:51","date_gmt":"2023-09-04T15:28:51","guid":{"rendered":"https:\/\/max-emden.de\/wordpress\/?p=16036"},"modified":"2023-09-24T22:24:48","modified_gmt":"2023-09-24T20:24:48","slug":"16036-2","status":"publish","type":"post","link":"https:\/\/max-emden.de\/wordpress\/16036-2\/","title":{"rendered":"7. September: Abi-Jahrgang l\u00e4dt zur Blutspende und Typisierung ein!"},"content":{"rendered":"<div class=\"I_ZkbNhI D_FY W_6D6F\" data-test-id=\"message-view-body\">\n<div dir=\"ltr\"><\/div>\n<div class=\"msg-body P_wpofO mq_AS\" data-test-id=\"message-view-body-content\">\n<div class=\"jb_0 X_6MGW N_6Fd5\">\n<div>\n<div dir=\"ltr\">Liebe Mitsch\u00fclerinnen und Mitsch\u00fcler, sehr geehrte Lehrerinnen und Lehrer, sehr geehrte Eltern,<\/div>\n<\/div>\n<\/div>\n<\/div>\n<div class=\"jb_0 X_6MGW N_6Fd5\">\n<p>wir, der 13. Jahrgang, wollen Sie herzlich zu einer Blutspende-Aktion am Max am Donnerstag, den 7. September 2023 von 16 bis 20 Uhr einladen.<\/p>\n<p>Wir w\u00fcrden uns sehr \u00fcber eine gro\u00dfe Beteiligung freuen &#8211; insbesondere aus der Elternschaft und dem Lehrk\u00f6rper, weil leider erst ein kleiner Teil der Sch\u00fcler*innen 18 Jahre alt ist und somit spenden darf.<\/p>\n<p>Es ist sehr wichtig, dass viele Menschen, die gesundheitlich dazu in der Lage sind, regelm\u00e4\u00dfig Blut spenden und damit Leben retten, denn besonders Krebs- und Herzerkrankte sowie Unfallpatient*innen k\u00f6nnen oft nur durch Spenderblut \u00fcberleben. Etwa 80% der Deutschen sind einmal auf Blutpr\u00e4parate angewiesen und in Deutschland werden jeden Tag 15.000 Blutspenden gebraucht &#8211; diese Zahlen verdeutlichen die Bedeutung der Spenden.<\/p>\n<p>Das DRK k\u00fcmmert sich sehr gut um alle Spendewilligen und diejenigen, die zum ersten Mal Blut spenden wollen, werden umfassend informiert und k\u00f6nnen sich jederzeit anders entscheiden.<\/p>\n<p><a href=\"https:\/\/max-emden.de\/wordpress\/wp-content\/uploads\/2023\/09\/Blutspende-2023.jpg\"><img fetchpriority=\"high\" decoding=\"async\" class=\"alignnone size-full wp-image-16037\" src=\"https:\/\/max-emden.de\/wordpress\/wp-content\/uploads\/2023\/09\/Blutspende-2023.jpg\" alt=\"\" width=\"768\" height=\"576\" \/><\/a><\/p>\n<p>Im Anschluss an die Spende sind alle Spenderinnen und Spender herzlich dazu eingeladen, sich an einem leckeren Buffet mit Hotdogs, Salaten, Obst und Kuchen zu st\u00e4rken, das der 13. Jahrgang organisiert. F\u00fcr die Verpflegung erh\u00e4lt der Jahrgang pro Spender*in etwas Geld, wovon ein m\u00f6glicher Rest in die Kasse f\u00fcr den Abiball und die Abiverleihung flie\u00dft.<\/p>\n<p>Parallel zur Blutspende wird eine Stammzellen-Typisierung angeboten, zu der wir Sie aufrufen wollen. Diese ist f\u00fcr Sie unkompliziert, aber sehr wichtig und rettet ebenfalls Leben. Au\u00dferdem darf man das schon ab 17 Jahren machen!<\/p>\n<p>Bis Donnerstag &#8211; wir freuen uns auf Sie! Bringen Sie auch gerne Bekannte und Verwandte mit und erz\u00e4hlen Sie anderen von der Aktion.<\/p>\n<p>Mit freundlichen Gr\u00fc\u00dfen<\/p>\n<p>Der 13. Jahrgang<\/p>\n<\/div>\n<\/div>\n<div class=\"H_7jIs D_F ab_C Q_69H5 E_36RhU\" data-test-id=\"toolbar-hover-area\">\n<div class=\"D_F W_6D6F r_BN gl_C\" data-test-id=\"card-toolbar\"><\/div>\n<\/div>\n","protected":false},"excerpt":{"rendered":"<p>Liebe Mitsch\u00fclerinnen und Mitsch\u00fcler, sehr geehrte Lehrerinnen und Lehrer, sehr geehrte Eltern, wir, der 13. Jahrgang, wollen Sie herzlich zu einer Blutspende-Aktion am Max am<a class=\"moretag\" href=\"https:\/\/max-emden.de\/wordpress\/16036-2\/\"> [&#8230;]<\/a><\/p>\n","protected":false},"author":3,"featured_media":16037,"comment_status":"closed","ping_status":"closed","sticky":false,"template":"","format":"standard","meta":{"footnotes":""},"categories":[2],"tags":[96],"class_list":["post-16036","post","type-post","status-publish","format-standard","has-post-thumbnail","hentry","category-allgemein","tag-aktuell"],"_links":{"self":[{"href":"https:\/\/max-emden.de\/wordpress\/wp-json\/wp\/v2\/posts\/16036","targetHints":{"allow":["GET"]}}],"collection":[{"href":"https:\/\/max-emden.de\/wordpress\/wp-json\/wp\/v2\/posts"}],"about":[{"href":"https:\/\/max-emden.de\/wordpress\/wp-json\/wp\/v2\/types\/post"}],"author":[{"embeddable":true,"href":"https:\/\/max-emden.de\/wordpress\/wp-json\/wp\/v2\/users\/3"}],"replies":[{"embeddable":true,"href":"https:\/\/max-emden.de\/wordpress\/wp-json\/wp\/v2\/comments?post=16036"}],"version-history":[{"count":7,"href":"https:\/\/max-emden.de\/wordpress\/wp-json\/wp\/v2\/posts\/16036\/revisions"}],"predecessor-version":[{"id":16047,"href":"https:\/\/max-emden.de\/wordpress\/wp-json\/wp\/v2\/posts\/16036\/revisions\/16047"}],"wp:featuredmedia":[{"embeddable":true,"href":"https:\/\/max-emden.de\/wordpress\/wp-json\/wp\/v2\/media\/16037"}],"wp:attachment":[{"href":"https:\/\/max-emden.de\/wordpress\/wp-json\/wp\/v2\/media?parent=16036"}],"wp:term":[{"taxonomy":"category","embeddable":true,"href":"https:\/\/max-emden.de\/wordpress\/wp-json\/wp\/v2\/categories?post=16036"},{"taxonomy":"post_tag","embeddable":true,"href":"https:\/\/max-emden.de\/wordpress\/wp-json\/wp\/v2\/tags?post=16036"}],"curies":[{"name":"wp","href":"https:\/\/api.w.org\/{rel}","templated":true}]}}