{"id":16054,"date":"2023-09-13T16:08:07","date_gmt":"2023-09-13T14:08:07","guid":{"rendered":"https:\/\/max-emden.de\/wordpress\/?p=16054"},"modified":"2023-09-24T22:25:25","modified_gmt":"2023-09-24T20:25:25","slug":"tolle-leistungen-beim-sportabzeichentag","status":"publish","type":"post","link":"https:\/\/max-emden.de\/wordpress\/tolle-leistungen-beim-sportabzeichentag\/","title":{"rendered":"Tolle Leistungen beim Sportabzeichentag!"},"content":{"rendered":"<p>Ballwurf, Weitsprung, Sprint und Kugelsto\u00dfen standen am Mittwoch auf dem Stundenplan des Max: Am inzwischen traditionellen Sportabzeichentag gaben die Sch\u00fcler:innen alles, um die Bedingungen f\u00fcr das Bronze-, Silber- oder Gold-Abzeichen zu erf\u00fcllen. Trotz zun\u00e4chst widriger Bedingungen &#8211; ausgerechnet an diesem Morgen hatte es nach wochenlanger Sch\u00f6nwetterperiode geregnet &#8211; konnte die Gro\u00dfveranstaltung erfolgreich durchgef\u00fchrt werden.<\/p>\n<figure id=\"attachment_16061\" aria-describedby=\"caption-attachment-16061\" style=\"width: 747px\" class=\"wp-caption alignnone\"><a href=\"https:\/\/max-emden.de\/wordpress\/wp-content\/uploads\/2023\/09\/Sportabzeichentag-2023-LR-50.jpg\"><img fetchpriority=\"high\" decoding=\"async\" class=\"wp-image-16061 size-large\" src=\"https:\/\/max-emden.de\/wordpress\/wp-content\/uploads\/2023\/09\/Sportabzeichentag-2023-LR-50-1024x769.jpg\" alt=\"\" width=\"747\" height=\"561\" srcset=\"https:\/\/max-emden.de\/wordpress\/wp-content\/uploads\/2023\/09\/Sportabzeichentag-2023-LR-50-1024x769.jpg 1024w, https:\/\/max-emden.de\/wordpress\/wp-content\/uploads\/2023\/09\/Sportabzeichentag-2023-LR-50-300x225.jpg 300w, https:\/\/max-emden.de\/wordpress\/wp-content\/uploads\/2023\/09\/Sportabzeichentag-2023-LR-50-768x577.jpg 768w, https:\/\/max-emden.de\/wordpress\/wp-content\/uploads\/2023\/09\/Sportabzeichentag-2023-LR-50-1536x1153.jpg 1536w, https:\/\/max-emden.de\/wordpress\/wp-content\/uploads\/2023\/09\/Sportabzeichentag-2023-LR-50.jpg 1598w\" sizes=\"(max-width: 747px) 100vw, 747px\" \/><\/a><figcaption id=\"caption-attachment-16061\" class=\"wp-caption-text\"><em>Eine ganze Reihe weiter S\u00e4tze gab es am Mittwoch zu messen.<\/em><\/figcaption><\/figure>\n<p>Trotz der erforderlichen Zwangspause zu Beginn konnte der Zeitplan nahezu komplett eingehalten werden, denn an den vier Weitsprung- und Ballwurf-Anlagen wurde ebenso flei\u00dfig von Sch\u00fcler:innen der Oberstufe gemessen wie an den Laufstationen.<\/p>\n<figure id=\"attachment_16062\" aria-describedby=\"caption-attachment-16062\" style=\"width: 747px\" class=\"wp-caption alignnone\"><a href=\"https:\/\/max-emden.de\/wordpress\/wp-content\/uploads\/2023\/09\/Sportabzeichentag-2023-LR-44.jpg\"><img decoding=\"async\" class=\"wp-image-16062 size-large\" src=\"https:\/\/max-emden.de\/wordpress\/wp-content\/uploads\/2023\/09\/Sportabzeichentag-2023-LR-44-1024x769.jpg\" alt=\"\" width=\"747\" height=\"561\" srcset=\"https:\/\/max-emden.de\/wordpress\/wp-content\/uploads\/2023\/09\/Sportabzeichentag-2023-LR-44-1024x769.jpg 1024w, https:\/\/max-emden.de\/wordpress\/wp-content\/uploads\/2023\/09\/Sportabzeichentag-2023-LR-44-300x225.jpg 300w, https:\/\/max-emden.de\/wordpress\/wp-content\/uploads\/2023\/09\/Sportabzeichentag-2023-LR-44-768x577.jpg 768w, https:\/\/max-emden.de\/wordpress\/wp-content\/uploads\/2023\/09\/Sportabzeichentag-2023-LR-44-1536x1153.jpg 1536w, https:\/\/max-emden.de\/wordpress\/wp-content\/uploads\/2023\/09\/Sportabzeichentag-2023-LR-44.jpg 1598w\" sizes=\"(max-width: 747px) 100vw, 747px\" \/><\/a><figcaption id=\"caption-attachment-16062\" class=\"wp-caption-text\"><em>Hochkonzentriert an den Tastaturen &#8211; das Wettkampfb\u00fcro.<\/em><\/figcaption><\/figure>\n<p>Quasi in Echtzeit wurden die Leistungen dann vom Wettkampfb\u00fcro in die Rechner gehackt, sodass der aktuelle Zwischenstand jederzeit nachvollziehbar ist. Und auch das leibliche Wohl wurde von der 13ern bedacht: Getr\u00e4nke und Hot Dogs der zuk\u00fcnftigen Abiturienten sorgten f\u00fcr die n\u00f6tige Energie an diesem Tag.<\/p>\n<figure id=\"attachment_16064\" aria-describedby=\"caption-attachment-16064\" style=\"width: 747px\" class=\"wp-caption alignnone\"><a href=\"https:\/\/max-emden.de\/wordpress\/wp-content\/uploads\/2023\/09\/Sportabzeichentag-2023-LR-40.jpg\"><img decoding=\"async\" class=\"wp-image-16064 size-large\" src=\"https:\/\/max-emden.de\/wordpress\/wp-content\/uploads\/2023\/09\/Sportabzeichentag-2023-LR-40-1024x769.jpg\" alt=\"\" width=\"747\" height=\"561\" srcset=\"https:\/\/max-emden.de\/wordpress\/wp-content\/uploads\/2023\/09\/Sportabzeichentag-2023-LR-40-1024x769.jpg 1024w, https:\/\/max-emden.de\/wordpress\/wp-content\/uploads\/2023\/09\/Sportabzeichentag-2023-LR-40-300x225.jpg 300w, https:\/\/max-emden.de\/wordpress\/wp-content\/uploads\/2023\/09\/Sportabzeichentag-2023-LR-40-768x577.jpg 768w, https:\/\/max-emden.de\/wordpress\/wp-content\/uploads\/2023\/09\/Sportabzeichentag-2023-LR-40-1536x1153.jpg 1536w, https:\/\/max-emden.de\/wordpress\/wp-content\/uploads\/2023\/09\/Sportabzeichentag-2023-LR-40.jpg 1598w\" sizes=\"(max-width: 747px) 100vw, 747px\" \/><\/a><figcaption id=\"caption-attachment-16064\" class=\"wp-caption-text\"><em>Ohne Pause im Einsatz: die zuk\u00fcnftigen Abiturienten!<\/em><\/figcaption><\/figure>\n<p>Unterst\u00fctzt wurde der Sportabzeichentag wiederum von einer ganzen Reihe von Helfer:innen des Stadtsportbundes, die f\u00fcr regelgerechte Wettbewerbe sorgten &#8211; herzlichen Dank!<\/p>\n<style id=\"bwg-style-0\">    #bwg_container1_0 #bwg_container2_0 .bwg-container-0.bwg-standard-thumbnails {      width: 904px;              justify-content: center;        margin:0 auto !important;              background-color: rgba(255, 255, 255, 0.00);            padding-left: 4px;      padding-top: 4px;      max-width: 100%;            }        #bwg_container1_0 #bwg_container2_0 .bwg-container-0.bwg-standard-thumbnails .bwg-item {    justify-content: flex-start;      max-width: 180px;            width: 180px !important;          }    #bwg_container1_0 #bwg_container2_0 .bwg-container-0.bwg-standard-thumbnails .bwg-item a {       margin-right: 4px;       margin-bottom: 4px;    }    #bwg_container1_0 #bwg_container2_0 .bwg-container-0.bwg-standard-thumbnails .bwg-item0 {      padding: 0px;            background-color:rgba(255,255,255, 0.30);      border: 0px none #CCCCCC;      opacity: 1.00;      border-radius: 0;      box-shadow: 0px 0px 0px #888888;    }    #bwg_container1_0 #bwg_container2_0 .bwg-container-0.bwg-standard-thumbnails .bwg-item1 img {      max-height: none;      max-width: none;      padding: 0 !important;    }        @media only screen and (min-width: 480px) {      #bwg_container1_0 #bwg_container2_0 .bwg-container-0.bwg-standard-thumbnails .bwg-item0 {        transition: all 0.3s ease 0s;-webkit-transition: all 0.3s ease 0s;      }      #bwg_container1_0 #bwg_container2_0 .bwg-container-0.bwg-standard-thumbnails .bwg-item0:hover {        -ms-transform: scale(1.1);        -webkit-transform: scale(1.1);        transform: scale(1.1);      }    }          #bwg_container1_0 #bwg_container2_0 .bwg-container-0.bwg-standard-thumbnails .bwg-item1 {      padding-top: 50%;    }        #bwg_container1_0 #bwg_container2_0 .bwg-container-0.bwg-standard-thumbnails .bwg-title2,    #bwg_container1_0 #bwg_container2_0 .bwg-container-0.bwg-standard-thumbnails .bwg-ecommerce2 {      color: #CCCCCC;      font-family: segoe ui;      font-size: 16px;      font-weight: bold;      padding: 2px;      text-shadow: 0px 0px 0px #888888;      max-height: 100%;    }    #bwg_container1_0 #bwg_container2_0 .bwg-container-0.bwg-standard-thumbnails .bwg-thumb-description span {    color: #323A45;    font-family: Ubuntu;    font-size: 12px;    max-height: 100%;    word-wrap: break-word;    }    #bwg_container1_0 #bwg_container2_0 .bwg-container-0.bwg-standard-thumbnails .bwg-play-icon2 {      font-size: 32px;    }    #bwg_container1_0 #bwg_container2_0 .bwg-container-0.bwg-standard-thumbnails .bwg-ecommerce2 {      font-size: 19.2px;      color: #CCCCCC;    }    <\/style>    <div id=\"bwg_container1_0\"         class=\"bwg_container bwg_thumbnail bwg_thumbnails \"         data-right-click-protection=\"1\"         data-bwg=\"0\"         data-scroll=\"0\"         data-gallery-type=\"thumbnails\"         data-gallery-view-type=\"thumbnails\"         data-current-url=\"\/wordpress\/wp-json\/wp\/v2\/posts\/16054\"         data-lightbox-url=\"https:\/\/max-emden.de\/wordpress\/wp-admin\/admin-ajax.php?action=GalleryBox&#038;current_view=0&#038;gallery_id=404&#038;tag=0&#038;theme_id=1&#038;shortcode_id=833&#038;sort_by=order&#038;order_by=asc&#038;current_url=%2Fwordpress%2Fwp-json%2Fwp%2Fv2%2Fposts%2F16054\"         data-gallery-id=\"404\"         data-popup-width=\"800\"         data-popup-height=\"500\"         data-is-album=\"gallery\"         data-buttons-position=\"bottom\">      <div id=\"bwg_container2_0\">             <div id=\"ajax_loading_0\" class=\"bwg_loading_div_1\">      <div class=\"bwg_loading_div_2\">        <div class=\"bwg_loading_div_3\">          <div id=\"loading_div_0\" class=\"bwg_spider_ajax_loading\">          <\/div>        <\/div>      <\/div>    <\/div>            <form id=\"gal_front_form_0\"              class=\"bwg-hidden\"              method=\"post\"              action=\"#\"              data-current=\"0\"              data-shortcode-id=\"833\"              data-gallery-type=\"thumbnails\"              data-gallery-id=\"404\"              data-tag=\"0\"              data-album-id=\"0\"              data-theme-id=\"1\"              data-ajax-url=\"https:\/\/max-emden.de\/wordpress\/wp-admin\/admin-ajax.php?action=bwg_frontend_data\">          <div id=\"bwg_container3_0\" class=\"bwg-background bwg-background-0\">                <div data-max-count=\"5\"         data-thumbnail-width=\"180\"         data-bwg=\"0\"         data-gallery-id=\"404\"         data-lightbox-url=\"https:\/\/max-emden.de\/wordpress\/wp-admin\/admin-ajax.php?action=GalleryBox&amp;current_view=0&amp;gallery_id=404&amp;tag=0&amp;theme_id=1&amp;shortcode_id=833&amp;sort_by=order&amp;order_by=asc&amp;current_url=%2Fwordpress%2Fwp-json%2Fwp%2Fv2%2Fposts%2F16054\"         id=\"bwg_thumbnails_0\"         class=\"bwg-container-0 bwg-thumbnails bwg-standard-thumbnails bwg-container bwg-border-box\">            <div class=\"bwg-item\">        <a class=\"bwg-a  bwg_lightbox\"  data-image-id=\"7976\" href=\"https:\/\/max-emden.de\/wordpress\/wp-content\/uploads\/photo-gallery\/Sportabzeichentag-2023-LR-2.jpg?bwg=1694613743\" data-elementor-open-lightbox=\"no\">                <div class=\"bwg-item0 \">          <div class=\"bwg-item1 \">            <div class=\"bwg-item2\">              <img decoding=\"async\" class=\"skip-lazy bwg_standart_thumb_img_0 \"                   data-id=\"7976\"                   data-width=\"300.00\"                   data-height=\"169.00\"                   data-src=\"https:\/\/max-emden.de\/wordpress\/wp-content\/uploads\/photo-gallery\/thumb\/Sportabzeichentag-2023-LR-2.jpg?bwg=1694613743\"                   src=\"https:\/\/max-emden.de\/wordpress\/wp-content\/uploads\/photo-gallery\/thumb\/Sportabzeichentag-2023-LR-2.jpg?bwg=1694613743\"                   alt=\"Sportabzeichentag-2023-LR-2\"                   title=\"Sportabzeichentag-2023-LR-2\" \/>            <\/div>            <div class=\"\">                                                      <\/div>          <\/div>        <\/div>                        <\/a>              <\/div>            <div class=\"bwg-item\">        <a class=\"bwg-a  bwg_lightbox\"  data-image-id=\"7977\" href=\"https:\/\/max-emden.de\/wordpress\/wp-content\/uploads\/photo-gallery\/Sportabzeichentag-2023-LR-1.jpg?bwg=1694613743\" data-elementor-open-lightbox=\"no\">                <div class=\"bwg-item0 \">          <div class=\"bwg-item1 \">            <div class=\"bwg-item2\">              <img decoding=\"async\" class=\"skip-lazy bwg_standart_thumb_img_0 \"                   data-id=\"7977\"                   data-width=\"300.00\"                   data-height=\"169.00\"                   data-src=\"https:\/\/max-emden.de\/wordpress\/wp-content\/uploads\/photo-gallery\/thumb\/Sportabzeichentag-2023-LR-1.jpg?bwg=1694613743\"                   src=\"https:\/\/max-emden.de\/wordpress\/wp-content\/uploads\/photo-gallery\/thumb\/Sportabzeichentag-2023-LR-1.jpg?bwg=1694613743\"                   alt=\"Sportabzeichentag-2023-LR-1\"                   title=\"Sportabzeichentag-2023-LR-1\" \/>            <\/div>            <div class=\"\">                                                      <\/div>          <\/div>        <\/div>                        <\/a>              <\/div>            <div class=\"bwg-item\">        <a class=\"bwg-a  bwg_lightbox\"  data-image-id=\"7978\" href=\"https:\/\/max-emden.de\/wordpress\/wp-content\/uploads\/photo-gallery\/Sportabzeichentag-2023-LR-3.jpg?bwg=1694613743\" data-elementor-open-lightbox=\"no\">                <div class=\"bwg-item0 \">          <div class=\"bwg-item1 \">            <div class=\"bwg-item2\">              <img decoding=\"async\" class=\"skip-lazy bwg_standart_thumb_img_0 \"                   data-id=\"7978\"                   data-width=\"300.00\"                   data-height=\"169.00\"                   data-src=\"https:\/\/max-emden.de\/wordpress\/wp-content\/uploads\/photo-gallery\/thumb\/Sportabzeichentag-2023-LR-3.jpg?bwg=1694613743\"                   src=\"https:\/\/max-emden.de\/wordpress\/wp-content\/uploads\/photo-gallery\/thumb\/Sportabzeichentag-2023-LR-3.jpg?bwg=1694613743\"                   alt=\"Sportabzeichentag-2023-LR-3\"                   title=\"Sportabzeichentag-2023-LR-3\" \/>            <\/div>            <div class=\"\">                                                      <\/div>          <\/div>        <\/div>                        <\/a>              <\/div>            <div class=\"bwg-item\">        <a class=\"bwg-a  bwg_lightbox\"  data-image-id=\"7979\" href=\"https:\/\/max-emden.de\/wordpress\/wp-content\/uploads\/photo-gallery\/Sportabzeichentag-2023-LR-4.jpg?bwg=1694613743\" data-elementor-open-lightbox=\"no\">                <div class=\"bwg-item0 \">          <div class=\"bwg-item1 \">            <div class=\"bwg-item2\">              <img decoding=\"async\" class=\"skip-lazy bwg_standart_thumb_img_0 \"                   data-id=\"7979\"                   data-width=\"300.00\"                   data-height=\"169.00\"                   data-src=\"https:\/\/max-emden.de\/wordpress\/wp-content\/uploads\/photo-gallery\/thumb\/Sportabzeichentag-2023-LR-4.jpg?bwg=1694613743\"                   src=\"https:\/\/max-emden.de\/wordpress\/wp-content\/uploads\/photo-gallery\/thumb\/Sportabzeichentag-2023-LR-4.jpg?bwg=1694613743\"                   alt=\"Sportabzeichentag-2023-LR-4\"                   title=\"Sportabzeichentag-2023-LR-4\" \/>            <\/div>            <div class=\"\">                                                      <\/div>          <\/div>        <\/div>                        <\/a>              <\/div>            <div class=\"bwg-item\">        <a class=\"bwg-a  bwg_lightbox\"  data-image-id=\"7980\" href=\"https:\/\/max-emden.de\/wordpress\/wp-content\/uploads\/photo-gallery\/Sportabzeichentag-2023-LR-5.jpg?bwg=1694613743\" data-elementor-open-lightbox=\"no\">                <div class=\"bwg-item0 \">          <div class=\"bwg-item1 \">            <div class=\"bwg-item2\">              <img decoding=\"async\" class=\"skip-lazy bwg_standart_thumb_img_0 \"                   data-id=\"7980\"                   data-width=\"300.00\"                   data-height=\"200.00\"                   data-src=\"https:\/\/max-emden.de\/wordpress\/wp-content\/uploads\/photo-gallery\/thumb\/Sportabzeichentag-2023-LR-5.jpg?bwg=1694613743\"                   src=\"https:\/\/max-emden.de\/wordpress\/wp-content\/uploads\/photo-gallery\/thumb\/Sportabzeichentag-2023-LR-5.jpg?bwg=1694613743\"                   alt=\"Sportabzeichentag-2023-LR-5\"                   title=\"Sportabzeichentag-2023-LR-5\" \/>            <\/div>            <div class=\"\">                                                      <\/div>          <\/div>        <\/div>                        <\/a>              <\/div>            <div class=\"bwg-item\">        <a class=\"bwg-a  bwg_lightbox\"  data-image-id=\"7981\" href=\"https:\/\/max-emden.de\/wordpress\/wp-content\/uploads\/photo-gallery\/Sportabzeichentag-2023-LR-6.jpg?bwg=1694613743\" data-elementor-open-lightbox=\"no\">                <div class=\"bwg-item0 \">          <div class=\"bwg-item1 \">            <div class=\"bwg-item2\">              <img decoding=\"async\" class=\"skip-lazy bwg_standart_thumb_img_0 \"                   data-id=\"7981\"                   data-width=\"300.00\"                   data-height=\"200.00\"                   data-src=\"https:\/\/max-emden.de\/wordpress\/wp-content\/uploads\/photo-gallery\/thumb\/Sportabzeichentag-2023-LR-6.jpg?bwg=1694613743\"                   src=\"https:\/\/max-emden.de\/wordpress\/wp-content\/uploads\/photo-gallery\/thumb\/Sportabzeichentag-2023-LR-6.jpg?bwg=1694613743\"                   alt=\"Sportabzeichentag-2023-LR-6\"                   title=\"Sportabzeichentag-2023-LR-6\" \/>            <\/div>            <div class=\"\">                                                      <\/div>          <\/div>        <\/div>                        <\/a>              <\/div>            <div class=\"bwg-item\">        <a class=\"bwg-a  bwg_lightbox\"  data-image-id=\"7982\" href=\"https:\/\/max-emden.de\/wordpress\/wp-content\/uploads\/photo-gallery\/Sportabzeichentag-2023-LR-7.jpg?bwg=1694613743\" data-elementor-open-lightbox=\"no\">                <div class=\"bwg-item0 \">          <div class=\"bwg-item1 \">            <div class=\"bwg-item2\">              <img decoding=\"async\" class=\"skip-lazy bwg_standart_thumb_img_0 \"                   data-id=\"7982\"                   data-width=\"300.00\"                   data-height=\"225.00\"                   data-src=\"https:\/\/max-emden.de\/wordpress\/wp-content\/uploads\/photo-gallery\/thumb\/Sportabzeichentag-2023-LR-7.jpg?bwg=1694613743\"                   src=\"https:\/\/max-emden.de\/wordpress\/wp-content\/uploads\/photo-gallery\/thumb\/Sportabzeichentag-2023-LR-7.jpg?bwg=1694613743\"                   alt=\"Sportabzeichentag-2023-LR-7\"                   title=\"Sportabzeichentag-2023-LR-7\" \/>            <\/div>            <div class=\"\">                                                      <\/div>          <\/div>        <\/div>                        <\/a>              <\/div>            <div class=\"bwg-item\">        <a class=\"bwg-a  bwg_lightbox\"  data-image-id=\"7983\" href=\"https:\/\/max-emden.de\/wordpress\/wp-content\/uploads\/photo-gallery\/Sportabzeichentag-2023-LR-8.jpg?bwg=1694613743\" data-elementor-open-lightbox=\"no\">                <div class=\"bwg-item0 \">          <div class=\"bwg-item1 \">            <div class=\"bwg-item2\">              <img decoding=\"async\" class=\"skip-lazy bwg_standart_thumb_img_0 \"                   data-id=\"7983\"                   data-width=\"300.00\"                   data-height=\"225.00\"                   data-src=\"https:\/\/max-emden.de\/wordpress\/wp-content\/uploads\/photo-gallery\/thumb\/Sportabzeichentag-2023-LR-8.jpg?bwg=1694613743\"                   src=\"https:\/\/max-emden.de\/wordpress\/wp-content\/uploads\/photo-gallery\/thumb\/Sportabzeichentag-2023-LR-8.jpg?bwg=1694613743\"                   alt=\"Sportabzeichentag-2023-LR-8\"                   title=\"Sportabzeichentag-2023-LR-8\" \/>            <\/div>            <div class=\"\">                                                      <\/div>          <\/div>        <\/div>                        <\/a>              <\/div>            <div class=\"bwg-item\">        <a class=\"bwg-a  bwg_lightbox\"  data-image-id=\"7984\" href=\"https:\/\/max-emden.de\/wordpress\/wp-content\/uploads\/photo-gallery\/Sportabzeichentag-2023-LR-9.jpg?bwg=1694613743\" data-elementor-open-lightbox=\"no\">                <div class=\"bwg-item0 \">          <div class=\"bwg-item1 \">            <div class=\"bwg-item2\">              <img decoding=\"async\" class=\"skip-lazy bwg_standart_thumb_img_0 \"                   data-id=\"7984\"                   data-width=\"300.00\"                   data-height=\"225.00\"                   data-src=\"https:\/\/max-emden.de\/wordpress\/wp-content\/uploads\/photo-gallery\/thumb\/Sportabzeichentag-2023-LR-9.jpg?bwg=1694613743\"                   src=\"https:\/\/max-emden.de\/wordpress\/wp-content\/uploads\/photo-gallery\/thumb\/Sportabzeichentag-2023-LR-9.jpg?bwg=1694613743\"                   alt=\"Sportabzeichentag-2023-LR-9\"                   title=\"Sportabzeichentag-2023-LR-9\" \/>            <\/div>            <div class=\"\">                                                      <\/div>          <\/div>        <\/div>                        <\/a>              <\/div>            <div class=\"bwg-item\">        <a class=\"bwg-a  bwg_lightbox\"  data-image-id=\"7985\" href=\"https:\/\/max-emden.de\/wordpress\/wp-content\/uploads\/photo-gallery\/Sportabzeichentag-2023-LR-10.jpg?bwg=1694613743\" data-elementor-open-lightbox=\"no\">                <div class=\"bwg-item0 \">          <div class=\"bwg-item1 \">            <div class=\"bwg-item2\">              <img decoding=\"async\" class=\"skip-lazy bwg_standart_thumb_img_0 \"                   data-id=\"7985\"                   data-width=\"300.00\"                   data-height=\"225.00\"                   data-src=\"https:\/\/max-emden.de\/wordpress\/wp-content\/uploads\/photo-gallery\/thumb\/Sportabzeichentag-2023-LR-10.jpg?bwg=1694613743\"                   src=\"https:\/\/max-emden.de\/wordpress\/wp-content\/uploads\/photo-gallery\/thumb\/Sportabzeichentag-2023-LR-10.jpg?bwg=1694613743\"                   alt=\"Sportabzeichentag-2023-LR-10\"                   title=\"Sportabzeichentag-2023-LR-10\" \/>            <\/div>            <div class=\"\">                                                      <\/div>          <\/div>        <\/div>                        <\/a>              <\/div>            <div class=\"bwg-item\">        <a class=\"bwg-a  bwg_lightbox\"  data-image-id=\"7986\" href=\"https:\/\/max-emden.de\/wordpress\/wp-content\/uploads\/photo-gallery\/Sportabzeichentag-2023-LR-11.jpg?bwg=1694613743\" data-elementor-open-lightbox=\"no\">                <div class=\"bwg-item0 \">          <div class=\"bwg-item1 \">            <div class=\"bwg-item2\">              <img decoding=\"async\" class=\"skip-lazy bwg_standart_thumb_img_0 \"                   data-id=\"7986\"                   data-width=\"300.00\"                   data-height=\"225.00\"                   data-src=\"https:\/\/max-emden.de\/wordpress\/wp-content\/uploads\/photo-gallery\/thumb\/Sportabzeichentag-2023-LR-11.jpg?bwg=1694613743\"                   src=\"https:\/\/max-emden.de\/wordpress\/wp-content\/uploads\/photo-gallery\/thumb\/Sportabzeichentag-2023-LR-11.jpg?bwg=1694613743\"                   alt=\"Sportabzeichentag-2023-LR-11\"                   title=\"Sportabzeichentag-2023-LR-11\" \/>            <\/div>            <div class=\"\">                                                      <\/div>          <\/div>        <\/div>                        <\/a>              <\/div>            <div class=\"bwg-item\">        <a class=\"bwg-a  bwg_lightbox\"  data-image-id=\"7987\" href=\"https:\/\/max-emden.de\/wordpress\/wp-content\/uploads\/photo-gallery\/Sportabzeichentag-2023-LR-12.jpg?bwg=1694613743\" data-elementor-open-lightbox=\"no\">                <div class=\"bwg-item0 \">          <div class=\"bwg-item1 \">            <div class=\"bwg-item2\">              <img decoding=\"async\" class=\"skip-lazy bwg_standart_thumb_img_0 \"                   data-id=\"7987\"                   data-width=\"300.00\"                   data-height=\"225.00\"                   data-src=\"https:\/\/max-emden.de\/wordpress\/wp-content\/uploads\/photo-gallery\/thumb\/Sportabzeichentag-2023-LR-12.jpg?bwg=1694613743\"                   src=\"https:\/\/max-emden.de\/wordpress\/wp-content\/uploads\/photo-gallery\/thumb\/Sportabzeichentag-2023-LR-12.jpg?bwg=1694613743\"                   alt=\"Sportabzeichentag-2023-LR-12\"                   title=\"Sportabzeichentag-2023-LR-12\" \/>            <\/div>            <div class=\"\">                                                      <\/div>          <\/div>        <\/div>                        <\/a>              <\/div>            <div class=\"bwg-item\">        <a class=\"bwg-a  bwg_lightbox\"  data-image-id=\"7988\" href=\"https:\/\/max-emden.de\/wordpress\/wp-content\/uploads\/photo-gallery\/Sportabzeichentag-2023-LR-14.jpg?bwg=1694613743\" data-elementor-open-lightbox=\"no\">                <div class=\"bwg-item0 \">          <div class=\"bwg-item1 \">            <div class=\"bwg-item2\">              <img decoding=\"async\" class=\"skip-lazy bwg_standart_thumb_img_0 \"                   data-id=\"7988\"                   data-width=\"300.00\"                   data-height=\"225.00\"                   data-src=\"https:\/\/max-emden.de\/wordpress\/wp-content\/uploads\/photo-gallery\/thumb\/Sportabzeichentag-2023-LR-14.jpg?bwg=1694613743\"                   src=\"https:\/\/max-emden.de\/wordpress\/wp-content\/uploads\/photo-gallery\/thumb\/Sportabzeichentag-2023-LR-14.jpg?bwg=1694613743\"                   alt=\"Sportabzeichentag-2023-LR-14\"                   title=\"Sportabzeichentag-2023-LR-14\" \/>            <\/div>            <div class=\"\">                                                      <\/div>          <\/div>        <\/div>                        <\/a>              <\/div>            <div class=\"bwg-item\">        <a class=\"bwg-a  bwg_lightbox\"  data-image-id=\"7989\" href=\"https:\/\/max-emden.de\/wordpress\/wp-content\/uploads\/photo-gallery\/Sportabzeichentag-2023-LR-15.jpg?bwg=1694613743\" data-elementor-open-lightbox=\"no\">                <div class=\"bwg-item0 \">          <div class=\"bwg-item1 \">            <div class=\"bwg-item2\">              <img decoding=\"async\" class=\"skip-lazy bwg_standart_thumb_img_0 \"                   data-id=\"7989\"                   data-width=\"300.00\"                   data-height=\"225.00\"                   data-src=\"https:\/\/max-emden.de\/wordpress\/wp-content\/uploads\/photo-gallery\/thumb\/Sportabzeichentag-2023-LR-15.jpg?bwg=1694613743\"                   src=\"https:\/\/max-emden.de\/wordpress\/wp-content\/uploads\/photo-gallery\/thumb\/Sportabzeichentag-2023-LR-15.jpg?bwg=1694613743\"                   alt=\"Sportabzeichentag-2023-LR-15\"                   title=\"Sportabzeichentag-2023-LR-15\" \/>            <\/div>            <div class=\"\">                                                      <\/div>          <\/div>        <\/div>                        <\/a>              <\/div>            <div class=\"bwg-item\">        <a class=\"bwg-a  bwg_lightbox\"  data-image-id=\"7990\" href=\"https:\/\/max-emden.de\/wordpress\/wp-content\/uploads\/photo-gallery\/Sportabzeichentag-2023-LR-13.jpg?bwg=1694613743\" data-elementor-open-lightbox=\"no\">                <div class=\"bwg-item0 \">          <div class=\"bwg-item1 \">            <div class=\"bwg-item2\">              <img decoding=\"async\" class=\"skip-lazy bwg_standart_thumb_img_0 \"                   data-id=\"7990\"                   data-width=\"300.00\"                   data-height=\"225.00\"                   data-src=\"https:\/\/max-emden.de\/wordpress\/wp-content\/uploads\/photo-gallery\/thumb\/Sportabzeichentag-2023-LR-13.jpg?bwg=1694613743\"                   src=\"https:\/\/max-emden.de\/wordpress\/wp-content\/uploads\/photo-gallery\/thumb\/Sportabzeichentag-2023-LR-13.jpg?bwg=1694613743\"                   alt=\"Sportabzeichentag-2023-LR-13\"                   title=\"Sportabzeichentag-2023-LR-13\" \/>            <\/div>            <div class=\"\">                                                      <\/div>          <\/div>        <\/div>                        <\/a>              <\/div>            <div class=\"bwg-item\">        <a class=\"bwg-a  bwg_lightbox\"  data-image-id=\"7991\" href=\"https:\/\/max-emden.de\/wordpress\/wp-content\/uploads\/photo-gallery\/Sportabzeichentag-2023-LR-16.jpg?bwg=1694613743\" data-elementor-open-lightbox=\"no\">                <div class=\"bwg-item0 \">          <div class=\"bwg-item1 \">            <div class=\"bwg-item2\">              <img decoding=\"async\" class=\"skip-lazy bwg_standart_thumb_img_0 \"                   data-id=\"7991\"                   data-width=\"300.00\"                   data-height=\"225.00\"                   data-src=\"https:\/\/max-emden.de\/wordpress\/wp-content\/uploads\/photo-gallery\/thumb\/Sportabzeichentag-2023-LR-16.jpg?bwg=1694613743\"                   src=\"https:\/\/max-emden.de\/wordpress\/wp-content\/uploads\/photo-gallery\/thumb\/Sportabzeichentag-2023-LR-16.jpg?bwg=1694613743\"                   alt=\"Sportabzeichentag-2023-LR-16\"                   title=\"Sportabzeichentag-2023-LR-16\" \/>            <\/div>            <div class=\"\">                                                      <\/div>          <\/div>        <\/div>                        <\/a>              <\/div>            <div class=\"bwg-item\">        <a class=\"bwg-a  bwg_lightbox\"  data-image-id=\"7992\" href=\"https:\/\/max-emden.de\/wordpress\/wp-content\/uploads\/photo-gallery\/Sportabzeichentag-2023-LR-17.jpg?bwg=1694613743\" data-elementor-open-lightbox=\"no\">                <div class=\"bwg-item0 \">          <div class=\"bwg-item1 \">            <div class=\"bwg-item2\">              <img decoding=\"async\" class=\"skip-lazy bwg_standart_thumb_img_0 \"                   data-id=\"7992\"                   data-width=\"300.00\"                   data-height=\"225.00\"                   data-src=\"https:\/\/max-emden.de\/wordpress\/wp-content\/uploads\/photo-gallery\/thumb\/Sportabzeichentag-2023-LR-17.jpg?bwg=1694613743\"                   src=\"https:\/\/max-emden.de\/wordpress\/wp-content\/uploads\/photo-gallery\/thumb\/Sportabzeichentag-2023-LR-17.jpg?bwg=1694613743\"                   alt=\"Sportabzeichentag-2023-LR-17\"                   title=\"Sportabzeichentag-2023-LR-17\" \/>            <\/div>            <div class=\"\">                                                      <\/div>          <\/div>        <\/div>                        <\/a>              <\/div>            <div class=\"bwg-item\">        <a class=\"bwg-a  bwg_lightbox\"  data-image-id=\"7993\" href=\"https:\/\/max-emden.de\/wordpress\/wp-content\/uploads\/photo-gallery\/Sportabzeichentag-2023-LR-18.jpg?bwg=1694613743\" data-elementor-open-lightbox=\"no\">                <div class=\"bwg-item0 \">          <div class=\"bwg-item1 \">            <div class=\"bwg-item2\">              <img decoding=\"async\" class=\"skip-lazy bwg_standart_thumb_img_0 \"                   data-id=\"7993\"                   data-width=\"300.00\"                   data-height=\"225.00\"                   data-src=\"https:\/\/max-emden.de\/wordpress\/wp-content\/uploads\/photo-gallery\/thumb\/Sportabzeichentag-2023-LR-18.jpg?bwg=1694613743\"                   src=\"https:\/\/max-emden.de\/wordpress\/wp-content\/uploads\/photo-gallery\/thumb\/Sportabzeichentag-2023-LR-18.jpg?bwg=1694613743\"                   alt=\"Sportabzeichentag-2023-LR-18\"                   title=\"Sportabzeichentag-2023-LR-18\" \/>            <\/div>            <div class=\"\">                                                      <\/div>          <\/div>        <\/div>                        <\/a>              <\/div>            <div class=\"bwg-item\">        <a class=\"bwg-a  bwg_lightbox\"  data-image-id=\"7994\" href=\"https:\/\/max-emden.de\/wordpress\/wp-content\/uploads\/photo-gallery\/Sportabzeichentag-2023-LR-19.jpg?bwg=1694613743\" data-elementor-open-lightbox=\"no\">                <div class=\"bwg-item0 \">          <div class=\"bwg-item1 \">            <div class=\"bwg-item2\">              <img decoding=\"async\" class=\"skip-lazy bwg_standart_thumb_img_0 \"                   data-id=\"7994\"                   data-width=\"300.00\"                   data-height=\"225.00\"                   data-src=\"https:\/\/max-emden.de\/wordpress\/wp-content\/uploads\/photo-gallery\/thumb\/Sportabzeichentag-2023-LR-19.jpg?bwg=1694613743\"                   src=\"https:\/\/max-emden.de\/wordpress\/wp-content\/uploads\/photo-gallery\/thumb\/Sportabzeichentag-2023-LR-19.jpg?bwg=1694613743\"                   alt=\"Sportabzeichentag-2023-LR-19\"                   title=\"Sportabzeichentag-2023-LR-19\" \/>            <\/div>            <div class=\"\">                                                      <\/div>          <\/div>        <\/div>                        <\/a>              <\/div>            <div class=\"bwg-item\">        <a class=\"bwg-a  bwg_lightbox\"  data-image-id=\"7995\" href=\"https:\/\/max-emden.de\/wordpress\/wp-content\/uploads\/photo-gallery\/Sportabzeichentag-2023-LR-21.jpg?bwg=1694613743\" data-elementor-open-lightbox=\"no\">                <div class=\"bwg-item0 \">          <div class=\"bwg-item1 \">            <div class=\"bwg-item2\">              <img decoding=\"async\" class=\"skip-lazy bwg_standart_thumb_img_0 \"                   data-id=\"7995\"                   data-width=\"300.00\"                   data-height=\"225.00\"                   data-src=\"https:\/\/max-emden.de\/wordpress\/wp-content\/uploads\/photo-gallery\/thumb\/Sportabzeichentag-2023-LR-21.jpg?bwg=1694613743\"                   src=\"https:\/\/max-emden.de\/wordpress\/wp-content\/uploads\/photo-gallery\/thumb\/Sportabzeichentag-2023-LR-21.jpg?bwg=1694613743\"                   alt=\"Sportabzeichentag-2023-LR-21\"                   title=\"Sportabzeichentag-2023-LR-21\" \/>            <\/div>            <div class=\"\">                                                      <\/div>          <\/div>        <\/div>                        <\/a>              <\/div>            <div class=\"bwg-item\">        <a class=\"bwg-a  bwg_lightbox\"  data-image-id=\"7996\" href=\"https:\/\/max-emden.de\/wordpress\/wp-content\/uploads\/photo-gallery\/Sportabzeichentag-2023-LR-20.jpg?bwg=1694613743\" data-elementor-open-lightbox=\"no\">                <div class=\"bwg-item0 \">          <div class=\"bwg-item1 \">            <div class=\"bwg-item2\">              <img decoding=\"async\" class=\"skip-lazy bwg_standart_thumb_img_0 \"                   data-id=\"7996\"                   data-width=\"300.00\"                   data-height=\"225.00\"                   data-src=\"https:\/\/max-emden.de\/wordpress\/wp-content\/uploads\/photo-gallery\/thumb\/Sportabzeichentag-2023-LR-20.jpg?bwg=1694613743\"                   src=\"https:\/\/max-emden.de\/wordpress\/wp-content\/uploads\/photo-gallery\/thumb\/Sportabzeichentag-2023-LR-20.jpg?bwg=1694613743\"                   alt=\"Sportabzeichentag-2023-LR-20\"                   title=\"Sportabzeichentag-2023-LR-20\" \/>            <\/div>            <div class=\"\">                                                      <\/div>          <\/div>        <\/div>                        <\/a>              <\/div>            <div class=\"bwg-item\">        <a class=\"bwg-a  bwg_lightbox\"  data-image-id=\"7997\" href=\"https:\/\/max-emden.de\/wordpress\/wp-content\/uploads\/photo-gallery\/Sportabzeichentag-2023-LR-23.jpg?bwg=1694613743\" data-elementor-open-lightbox=\"no\">                <div class=\"bwg-item0 \">          <div class=\"bwg-item1 \">            <div class=\"bwg-item2\">              <img decoding=\"async\" class=\"skip-lazy bwg_standart_thumb_img_0 \"                   data-id=\"7997\"                   data-width=\"300.00\"                   data-height=\"225.00\"                   data-src=\"https:\/\/max-emden.de\/wordpress\/wp-content\/uploads\/photo-gallery\/thumb\/Sportabzeichentag-2023-LR-23.jpg?bwg=1694613743\"                   src=\"https:\/\/max-emden.de\/wordpress\/wp-content\/uploads\/photo-gallery\/thumb\/Sportabzeichentag-2023-LR-23.jpg?bwg=1694613743\"                   alt=\"Sportabzeichentag-2023-LR-23\"                   title=\"Sportabzeichentag-2023-LR-23\" \/>            <\/div>            <div class=\"\">                                                      <\/div>          <\/div>        <\/div>                        <\/a>              <\/div>            <div class=\"bwg-item\">        <a class=\"bwg-a  bwg_lightbox\"  data-image-id=\"7998\" href=\"https:\/\/max-emden.de\/wordpress\/wp-content\/uploads\/photo-gallery\/Sportabzeichentag-2023-LR-22.jpg?bwg=1694613743\" data-elementor-open-lightbox=\"no\">                <div class=\"bwg-item0 \">          <div class=\"bwg-item1 \">            <div class=\"bwg-item2\">              <img decoding=\"async\" class=\"skip-lazy bwg_standart_thumb_img_0 \"                   data-id=\"7998\"                   data-width=\"300.00\"                   data-height=\"225.00\"                   data-src=\"https:\/\/max-emden.de\/wordpress\/wp-content\/uploads\/photo-gallery\/thumb\/Sportabzeichentag-2023-LR-22.jpg?bwg=1694613743\"                   src=\"https:\/\/max-emden.de\/wordpress\/wp-content\/uploads\/photo-gallery\/thumb\/Sportabzeichentag-2023-LR-22.jpg?bwg=1694613743\"                   alt=\"Sportabzeichentag-2023-LR-22\"                   title=\"Sportabzeichentag-2023-LR-22\" \/>            <\/div>            <div class=\"\">                                                      <\/div>          <\/div>        <\/div>                        <\/a>              <\/div>            <div class=\"bwg-item\">        <a class=\"bwg-a  bwg_lightbox\"  data-image-id=\"7999\" href=\"https:\/\/max-emden.de\/wordpress\/wp-content\/uploads\/photo-gallery\/Sportabzeichentag-2023-LR-24.jpg?bwg=1694613743\" data-elementor-open-lightbox=\"no\">                <div class=\"bwg-item0 \">          <div class=\"bwg-item1 \">            <div class=\"bwg-item2\">              <img decoding=\"async\" class=\"skip-lazy bwg_standart_thumb_img_0 \"                   data-id=\"7999\"                   data-width=\"300.00\"                   data-height=\"225.00\"                   data-src=\"https:\/\/max-emden.de\/wordpress\/wp-content\/uploads\/photo-gallery\/thumb\/Sportabzeichentag-2023-LR-24.jpg?bwg=1694613743\"                   src=\"https:\/\/max-emden.de\/wordpress\/wp-content\/uploads\/photo-gallery\/thumb\/Sportabzeichentag-2023-LR-24.jpg?bwg=1694613743\"                   alt=\"Sportabzeichentag-2023-LR-24\"                   title=\"Sportabzeichentag-2023-LR-24\" \/>            <\/div>            <div class=\"\">                                                      <\/div>          <\/div>        <\/div>                        <\/a>              <\/div>            <div class=\"bwg-item\">        <a class=\"bwg-a  bwg_lightbox\"  data-image-id=\"8000\" href=\"https:\/\/max-emden.de\/wordpress\/wp-content\/uploads\/photo-gallery\/Sportabzeichentag-2023-LR-25.jpg?bwg=1694613743\" data-elementor-open-lightbox=\"no\">                <div class=\"bwg-item0 \">          <div class=\"bwg-item1 \">            <div class=\"bwg-item2\">              <img decoding=\"async\" class=\"skip-lazy bwg_standart_thumb_img_0 \"                   data-id=\"8000\"                   data-width=\"300.00\"                   data-height=\"225.00\"                   data-src=\"https:\/\/max-emden.de\/wordpress\/wp-content\/uploads\/photo-gallery\/thumb\/Sportabzeichentag-2023-LR-25.jpg?bwg=1694613743\"                   src=\"https:\/\/max-emden.de\/wordpress\/wp-content\/uploads\/photo-gallery\/thumb\/Sportabzeichentag-2023-LR-25.jpg?bwg=1694613743\"                   alt=\"Sportabzeichentag-2023-LR-25\"                   title=\"Sportabzeichentag-2023-LR-25\" \/>            <\/div>            <div class=\"\">                                                      <\/div>          <\/div>        <\/div>                        <\/a>              <\/div>            <div class=\"bwg-item\">        <a class=\"bwg-a  bwg_lightbox\"  data-image-id=\"8001\" href=\"https:\/\/max-emden.de\/wordpress\/wp-content\/uploads\/photo-gallery\/Sportabzeichentag-2023-LR-26.jpg?bwg=1694613743\" data-elementor-open-lightbox=\"no\">                <div class=\"bwg-item0 \">          <div class=\"bwg-item1 \">            <div class=\"bwg-item2\">              <img decoding=\"async\" class=\"skip-lazy bwg_standart_thumb_img_0 \"                   data-id=\"8001\"                   data-width=\"300.00\"                   data-height=\"225.00\"                   data-src=\"https:\/\/max-emden.de\/wordpress\/wp-content\/uploads\/photo-gallery\/thumb\/Sportabzeichentag-2023-LR-26.jpg?bwg=1694613743\"                   src=\"https:\/\/max-emden.de\/wordpress\/wp-content\/uploads\/photo-gallery\/thumb\/Sportabzeichentag-2023-LR-26.jpg?bwg=1694613743\"                   alt=\"Sportabzeichentag-2023-LR-26\"                   title=\"Sportabzeichentag-2023-LR-26\" \/>            <\/div>            <div class=\"\">                                                      <\/div>          <\/div>        <\/div>                        <\/a>              <\/div>            <div class=\"bwg-item\">        <a class=\"bwg-a  bwg_lightbox\"  data-image-id=\"8002\" href=\"https:\/\/max-emden.de\/wordpress\/wp-content\/uploads\/photo-gallery\/Sportabzeichentag-2023-LR-27.jpg?bwg=1694613743\" data-elementor-open-lightbox=\"no\">                <div class=\"bwg-item0 \">          <div class=\"bwg-item1 \">            <div class=\"bwg-item2\">              <img decoding=\"async\" class=\"skip-lazy bwg_standart_thumb_img_0 \"                   data-id=\"8002\"                   data-width=\"300.00\"                   data-height=\"225.00\"                   data-src=\"https:\/\/max-emden.de\/wordpress\/wp-content\/uploads\/photo-gallery\/thumb\/Sportabzeichentag-2023-LR-27.jpg?bwg=1694613743\"                   src=\"https:\/\/max-emden.de\/wordpress\/wp-content\/uploads\/photo-gallery\/thumb\/Sportabzeichentag-2023-LR-27.jpg?bwg=1694613743\"                   alt=\"Sportabzeichentag-2023-LR-27\"                   title=\"Sportabzeichentag-2023-LR-27\" \/>            <\/div>            <div class=\"\">                                                      <\/div>          <\/div>        <\/div>                        <\/a>              <\/div>            <div class=\"bwg-item\">        <a class=\"bwg-a  bwg_lightbox\"  data-image-id=\"8003\" href=\"https:\/\/max-emden.de\/wordpress\/wp-content\/uploads\/photo-gallery\/Sportabzeichentag-2023-LR-28.jpg?bwg=1694613743\" data-elementor-open-lightbox=\"no\">                <div class=\"bwg-item0 \">          <div class=\"bwg-item1 \">            <div class=\"bwg-item2\">              <img decoding=\"async\" class=\"skip-lazy bwg_standart_thumb_img_0 \"                   data-id=\"8003\"                   data-width=\"300.00\"                   data-height=\"225.00\"                   data-src=\"https:\/\/max-emden.de\/wordpress\/wp-content\/uploads\/photo-gallery\/thumb\/Sportabzeichentag-2023-LR-28.jpg?bwg=1694613743\"                   src=\"https:\/\/max-emden.de\/wordpress\/wp-content\/uploads\/photo-gallery\/thumb\/Sportabzeichentag-2023-LR-28.jpg?bwg=1694613743\"                   alt=\"Sportabzeichentag-2023-LR-28\"                   title=\"Sportabzeichentag-2023-LR-28\" \/>            <\/div>            <div class=\"\">                                                      <\/div>          <\/div>        <\/div>                        <\/a>              <\/div>            <div class=\"bwg-item\">        <a class=\"bwg-a  bwg_lightbox\"  data-image-id=\"8004\" href=\"https:\/\/max-emden.de\/wordpress\/wp-content\/uploads\/photo-gallery\/Sportabzeichentag-2023-LR-29.jpg?bwg=1694613743\" data-elementor-open-lightbox=\"no\">                <div class=\"bwg-item0 \">          <div class=\"bwg-item1 \">            <div class=\"bwg-item2\">              <img decoding=\"async\" class=\"skip-lazy bwg_standart_thumb_img_0 \"                   data-id=\"8004\"                   data-width=\"300.00\"                   data-height=\"225.00\"                   data-src=\"https:\/\/max-emden.de\/wordpress\/wp-content\/uploads\/photo-gallery\/thumb\/Sportabzeichentag-2023-LR-29.jpg?bwg=1694613743\"                   src=\"https:\/\/max-emden.de\/wordpress\/wp-content\/uploads\/photo-gallery\/thumb\/Sportabzeichentag-2023-LR-29.jpg?bwg=1694613743\"                   alt=\"Sportabzeichentag-2023-LR-29\"                   title=\"Sportabzeichentag-2023-LR-29\" \/>            <\/div>            <div class=\"\">                                                      <\/div>          <\/div>        <\/div>                        <\/a>              <\/div>            <div class=\"bwg-item\">        <a class=\"bwg-a  bwg_lightbox\"  data-image-id=\"8005\" href=\"https:\/\/max-emden.de\/wordpress\/wp-content\/uploads\/photo-gallery\/Sportabzeichentag-2023-LR-30.jpg?bwg=1694613743\" data-elementor-open-lightbox=\"no\">                <div class=\"bwg-item0 \">          <div class=\"bwg-item1 \">            <div class=\"bwg-item2\">              <img decoding=\"async\" class=\"skip-lazy bwg_standart_thumb_img_0 \"                   data-id=\"8005\"                   data-width=\"300.00\"                   data-height=\"225.00\"                   data-src=\"https:\/\/max-emden.de\/wordpress\/wp-content\/uploads\/photo-gallery\/thumb\/Sportabzeichentag-2023-LR-30.jpg?bwg=1694613743\"                   src=\"https:\/\/max-emden.de\/wordpress\/wp-content\/uploads\/photo-gallery\/thumb\/Sportabzeichentag-2023-LR-30.jpg?bwg=1694613743\"                   alt=\"Sportabzeichentag-2023-LR-30\"                   title=\"Sportabzeichentag-2023-LR-30\" \/>            <\/div>            <div class=\"\">                                                      <\/div>          <\/div>        <\/div>                        <\/a>              <\/div>          <\/div>    <style>      \/*pagination styles*\/      #bwg_container1_0 #bwg_container2_0 .tablenav-pages_0 {\t\t\t\ttext-align: center;\t\t\t\tfont-size: 12px;\t\t\t\tfont-family: segoe ui;\t\t\t\tfont-weight: bold;\t\t\t\tcolor: #666666;\t\t\t\tmargin: 6px 0 4px;\t\t\t\tdisplay: block;      }      @media only screen and (max-width : 320px) {      #bwg_container1_0 #bwg_container2_0 .displaying-num_0 {     \t display: none;      }      }      #bwg_container1_0 #bwg_container2_0 .displaying-num_0 {\t\t\t\tfont-size: 12px;\t\t\t\tfont-family: segoe ui;\t\t\t\tfont-weight: bold;\t\t\t\tcolor: #666666;\t\t\t\tmargin-right: 10px;\t\t\t\tvertical-align: middle;      }      #bwg_container1_0 #bwg_container2_0 .paging-input_0 {\t\t\t\tfont-size: 12px;\t\t\t\tfont-family: segoe ui;\t\t\t\tfont-weight: bold;\t\t\t\tcolor: #666666;\t\t\t\tvertical-align: middle;      }      #bwg_container1_0 #bwg_container2_0 .tablenav-pages_0 a.disabled,      #bwg_container1_0 #bwg_container2_0 .tablenav-pages_0 a.disabled:hover,      #bwg_container1_0 #bwg_container2_0 .tablenav-pages_0 a.disabled:focus,\t\t\t#bwg_container1_0 #bwg_container2_0 .tablenav-pages_0 input.bwg_current_page {\t\t\t\tcursor: default;\t\t\t\tcolor: rgba(102, 102, 102, 0.5);      }      #bwg_container1_0 #bwg_container2_0 .tablenav-pages_0 a,      #bwg_container1_0 #bwg_container2_0 .tablenav-pages_0 input.bwg_current_page {\t\t\t\tcursor: pointer;\t\t\t\ttext-align: center;\t\t\t\tfont-size: 12px;\t\t\t\tfont-family: segoe ui;\t\t\t\tfont-weight: bold;\t\t\t\tcolor: #666666;\t\t\t\ttext-decoration: none;\t\t\t\tpadding: 3px 6px;\t\t\t\tmargin: 0;\t\t\t\tborder-radius: 0;\t\t\t\tborder-style: solid;\t\t\t\tborder-width: 1px;\t\t\t\tborder-color: #E3E3E3;\t\t\t\t\t\t\t\tbackground-color: rgba(255, 255, 255, 1.00);\t\t\t\tbox-shadow: 0;\t\t\t\ttransition: all 0.3s ease 0s;-webkit-transition: all 0.3s ease 0s;      }      <\/style>      <span class=\"bwg_nav_cont_0\">              <div class=\"tablenav-pages_0\">                      <span class=\"pagination-links_0 pagination-links\" data-pages-count=\"2\">              <span class=\"pagination-links_col1\">              <a class=\"bwg-a first-page disabled\" title=\"Zur ersten Seite\" >\u00ab<\/a>              <a class=\"bwg-a prev-page disabled\" title=\"Zur vorherigen Seite\" >\u2039<\/a>              <\/span>\t\t\t\t\t\t\t<span class=\"pagination-links_col2\">\t\t\t\t\t\t\t\t\t<input type=\"number\" class=\"bwg_current_page\" name=\"bwg_current_page\" value=\"1\" data-url-info=\"page_number_0\" onkeypress=\"return bwg_change_page_0(event, this)\" min=\"1\" oninput=\"validity.valid||(value='')\" \/>\t\t\t\t\t\t\t\t\t\tvon\t\t\t\t\t\t\t\t\t\t<span class=\"total-pages_0\">\t\t\t\t\t\t\t\t\t\t\t2\t\t\t\t\t\t\t\t\t\t<\/span>\t\t\t\t\t\t\t<\/span>              <span class=\"pagination-links_col3\">                <a class=\"bwg-a next-page-0\" title=\"Zur n\u00e4chsten Seite\" href=\"\/wordpress\/wp-json\/wp\/v2\/posts\/16054?page_number_0=2\">\u203a<\/a>                <a class=\"bwg-a last-page-0\" title=\"Zur letzten Seite\" href=\"\/wordpress\/wp-json\/wp\/v2\/posts\/16054?page_number_0=2\">\u00bb<\/a>              <\/span>\t\t\t\t\t\t<\/span>\t\t\t\t\t\t        <\/div>                <input type=\"hidden\" id=\"page_number_0\" name=\"page_number_0\" value=\"1\" \/>      <script type=\"text\/javascript\">        if( jQuery('.bwg_nav_cont_0').length > 1 ) {          jQuery('.bwg_nav_cont_0').first().remove()        }        function spider_page_0(cur, x, y, load_more) {          if (typeof load_more == \"undefined\") {            var load_more = false;          }          if (jQuery(cur).hasClass('disabled')) {            return false;          }          var items_county_0 = 2;          switch (y) {            case 1:              if (x >= items_county_0) {                document.getElementById('page_number_0').value = items_county_0;              }              else {                document.getElementById('page_number_0').value = x + 1;              }              break;            case 2:              document.getElementById('page_number_0').value = items_county_0;              break;            case -1:              if (x == 1) {                document.getElementById('page_number_0').value = 1;              }              else {                document.getElementById('page_number_0').value = x - 1;              }              break;            case -2:              document.getElementById('page_number_0').value = 1;              break;\t\t\t\t\t\tcase 0:              document.getElementById('page_number_0').value = x;              break;            default:              document.getElementById('page_number_0').value = 1;          }          bwg_ajax('gal_front_form_0', '0', 'bwg_thumbnails_0', '0', '', 'gallery', 0, '', '', load_more, '', 1);        }                    jQuery('.first-page disabled').on('click', function () {              spider_page_0(this, 1, -2, 'numeric');              return false;            });            jQuery('.prev-page disabled').on('click', function () {              spider_page_0(this, 1, -1, 'numeric');              return false;            });            jQuery('.next-page-0').on('click', function () {              spider_page_0(this, 1, 1, 'numeric');              return false;            });            jQuery('.last-page-0').on('click', function () {              spider_page_0(this, 1, 2, 'numeric');              return false;            });        \t\t\t\t\/* Change page on input enter. *\/        function bwg_change_page_0( e, that ) {          if (  e.key == 'Enter' ) {            var to_page = parseInt(jQuery(that).val());            var pages_count = jQuery(that).parents(\".pagination-links\").data(\"pages-count\");            var current_url_param = jQuery(that).attr('data-url-info');            if (to_page > pages_count) {              to_page = 1;            }\t \t\t\t\t\t\t\t\t\t\t\t\tspider_page_0(this, to_page, 0, 'numeric');\t\t\t\t\t\t\treturn false;\t\t\t\t\t\t          }          return true;        }        jQuery('.bwg_load_btn_0').on('click', function () {            spider_page_0(this, 1, 1, true);            return false;        });      <\/script>      <\/span>                <\/div>        <\/form>        <style>          #bwg_container1_0 #bwg_container2_0 #spider_popup_overlay_0 {          background-color: #000000;          opacity: 0.70;          }          <\/style>        <div id=\"bwg_spider_popup_loading_0\" class=\"bwg_spider_popup_loading\"><\/div>        <div id=\"spider_popup_overlay_0\" class=\"spider_popup_overlay\" onclick=\"spider_destroypopup(1000)\"><\/div>        <input type=\"hidden\" id=\"bwg_random_seed_0\" value=\"2011876174\">                <\/div>    <\/div>    <script>      if (document.readyState === 'complete') {        if( typeof bwg_main_ready == 'function' ) {          if ( jQuery(\"#bwg_container1_0\").height() ) {            bwg_main_ready(jQuery(\"#bwg_container1_0\"));          }        }      } else {        document.addEventListener('DOMContentLoaded', function() {          if( typeof bwg_main_ready == 'function' ) {            if ( jQuery(\"#bwg_container1_0\").height() ) {             bwg_main_ready(jQuery(\"#bwg_container1_0\"));            }          }        });      }    <\/script>    \n","protected":false},"excerpt":{"rendered":"<p>Ballwurf, Weitsprung, Sprint und Kugelsto\u00dfen standen am Mittwoch auf dem Stundenplan des Max: Am inzwischen traditionellen Sportabzeichentag gaben die Sch\u00fcler:innen alles, um die Bedingungen f\u00fcr<a class=\"moretag\" href=\"https:\/\/max-emden.de\/wordpress\/tolle-leistungen-beim-sportabzeichentag\/\"> [&#8230;]<\/a><\/p>\n","protected":false},"author":3,"featured_media":16057,"comment_status":"closed","ping_status":"closed","sticky":false,"template":"","format":"standard","meta":{"footnotes":""},"categories":[52],"tags":[96],"class_list":["post-16054","post","type-post","status-publish","format-standard","has-post-thumbnail","hentry","category-sport","tag-aktuell"],"_links":{"self":[{"href":"https:\/\/max-emden.de\/wordpress\/wp-json\/wp\/v2\/posts\/16054","targetHints":{"allow":["GET"]}}],"collection":[{"href":"https:\/\/max-emden.de\/wordpress\/wp-json\/wp\/v2\/posts"}],"about":[{"href":"https:\/\/max-emden.de\/wordpress\/wp-json\/wp\/v2\/types\/post"}],"author":[{"embeddable":true,"href":"https:\/\/max-emden.de\/wordpress\/wp-json\/wp\/v2\/users\/3"}],"replies":[{"embeddable":true,"href":"https:\/\/max-emden.de\/wordpress\/wp-json\/wp\/v2\/comments?post=16054"}],"version-history":[{"count":2,"href":"https:\/\/max-emden.de\/wordpress\/wp-json\/wp\/v2\/posts\/16054\/revisions"}],"predecessor-version":[{"id":16065,"href":"https:\/\/max-emden.de\/wordpress\/wp-json\/wp\/v2\/posts\/16054\/revisions\/16065"}],"wp:featuredmedia":[{"embeddable":true,"href":"https:\/\/max-emden.de\/wordpress\/wp-json\/wp\/v2\/media\/16057"}],"wp:attachment":[{"href":"https:\/\/max-emden.de\/wordpress\/wp-json\/wp\/v2\/media?parent=16054"}],"wp:term":[{"taxonomy":"category","embeddable":true,"href":"https:\/\/max-emden.de\/wordpress\/wp-json\/wp\/v2\/categories?post=16054"},{"taxonomy":"post_tag","embeddable":true,"href":"https:\/\/max-emden.de\/wordpress\/wp-json\/wp\/v2\/tags?post=16054"}],"curies":[{"name":"wp","href":"https:\/\/api.w.org\/{rel}","templated":true}]}}