{"id":16250,"date":"2023-11-06T18:49:33","date_gmt":"2023-11-06T17:49:33","guid":{"rendered":"https:\/\/max-emden.de\/wordpress\/?p=16250"},"modified":"2023-11-23T10:31:49","modified_gmt":"2023-11-23T09:31:49","slug":"bauernsterben-bartholomaeus-grill-liest-in-emden","status":"publish","type":"post","link":"https:\/\/max-emden.de\/wordpress\/bauernsterben-bartholomaeus-grill-liest-in-emden\/","title":{"rendered":"\u201eBauernsterben&#8220; &#8211; Bartholom\u00e4us Grill am 16. November in Emden"},"content":{"rendered":"<p><a href=\"https:\/\/max-emden.de\/wordpress\/wp-content\/uploads\/2023\/11\/K1024_BGrillVersanstaltung.jpg\"><img fetchpriority=\"high\" decoding=\"async\" class=\"alignnone size-large wp-image-16251\" src=\"https:\/\/max-emden.de\/wordpress\/wp-content\/uploads\/2023\/11\/K1024_BGrillVersanstaltung-724x1024.jpg\" alt=\"\" width=\"724\" height=\"1024\" srcset=\"https:\/\/max-emden.de\/wordpress\/wp-content\/uploads\/2023\/11\/K1024_BGrillVersanstaltung-724x1024.jpg 724w, https:\/\/max-emden.de\/wordpress\/wp-content\/uploads\/2023\/11\/K1024_BGrillVersanstaltung-212x300.jpg 212w, https:\/\/max-emden.de\/wordpress\/wp-content\/uploads\/2023\/11\/K1024_BGrillVersanstaltung.jpg 768w\" sizes=\"(max-width: 724px) 100vw, 724px\" \/><\/a><\/p>\n<p>\u201eWir hatten einen Bauernhof im Voralpenland. 25 Hektar gro\u00df, ein Mischbetrieb, Ackerbau und Viehzucht, freilaufende H\u00fchner, vier, f\u00fcnf Schweine in ger\u00e4umigen Koben, dazu ein paar Tagwerk Wald. Auf den Wiesen grasten 22 Milchk\u00fche. Im Hausgang hing der Stammbaum mit dem Wappen unserer Familie.\u201c Bartholom\u00e4us Grill wuchs auf einem Bauernhof wie aus dem Bilderbuch auf. \u00dcber Jahrhunderte hatten seine Vorfahren einen Hof bewirtschaftet, der heute nicht mehr existiert \u2013 wie so viele andere\u2026<\/p>\n<p>In seinem neuen Buch beschreibt Grill beschreibt eine der destruktivsten Kr\u00e4fte, die die Menschheit je entfesselt hat: die industrielle Landwirtschaft und die \u00f6konomischen, \u00f6kologischen und sozialen Sch\u00e4den, die sie anrichtet. Im Zentrum steht die Pl\u00fcnderung der begrenzten biologischen Ressourcen und die fl\u00e4chendeckende Zerst\u00f6rung unserer Lebensgrundlagen. Es geht um den Krieg gegen die Natur \u2013 und gegen uns selbst. Dieses Buch ist ein leidenschaftlicher Appell f\u00fcr eine radikale Transformation unseres Landwirtschafts\u2010 und Ern\u00e4hrungssystems.<\/p>\n<p><strong>Am 16.11.2023 kommt Bartholom\u00e4us Grill nach Emden, um aus seinem neuen Buch zu lesen und dar\u00fcber zu diskutieren. Die Veranstaltung beginnt um 19:30 Uhr und findet im Coram der HS Emden\/ Leer statt. Der Eintritt ist frei.<\/strong><\/p>\n<p><em>Die Lesung findet mit Unterst\u00fctzung von Brot f\u00fcr die Welt, der Diakonie der Evangelisch-reformierten Kirche, dem Bezirk Conrebbersweg \/ Constantia der Ev.-ref. Gemeinde Emden, dem Synodalverbandes n\u00f6rdl. Ostfriesland, dem \u00d6kowerk Emden e.V., der Hochschule Emden\/ Leer und dem F\u00f6rderverein des Max-Windm\u00fcller-Gymnasium statt. <\/em><\/p>\n<p>Bartholom\u00e4us Grill, 1954 in Oberaudorf am Inn geboren, wuchs auf einem Bauernhof auf, den seine Eltern in der Tradition nachhaltiger Kreislaufwirtschaft f\u00fchrten. Er studierte Philosophie, Soziologie und Kunstgeschichte. Vier Jahrzehnte lang hat er als Korrespondent der ZEIT und des SPIEGEL aus Afrika berichtet und immer wieder \u00fcber den Siegeszug der globalen Landwirtschaft geschrieben. 2006 wurde er f\u00fcr eine Reportage \u00fcber den Tod seines Bruders mit dem Egon\u2010Erwin\u2010Kisch\u2010Preis ausgezeichnet. Grill ver\u00f6ffentlichte den Bestseller \u00bbAch, Afrika\u00ab (2003), au\u00dferdem \u00bbUm uns die Toten\u00ab (2014), \u00bbWir Herrenmenschen\u00ab (2019) und zuletzt \u00bbAfrika!\u00ab (2021). Er lebt in Kapstadt.<\/p>\n","protected":false},"excerpt":{"rendered":"<p>\u201eWir hatten einen Bauernhof im Voralpenland. 25 Hektar gro\u00df, ein Mischbetrieb, Ackerbau und Viehzucht, freilaufende H\u00fchner, vier, f\u00fcnf Schweine in ger\u00e4umigen Koben, dazu ein paar<a class=\"moretag\" href=\"https:\/\/max-emden.de\/wordpress\/bauernsterben-bartholomaeus-grill-liest-in-emden\/\"> [&#8230;]<\/a><\/p>\n","protected":false},"author":3,"featured_media":14529,"comment_status":"closed","ping_status":"closed","sticky":false,"template":"","format":"standard","meta":{"footnotes":""},"categories":[2],"tags":[96],"class_list":["post-16250","post","type-post","status-publish","format-standard","has-post-thumbnail","hentry","category-allgemein","tag-aktuell"],"_links":{"self":[{"href":"https:\/\/max-emden.de\/wordpress\/wp-json\/wp\/v2\/posts\/16250","targetHints":{"allow":["GET"]}}],"collection":[{"href":"https:\/\/max-emden.de\/wordpress\/wp-json\/wp\/v2\/posts"}],"about":[{"href":"https:\/\/max-emden.de\/wordpress\/wp-json\/wp\/v2\/types\/post"}],"author":[{"embeddable":true,"href":"https:\/\/max-emden.de\/wordpress\/wp-json\/wp\/v2\/users\/3"}],"replies":[{"embeddable":true,"href":"https:\/\/max-emden.de\/wordpress\/wp-json\/wp\/v2\/comments?post=16250"}],"version-history":[{"count":2,"href":"https:\/\/max-emden.de\/wordpress\/wp-json\/wp\/v2\/posts\/16250\/revisions"}],"predecessor-version":[{"id":16254,"href":"https:\/\/max-emden.de\/wordpress\/wp-json\/wp\/v2\/posts\/16250\/revisions\/16254"}],"wp:featuredmedia":[{"embeddable":true,"href":"https:\/\/max-emden.de\/wordpress\/wp-json\/wp\/v2\/media\/14529"}],"wp:attachment":[{"href":"https:\/\/max-emden.de\/wordpress\/wp-json\/wp\/v2\/media?parent=16250"}],"wp:term":[{"taxonomy":"category","embeddable":true,"href":"https:\/\/max-emden.de\/wordpress\/wp-json\/wp\/v2\/categories?post=16250"},{"taxonomy":"post_tag","embeddable":true,"href":"https:\/\/max-emden.de\/wordpress\/wp-json\/wp\/v2\/tags?post=16250"}],"curies":[{"name":"wp","href":"https:\/\/api.w.org\/{rel}","templated":true}]}}