{"id":16280,"date":"2023-11-13T20:39:11","date_gmt":"2023-11-13T19:39:11","guid":{"rendered":"https:\/\/max-emden.de\/wordpress\/?p=16280"},"modified":"2023-11-28T22:33:13","modified_gmt":"2023-11-28T21:33:13","slug":"internationale-jugendtagung-der-climate-action-project-schulen","status":"publish","type":"post","link":"https:\/\/max-emden.de\/wordpress\/internationale-jugendtagung-der-climate-action-project-schulen\/","title":{"rendered":"Internationale Jugendtagung der Climate Action Project-Schulen"},"content":{"rendered":"<figure id=\"attachment_16281\" aria-describedby=\"caption-attachment-16281\" style=\"width: 747px\" class=\"wp-caption alignnone\"><a href=\"https:\/\/max-emden.de\/wordpress\/wp-content\/uploads\/2023\/11\/International-Youth-Confernece.png\"><img fetchpriority=\"high\" decoding=\"async\" class=\"wp-image-16281 size-large\" src=\"https:\/\/max-emden.de\/wordpress\/wp-content\/uploads\/2023\/11\/International-Youth-Confernece-e1699904130733-1024x443.png\" alt=\"\" width=\"747\" height=\"323\" srcset=\"https:\/\/max-emden.de\/wordpress\/wp-content\/uploads\/2023\/11\/International-Youth-Confernece-e1699904130733-1024x443.png 1024w, https:\/\/max-emden.de\/wordpress\/wp-content\/uploads\/2023\/11\/International-Youth-Confernece-e1699904130733-300x130.png 300w, https:\/\/max-emden.de\/wordpress\/wp-content\/uploads\/2023\/11\/International-Youth-Confernece-e1699904130733-768x332.png 768w, https:\/\/max-emden.de\/wordpress\/wp-content\/uploads\/2023\/11\/International-Youth-Confernece-e1699904130733-1536x664.png 1536w, https:\/\/max-emden.de\/wordpress\/wp-content\/uploads\/2023\/11\/International-Youth-Confernece-e1699904130733.png 1622w\" sizes=\"(max-width: 747px) 100vw, 747px\" \/><\/a><figcaption id=\"caption-attachment-16281\" class=\"wp-caption-text\"><em>Zum dritten Mal fand ein internationales Jugendtreffen der CAP-Schulen mit den nieders\u00e4chsischen Partnerregionen und -l\u00e4ndern statt.<\/em><\/figcaption><\/figure>\n<p>Am 9.11.23 fand erneut die Internationale Jugendtagung statt. Die Internationale Jugendtagung wird von den Climate Action Project Schulen organisiert und arbeitet mit Schulen in L\u00e4ndern wie Japan, Deutschland, S\u00fcdafrika und China zusammen. Thematisch geht es darum, Schulen auf der ganzen Welt klimafreundlicher zu gestalten. Im Gegensatz zur Konferenz im Mai, bei der zum ersten Mal das Konzept eines Hackathons vorgestellt wurde, ging es bei diesem Zusammentreffen um unsere Umsetzung der Dinge die wir bei der ersten Veranstaltung gelernt haben. Ein Hackathon bezeichnet eine Arbeitsgruppe aus verschiedenen Personen (z. B. Unterschiedlichen Alters), die sich f\u00fcr eine bestimmte Zeit mit der L\u00f6sung ausgew\u00e4hlter Probleme besch\u00e4ftigt.<\/p>\n<figure id=\"attachment_16282\" aria-describedby=\"caption-attachment-16282\" style=\"width: 747px\" class=\"wp-caption alignnone\"><a href=\"https:\/\/max-emden.de\/wordpress\/wp-content\/uploads\/2023\/11\/Wortwolke-1.png\"><img decoding=\"async\" class=\"wp-image-16282 size-large\" src=\"https:\/\/max-emden.de\/wordpress\/wp-content\/uploads\/2023\/11\/Wortwolke-1-e1699904173734-1024x517.png\" alt=\"\" width=\"747\" height=\"377\" srcset=\"https:\/\/max-emden.de\/wordpress\/wp-content\/uploads\/2023\/11\/Wortwolke-1-e1699904173734-1024x517.png 1024w, https:\/\/max-emden.de\/wordpress\/wp-content\/uploads\/2023\/11\/Wortwolke-1-e1699904173734-300x151.png 300w, https:\/\/max-emden.de\/wordpress\/wp-content\/uploads\/2023\/11\/Wortwolke-1-e1699904173734-768x388.png 768w, https:\/\/max-emden.de\/wordpress\/wp-content\/uploads\/2023\/11\/Wortwolke-1-e1699904173734.png 1535w\" sizes=\"(max-width: 747px) 100vw, 747px\" \/><\/a><figcaption id=\"caption-attachment-16282\" class=\"wp-caption-text\"><em>W\u00fcnsche f\u00fcr die Zukunft &#8211; ganz zentral: Frieden!<\/em><\/figcaption><\/figure>\n<p>F\u00fcr uns, die Klimaratsvorsitzenden Julia und Deike, bat die Konferenz eine gute Gelegenheit den anderen Teilnehmern und Teilnehmerinnen unsere Erfahrungen, die wir bei unserem eigenem Hackathon im September gesammelt haben, zu teilen. In Kleingruppen fand 70 Minuten lang ein interessanter Austausch \u00fcber die unterschiedlichsten Themen statt, die unsere verschiedenen Schulen betreffen. Schlussendlich sammelten wir sogar neue Projektideen, beispielsweise f\u00fcr M\u00fcllsammelaktionen, zur Konsumreduzierung sowie nachhaltige Mobilit\u00e4ts-L\u00f6sungen.<\/p>\n","protected":false},"excerpt":{"rendered":"<p>Am 9.11.23 fand erneut die Internationale Jugendtagung statt. Die Internationale Jugendtagung wird von den Climate Action Project Schulen organisiert und arbeitet mit Schulen in L\u00e4ndern<a class=\"moretag\" href=\"https:\/\/max-emden.de\/wordpress\/internationale-jugendtagung-der-climate-action-project-schulen\/\"> [&#8230;]<\/a><\/p>\n","protected":false},"author":3,"featured_media":16281,"comment_status":"closed","ping_status":"closed","sticky":false,"template":"","format":"standard","meta":{"footnotes":""},"categories":[11,89],"tags":[96],"class_list":["post-16280","post","type-post","status-publish","format-standard","has-post-thumbnail","hentry","category-nachhaltigkeit","category-unesco","tag-aktuell"],"_links":{"self":[{"href":"https:\/\/max-emden.de\/wordpress\/wp-json\/wp\/v2\/posts\/16280","targetHints":{"allow":["GET"]}}],"collection":[{"href":"https:\/\/max-emden.de\/wordpress\/wp-json\/wp\/v2\/posts"}],"about":[{"href":"https:\/\/max-emden.de\/wordpress\/wp-json\/wp\/v2\/types\/post"}],"author":[{"embeddable":true,"href":"https:\/\/max-emden.de\/wordpress\/wp-json\/wp\/v2\/users\/3"}],"replies":[{"embeddable":true,"href":"https:\/\/max-emden.de\/wordpress\/wp-json\/wp\/v2\/comments?post=16280"}],"version-history":[{"count":1,"href":"https:\/\/max-emden.de\/wordpress\/wp-json\/wp\/v2\/posts\/16280\/revisions"}],"predecessor-version":[{"id":16283,"href":"https:\/\/max-emden.de\/wordpress\/wp-json\/wp\/v2\/posts\/16280\/revisions\/16283"}],"wp:featuredmedia":[{"embeddable":true,"href":"https:\/\/max-emden.de\/wordpress\/wp-json\/wp\/v2\/media\/16281"}],"wp:attachment":[{"href":"https:\/\/max-emden.de\/wordpress\/wp-json\/wp\/v2\/media?parent=16280"}],"wp:term":[{"taxonomy":"category","embeddable":true,"href":"https:\/\/max-emden.de\/wordpress\/wp-json\/wp\/v2\/categories?post=16280"},{"taxonomy":"post_tag","embeddable":true,"href":"https:\/\/max-emden.de\/wordpress\/wp-json\/wp\/v2\/tags?post=16280"}],"curies":[{"name":"wp","href":"https:\/\/api.w.org\/{rel}","templated":true}]}}