{"id":16294,"date":"2023-11-16T14:19:23","date_gmt":"2023-11-16T13:19:23","guid":{"rendered":"https:\/\/max-emden.de\/wordpress\/?p=16294"},"modified":"2023-12-21T23:39:50","modified_gmt":"2023-12-21T22:39:50","slug":"infotag-fuer-grundschuelerinnen","status":"publish","type":"post","link":"https:\/\/max-emden.de\/wordpress\/infotag-fuer-grundschuelerinnen\/","title":{"rendered":"Infotag f\u00fcr Grundsch\u00fcler*innen"},"content":{"rendered":"<p>Liebe Viertkl\u00e4ssler*innen, sehr geehrte Eltern,<\/p>\n<p>aufgrund der gro\u00dfen Nachfrage f\u00fcr unseren GS-Infotag am 25.11.2023 <a name=\"_GoBack\"><\/a>sind bereits alle Pl\u00e4tze besetzt.<\/p>\n<p>Diejenigen, die sich jetzt noch anmelden, m\u00fcssen wir leider auf eine Warteliste setzen. Sie werden ggf. kurzfristig benachrichtigt, wenn ein Platz frei wird.<\/p>\n<p>Wir bieten auf jeden Fall noch einen Elternabend vor den Osterferien zur Beratung an. Sollten jetzt viele Interessent*innen nicht ber\u00fccksichtigt werden k\u00f6nnen, werden wir auch noch eine Schulf\u00fchrung vor Weihnachten erm\u00f6glichen.<\/p>\n<p>Wir freuen uns \u00fcber das gro\u00dfe Interesse, bitten aber auch um Verst\u00e4ndnis f\u00fcr unsere begrenzten Kapazit\u00e4ten.<\/p>\n<p>Herzliche Gr\u00fc\u00dfe vom Max-Team!<\/p>\n","protected":false},"excerpt":{"rendered":"<p>Liebe Viertkl\u00e4ssler*innen, sehr geehrte Eltern, aufgrund der gro\u00dfen Nachfrage f\u00fcr unseren GS-Infotag am 25.11.2023 sind bereits alle Pl\u00e4tze besetzt. Diejenigen, die sich jetzt noch anmelden,<a class=\"moretag\" href=\"https:\/\/max-emden.de\/wordpress\/infotag-fuer-grundschuelerinnen\/\"> [&#8230;]<\/a><\/p>\n","protected":false},"author":1,"featured_media":833,"comment_status":"closed","ping_status":"closed","sticky":false,"template":"","format":"standard","meta":{"footnotes":""},"categories":[2],"tags":[],"class_list":["post-16294","post","type-post","status-publish","format-standard","has-post-thumbnail","hentry","category-allgemein"],"_links":{"self":[{"href":"https:\/\/max-emden.de\/wordpress\/wp-json\/wp\/v2\/posts\/16294","targetHints":{"allow":["GET"]}}],"collection":[{"href":"https:\/\/max-emden.de\/wordpress\/wp-json\/wp\/v2\/posts"}],"about":[{"href":"https:\/\/max-emden.de\/wordpress\/wp-json\/wp\/v2\/types\/post"}],"author":[{"embeddable":true,"href":"https:\/\/max-emden.de\/wordpress\/wp-json\/wp\/v2\/users\/1"}],"replies":[{"embeddable":true,"href":"https:\/\/max-emden.de\/wordpress\/wp-json\/wp\/v2\/comments?post=16294"}],"version-history":[{"count":1,"href":"https:\/\/max-emden.de\/wordpress\/wp-json\/wp\/v2\/posts\/16294\/revisions"}],"predecessor-version":[{"id":16295,"href":"https:\/\/max-emden.de\/wordpress\/wp-json\/wp\/v2\/posts\/16294\/revisions\/16295"}],"wp:featuredmedia":[{"embeddable":true,"href":"https:\/\/max-emden.de\/wordpress\/wp-json\/wp\/v2\/media\/833"}],"wp:attachment":[{"href":"https:\/\/max-emden.de\/wordpress\/wp-json\/wp\/v2\/media?parent=16294"}],"wp:term":[{"taxonomy":"category","embeddable":true,"href":"https:\/\/max-emden.de\/wordpress\/wp-json\/wp\/v2\/categories?post=16294"},{"taxonomy":"post_tag","embeddable":true,"href":"https:\/\/max-emden.de\/wordpress\/wp-json\/wp\/v2\/tags?post=16294"}],"curies":[{"name":"wp","href":"https:\/\/api.w.org\/{rel}","templated":true}]}}