{"id":16296,"date":"2023-11-16T14:18:38","date_gmt":"2023-11-16T13:18:38","guid":{"rendered":"https:\/\/max-emden.de\/wordpress\/?p=16296"},"modified":"2023-11-28T22:34:40","modified_gmt":"2023-11-28T21:34:40","slug":"arie-windmueller-dafna-cohen-und-daniel-simon-ueber-den-krieg-in-israel","status":"publish","type":"post","link":"https:\/\/max-emden.de\/wordpress\/arie-windmueller-dafna-cohen-und-daniel-simon-ueber-den-krieg-in-israel\/","title":{"rendered":"OZ: Arie Windm\u00fcller, Dafna Cohen und Daniel Simon \u00fcber den Krieg in Israel"},"content":{"rendered":"<p>Am Morgen des 7. Oktober 2023 \u00fcberschlugen sich die Nachrichten in Israel: Terroristen der Hamas waren aus dem Gaza-Streifen in den S\u00fcden des Landes eingedrungen und ermordeten dort \u00fcber 1200 Menschen. Zudem wurden 240 Menschen als Geiseln in den Gaza-Streifen verschleppt. Ihr dortiger Aufenthaltsort ist nach wie unbekannt, ebenso ist unklar ob die Israelis, unter den auch etwa 20 Personen mit einem deutschen Pass sind, noch leben.<\/p>\n<figure id=\"attachment_15878\" aria-describedby=\"caption-attachment-15878\" style=\"width: 747px\" class=\"wp-caption alignnone\"><a href=\"https:\/\/max-emden.de\/wordpress\/wp-content\/uploads\/2023\/07\/Spuren-Maurice-Windmueller-Juni-2023-LR-43.jpg\"><img fetchpriority=\"high\" decoding=\"async\" class=\"wp-image-15878 size-large\" src=\"https:\/\/max-emden.de\/wordpress\/wp-content\/uploads\/2023\/07\/Spuren-Maurice-Windmueller-Juni-2023-LR-43-1024x683.jpg\" alt=\"\" width=\"747\" height=\"498\" srcset=\"https:\/\/max-emden.de\/wordpress\/wp-content\/uploads\/2023\/07\/Spuren-Maurice-Windmueller-Juni-2023-LR-43-1024x683.jpg 1024w, https:\/\/max-emden.de\/wordpress\/wp-content\/uploads\/2023\/07\/Spuren-Maurice-Windmueller-Juni-2023-LR-43-300x200.jpg 300w, https:\/\/max-emden.de\/wordpress\/wp-content\/uploads\/2023\/07\/Spuren-Maurice-Windmueller-Juni-2023-LR-43-768x512.jpg 768w, https:\/\/max-emden.de\/wordpress\/wp-content\/uploads\/2023\/07\/Spuren-Maurice-Windmueller-Juni-2023-LR-43-1536x1024.jpg 1536w, https:\/\/max-emden.de\/wordpress\/wp-content\/uploads\/2023\/07\/Spuren-Maurice-Windmueller-Juni-2023-LR-43.jpg 1600w\" sizes=\"(max-width: 747px) 100vw, 747px\" \/><\/a><figcaption id=\"caption-attachment-15878\" class=\"wp-caption-text\"><em>Arie Windm\u00fcller mit seiner Frau Shosh und Max-Sch\u00fclerinnen- und Sch\u00fclern in Groningen im Juni 2023<\/em><\/figcaption><\/figure>\n<p>Von den Ereignissen ist nahezu jeder Israeli &#8211; ob direkt oder indirekt, ob in Israel lebend oder im Ausland- betroffen. Das gilt nat\u00fcrlich auch f\u00fcr Freunde und G\u00e4ste unserer Schule: Arie Windm\u00fcller, der Neffe Max Windm\u00fcllers, war zuletzt mit seiner Frau Shosh im Juni 2023 in Emden, um mit der Sch\u00fclerinnen und Sch\u00fclern in den Niederlanden nach Spuren Maurice Windm\u00fcllers zu suchen.<\/p>\n<figure id=\"attachment_14265\" aria-describedby=\"caption-attachment-14265\" style=\"width: 747px\" class=\"wp-caption alignnone\"><a href=\"https:\/\/max-emden.de\/wordpress\/wp-content\/uploads\/2022\/06\/K1024_Israel-2022_Max-Windmueller-Gymnasium_Tobias-Bruns-51.jpg\"><img decoding=\"async\" class=\"wp-image-14265 size-large\" src=\"https:\/\/max-emden.de\/wordpress\/wp-content\/uploads\/2022\/06\/K1024_Israel-2022_Max-Windmueller-Gymnasium_Tobias-Bruns-51-1024x683.jpg\" alt=\"\" width=\"747\" height=\"498\" srcset=\"https:\/\/max-emden.de\/wordpress\/wp-content\/uploads\/2022\/06\/K1024_Israel-2022_Max-Windmueller-Gymnasium_Tobias-Bruns-51-1024x683.jpg 1024w, https:\/\/max-emden.de\/wordpress\/wp-content\/uploads\/2022\/06\/K1024_Israel-2022_Max-Windmueller-Gymnasium_Tobias-Bruns-51-300x200.jpg 300w, https:\/\/max-emden.de\/wordpress\/wp-content\/uploads\/2022\/06\/K1024_Israel-2022_Max-Windmueller-Gymnasium_Tobias-Bruns-51-768x512.jpg 768w, https:\/\/max-emden.de\/wordpress\/wp-content\/uploads\/2022\/06\/K1024_Israel-2022_Max-Windmueller-Gymnasium_Tobias-Bruns-51.jpg 1151w\" sizes=\"(max-width: 747px) 100vw, 747px\" \/><\/a><figcaption id=\"caption-attachment-14265\" class=\"wp-caption-text\"><em>Dafna Cohen (2v.l.) mit der deutsch-israelischen Projektgruppe &#8222;Keep the memory alive!&#8220;<\/em><\/figcaption><\/figure>\n<p>Dafna Cohen ist Lehrerin an der Nadav Democratic School in Modi&#8217;in und Kooperationspartnerin des Max-Projektes &#8222;Keep the memory alive!&#8220;. Zuletzt war sie im vergangen Jahr im Mai am Max, w\u00e4hrend die Emder Sch\u00fclerinnen und Sch\u00fcler im Juni 2022 in Israel waren. Ebenfalls im vergangenen Jahr war Daniel Simon mit seinem Vater Claudio Simon-Windm\u00fcller am Max, um aus ihrem Leben zu berichten.<\/p>\n<figure id=\"attachment_16302\" aria-describedby=\"caption-attachment-16302\" style=\"width: 747px\" class=\"wp-caption alignnone\"><a href=\"https:\/\/max-emden.de\/wordpress\/wp-content\/uploads\/2023\/11\/K1024_IMG_3438.jpg\"><img decoding=\"async\" class=\"wp-image-16302 size-large\" src=\"https:\/\/max-emden.de\/wordpress\/wp-content\/uploads\/2023\/11\/K1024_IMG_3438-1024x683.jpg\" alt=\"\" width=\"747\" height=\"498\" srcset=\"https:\/\/max-emden.de\/wordpress\/wp-content\/uploads\/2023\/11\/K1024_IMG_3438-1024x683.jpg 1024w, https:\/\/max-emden.de\/wordpress\/wp-content\/uploads\/2023\/11\/K1024_IMG_3438-300x200.jpg 300w, https:\/\/max-emden.de\/wordpress\/wp-content\/uploads\/2023\/11\/K1024_IMG_3438-768x512.jpg 768w, https:\/\/max-emden.de\/wordpress\/wp-content\/uploads\/2023\/11\/K1024_IMG_3438.jpg 1152w\" sizes=\"(max-width: 747px) 100vw, 747px\" \/><\/a><figcaption id=\"caption-attachment-16302\" class=\"wp-caption-text\"><em>Claudio Simon-Windm\u00fcller und Daniel Windm\u00fcller (re.) am Max am 27.1.2022<\/em><\/figcaption><\/figure>\n<p>In der Ostfriesen-Zeitung berichteten Arie Windm\u00fcller, Dafna Cohen und Daniel Simon \u00fcber die aktuelle Situation in Israel.<\/p>\n<p><a href=\"https:\/\/max-emden.de\/wordpress\/wp-content\/uploads\/2023\/11\/Interview_Arie-und-Dafna.pdf\">Artikel mit Dafna Cohen und Arie Windm\u00fcller<\/a><\/p>\n<p><a href=\"https:\/\/max-emden.de\/wordpress\/wp-content\/uploads\/2023\/11\/Interview_Daniel.pdf\">Artikel mit Daniel Simon<\/a><\/p>\n<p>Wir danken der OZ f\u00fcr die Genehmigung zur Ver\u00f6ffentlichung der Artikel!<\/p>\n<p>&nbsp;<\/p>\n<p>&nbsp;<\/p>\n","protected":false},"excerpt":{"rendered":"<p>Am Morgen des 7. Oktober 2023 \u00fcberschlugen sich die Nachrichten in Israel: Terroristen der Hamas waren aus dem Gaza-Streifen in den S\u00fcden des Landes eingedrungen<a class=\"moretag\" href=\"https:\/\/max-emden.de\/wordpress\/arie-windmueller-dafna-cohen-und-daniel-simon-ueber-den-krieg-in-israel\/\"> [&#8230;]<\/a><\/p>\n","protected":false},"author":3,"featured_media":16301,"comment_status":"closed","ping_status":"closed","sticky":false,"template":"","format":"standard","meta":{"footnotes":""},"categories":[9],"tags":[96],"class_list":["post-16296","post","type-post","status-publish","format-standard","has-post-thumbnail","hentry","category-max-windmueller","tag-aktuell"],"_links":{"self":[{"href":"https:\/\/max-emden.de\/wordpress\/wp-json\/wp\/v2\/posts\/16296","targetHints":{"allow":["GET"]}}],"collection":[{"href":"https:\/\/max-emden.de\/wordpress\/wp-json\/wp\/v2\/posts"}],"about":[{"href":"https:\/\/max-emden.de\/wordpress\/wp-json\/wp\/v2\/types\/post"}],"author":[{"embeddable":true,"href":"https:\/\/max-emden.de\/wordpress\/wp-json\/wp\/v2\/users\/3"}],"replies":[{"embeddable":true,"href":"https:\/\/max-emden.de\/wordpress\/wp-json\/wp\/v2\/comments?post=16296"}],"version-history":[{"count":3,"href":"https:\/\/max-emden.de\/wordpress\/wp-json\/wp\/v2\/posts\/16296\/revisions"}],"predecessor-version":[{"id":16305,"href":"https:\/\/max-emden.de\/wordpress\/wp-json\/wp\/v2\/posts\/16296\/revisions\/16305"}],"wp:featuredmedia":[{"embeddable":true,"href":"https:\/\/max-emden.de\/wordpress\/wp-json\/wp\/v2\/media\/16301"}],"wp:attachment":[{"href":"https:\/\/max-emden.de\/wordpress\/wp-json\/wp\/v2\/media?parent=16296"}],"wp:term":[{"taxonomy":"category","embeddable":true,"href":"https:\/\/max-emden.de\/wordpress\/wp-json\/wp\/v2\/categories?post=16296"},{"taxonomy":"post_tag","embeddable":true,"href":"https:\/\/max-emden.de\/wordpress\/wp-json\/wp\/v2\/tags?post=16296"}],"curies":[{"name":"wp","href":"https:\/\/api.w.org\/{rel}","templated":true}]}}