{"id":16361,"date":"2023-12-02T17:58:18","date_gmt":"2023-12-02T16:58:18","guid":{"rendered":"https:\/\/max-emden.de\/wordpress\/?p=16361"},"modified":"2023-12-21T23:35:22","modified_gmt":"2023-12-21T22:35:22","slug":"wattn-dat-unesco-podcast-online","status":"publish","type":"post","link":"https:\/\/max-emden.de\/wordpress\/wattn-dat-unesco-podcast-online\/","title":{"rendered":"Watt&#8217;n dat? &#8211; UNESCO-Podcast online"},"content":{"rendered":"<p><a href=\"https:\/\/max-emden.de\/wordpress\/wp-content\/uploads\/2023\/12\/Wattndat.png\"><img fetchpriority=\"high\" decoding=\"async\" class=\"alignnone size-full wp-image-16364\" src=\"https:\/\/max-emden.de\/wordpress\/wp-content\/uploads\/2023\/12\/Wattndat.png\" alt=\"\" width=\"887\" height=\"896\" srcset=\"https:\/\/max-emden.de\/wordpress\/wp-content\/uploads\/2023\/12\/Wattndat.png 887w, https:\/\/max-emden.de\/wordpress\/wp-content\/uploads\/2023\/12\/Wattndat-297x300.png 297w, https:\/\/max-emden.de\/wordpress\/wp-content\/uploads\/2023\/12\/Wattndat-768x776.png 768w\" sizes=\"(max-width: 887px) 100vw, 887px\" \/><\/a><\/p>\n<p>Schon geh\u00f6rt? Im neuen Podcast Wattn.dat steht das UNESCO-Weltnaturerbe Wattenmeer im Mittelpunkt! Produziert wurde er von Versavia, Lynn und Freya, die in den vergangenen Monaten im Rahmen des Projektes &#8222;Young Climate Action for World Heritage&#8220; des <a href=\"https:\/\/heritagestudies.eu\/young-climate-action-for-world-heritage\/\">Institute Heritage Studie<\/a>s und der Deutschen UNESCO-Kommission gearbeitet haben.<\/p>\n<p>Gemeinsam mit Partnern aus D\u00e4nemark und den Niederlanden haben sich die drei Max-Sch\u00fclerinnen mit dem Wattenmeer und den Folgen des Klimawandels f\u00fcr dieses besondere UNESCO-Welterbe auseinander gesetzt.<\/p>\n<p>H\u00f6ren k\u00f6nnt ihr den Podcast Wattn.dat auf Spotify &#8211; lohnt sich!<\/p>\n<p>Erschienen sind bislang zwei Folgen:<\/p>\n<p><iframe title=\"Spotify Embed: Knietief in der Nordsee, Folge 1 \" style=\"border-radius: 12px\" width=\"100%\" height=\"152\" frameborder=\"0\" allowfullscreen allow=\"autoplay; clipboard-write; encrypted-media; fullscreen; picture-in-picture\" loading=\"lazy\" src=\"https:\/\/open.spotify.com\/embed\/episode\/35WdLE5uqf1QshmSp9UOqN?si=922155aa11234c48&#038;utm_source=oembed\"><\/iframe><\/p>\n<p><iframe title=\"Spotify Embed: Watt\u2018n dat in Aktion, Folge 2                 (mit dem Gast Johann Saathoff)\" style=\"border-radius: 12px\" width=\"100%\" height=\"152\" frameborder=\"0\" allowfullscreen allow=\"autoplay; clipboard-write; encrypted-media; fullscreen; picture-in-picture\" loading=\"lazy\" src=\"https:\/\/open.spotify.com\/embed\/episode\/3nbpethyaAdWyAU1pFpHx0?si=342253853ced4155&#038;utm_source=oembed\"><\/iframe><\/p>\n<p>&nbsp;<\/p>\n","protected":false},"excerpt":{"rendered":"<p>Schon geh\u00f6rt? Im neuen Podcast Wattn.dat steht das UNESCO-Weltnaturerbe Wattenmeer im Mittelpunkt! Produziert wurde er von Versavia, Lynn und Freya, die in den vergangenen Monaten<a class=\"moretag\" href=\"https:\/\/max-emden.de\/wordpress\/wattn-dat-unesco-podcast-online\/\"> [&#8230;]<\/a><\/p>\n","protected":false},"author":3,"featured_media":16363,"comment_status":"closed","ping_status":"closed","sticky":false,"template":"","format":"standard","meta":{"footnotes":""},"categories":[89],"tags":[96],"class_list":["post-16361","post","type-post","status-publish","format-standard","has-post-thumbnail","hentry","category-unesco","tag-aktuell"],"_links":{"self":[{"href":"https:\/\/max-emden.de\/wordpress\/wp-json\/wp\/v2\/posts\/16361","targetHints":{"allow":["GET"]}}],"collection":[{"href":"https:\/\/max-emden.de\/wordpress\/wp-json\/wp\/v2\/posts"}],"about":[{"href":"https:\/\/max-emden.de\/wordpress\/wp-json\/wp\/v2\/types\/post"}],"author":[{"embeddable":true,"href":"https:\/\/max-emden.de\/wordpress\/wp-json\/wp\/v2\/users\/3"}],"replies":[{"embeddable":true,"href":"https:\/\/max-emden.de\/wordpress\/wp-json\/wp\/v2\/comments?post=16361"}],"version-history":[{"count":3,"href":"https:\/\/max-emden.de\/wordpress\/wp-json\/wp\/v2\/posts\/16361\/revisions"}],"predecessor-version":[{"id":16367,"href":"https:\/\/max-emden.de\/wordpress\/wp-json\/wp\/v2\/posts\/16361\/revisions\/16367"}],"wp:featuredmedia":[{"embeddable":true,"href":"https:\/\/max-emden.de\/wordpress\/wp-json\/wp\/v2\/media\/16363"}],"wp:attachment":[{"href":"https:\/\/max-emden.de\/wordpress\/wp-json\/wp\/v2\/media?parent=16361"}],"wp:term":[{"taxonomy":"category","embeddable":true,"href":"https:\/\/max-emden.de\/wordpress\/wp-json\/wp\/v2\/categories?post=16361"},{"taxonomy":"post_tag","embeddable":true,"href":"https:\/\/max-emden.de\/wordpress\/wp-json\/wp\/v2\/tags?post=16361"}],"curies":[{"name":"wp","href":"https:\/\/api.w.org\/{rel}","templated":true}]}}