{"id":16407,"date":"2023-12-15T18:53:10","date_gmt":"2023-12-15T17:53:10","guid":{"rendered":"https:\/\/max-emden.de\/wordpress\/?p=16407"},"modified":"2023-12-21T23:40:11","modified_gmt":"2023-12-21T22:40:11","slug":"channukka-feier-in-leer-mia-berichtet","status":"publish","type":"post","link":"https:\/\/max-emden.de\/wordpress\/channukka-feier-in-leer-mia-berichtet\/","title":{"rendered":"Chanukka-Feier in Leer &#8211; Mia berichtet"},"content":{"rendered":"<div class=\"I_ZkbNhI D_FY W_6D6F\" data-test-id=\"message-view-body\">\n<div class=\"msg-body P_wpofO mq_AS\" data-test-id=\"message-view-body-content\">\n<div class=\"jb_0 X_6MGW N_6Fd5\">\n<div dir=\"ltr\">\n<figure id=\"attachment_16412\" aria-describedby=\"caption-attachment-16412\" style=\"width: 747px\" class=\"wp-caption alignnone\"><a href=\"https:\/\/max-emden.de\/wordpress\/wp-content\/uploads\/2023\/12\/Chanukka-2023-5-1.jpg\"><img fetchpriority=\"high\" decoding=\"async\" class=\"wp-image-16412 size-large\" src=\"https:\/\/max-emden.de\/wordpress\/wp-content\/uploads\/2023\/12\/Chanukka-2023-5-1-1024x768.jpg\" alt=\"\" width=\"747\" height=\"560\" srcset=\"https:\/\/max-emden.de\/wordpress\/wp-content\/uploads\/2023\/12\/Chanukka-2023-5-1-1024x768.jpg 1024w, https:\/\/max-emden.de\/wordpress\/wp-content\/uploads\/2023\/12\/Chanukka-2023-5-1-300x225.jpg 300w, https:\/\/max-emden.de\/wordpress\/wp-content\/uploads\/2023\/12\/Chanukka-2023-5-1-768x576.jpg 768w, https:\/\/max-emden.de\/wordpress\/wp-content\/uploads\/2023\/12\/Chanukka-2023-5-1-1536x1152.jpg 1536w, https:\/\/max-emden.de\/wordpress\/wp-content\/uploads\/2023\/12\/Chanukka-2023-5-1.jpg 2048w\" sizes=\"(max-width: 747px) 100vw, 747px\" \/><\/a><figcaption id=\"caption-attachment-16412\" class=\"wp-caption-text\"><em>Mia mit Albrecht Weinberg und Gerda D\u00e4nekas und der Chanukkia der Familie Weinberg<\/em><\/figcaption><\/figure>\n<\/div>\n<div dir=\"ltr\">Nach der Ehrung mit dem Schalom-Chaver-Preis vor wenigen Wochen ging es nun erneut f\u00fcr Mia Bredebusch nach Leer: In der Ehemaligen J\u00fcdischen Schule nahm sie an der Chanukka-Feier zum letzten Tag des Festes teil:<\/div>\n<\/div>\n<div dir=\"ltr\"><\/div>\n<div class=\"jb_0 X_6MGW N_6Fd5\">\n<div dir=\"ltr\"><\/div>\n<div>\n<div dir=\"ltr\"><em>Das j\u00fcdische Lichterfest Chanukka ist eines der wichtigsten Feste im Judentum. Dennoch wird es weder bei uns in Emden noch in Leer weit verbreitet gefeiert, anders als zum Beispiel das christliche Weihnachtsfest. Das liegt an der traurigen Tatsache, dass es seit der Schoah in Emden und Leer keine j\u00fcdischen Gemeinden mehr gibt.<\/em><\/div>\n<div dir=\"ltr\">\n<figure id=\"attachment_16410\" aria-describedby=\"caption-attachment-16410\" style=\"width: 747px\" class=\"wp-caption alignnone\"><a href=\"https:\/\/max-emden.de\/wordpress\/wp-content\/uploads\/2023\/12\/Chanukka-2023-1.jpg\"><img decoding=\"async\" class=\"wp-image-16410 size-large\" src=\"https:\/\/max-emden.de\/wordpress\/wp-content\/uploads\/2023\/12\/Chanukka-2023-1-1024x768.jpg\" alt=\"\" width=\"747\" height=\"560\" srcset=\"https:\/\/max-emden.de\/wordpress\/wp-content\/uploads\/2023\/12\/Chanukka-2023-1-1024x768.jpg 1024w, https:\/\/max-emden.de\/wordpress\/wp-content\/uploads\/2023\/12\/Chanukka-2023-1-300x225.jpg 300w, https:\/\/max-emden.de\/wordpress\/wp-content\/uploads\/2023\/12\/Chanukka-2023-1-768x576.jpg 768w, https:\/\/max-emden.de\/wordpress\/wp-content\/uploads\/2023\/12\/Chanukka-2023-1.jpg 1290w\" sizes=\"(max-width: 747px) 100vw, 747px\" \/><\/a><figcaption id=\"caption-attachment-16410\" class=\"wp-caption-text\"><em>Acht Tage lang dauert es, bis alle acht Kerzen entz\u00fcndet worden sind. Traditionell findet das Lichtz\u00fcnden mit einer weiteren Kerze statt, die Schamasch (hebr. f\u00fcr Diener) genannt wird.<\/em><\/figcaption><\/figure>\n<\/div>\n<div dir=\"ltr\"><em>Umso besonderer war daher die Feier des achten Chanukka-Tages am 14. Dezember 2023 in der Ehemaligen J\u00fcdischen Schule in Leer mit dem Kantor der J\u00fcdischen Gemeinde Osnabr\u00fcck, Baruch Chauskin, und Albrecht Weinberg, der die Schoah \u00fcberlebte.<\/em><\/div>\n<div dir=\"ltr\"><em>Nach einer Begr\u00fc\u00dfung durch Susanne Bracht von der Gedenkst\u00e4tte und den Landrat Matthias Groote z\u00fcndeten Baruch Chauskin und Albrecht Weinberg gemeinsam die Kerzen der Chanukkia, des neunarmigen Chanukka-Kerzenleuchters, an.<\/em><\/div>\n<div dir=\"ltr\"><em>In Anschluss hielten Sch\u00fclerinnen des Ubbo-Emmius-Gymnasiums Leer eine kurze Pr\u00e4sentation \u00fcber das Fest und interviewten Baruch Chauskin und Albrecht Weinberg.<\/em><\/div>\n<\/div>\n<div dir=\"ltr\">\n<figure id=\"attachment_16411\" aria-describedby=\"caption-attachment-16411\" style=\"width: 747px\" class=\"wp-caption alignnone\"><a href=\"https:\/\/max-emden.de\/wordpress\/wp-content\/uploads\/2023\/12\/Chanukka-2023-2.jpg\"><img decoding=\"async\" class=\"wp-image-16411 size-large\" src=\"https:\/\/max-emden.de\/wordpress\/wp-content\/uploads\/2023\/12\/Chanukka-2023-2-1024x768.jpg\" alt=\"\" width=\"747\" height=\"560\" srcset=\"https:\/\/max-emden.de\/wordpress\/wp-content\/uploads\/2023\/12\/Chanukka-2023-2-1024x768.jpg 1024w, https:\/\/max-emden.de\/wordpress\/wp-content\/uploads\/2023\/12\/Chanukka-2023-2-300x225.jpg 300w, https:\/\/max-emden.de\/wordpress\/wp-content\/uploads\/2023\/12\/Chanukka-2023-2-768x576.jpg 768w, https:\/\/max-emden.de\/wordpress\/wp-content\/uploads\/2023\/12\/Chanukka-2023-2.jpg 1536w\" sizes=\"(max-width: 747px) 100vw, 747px\" \/><\/a><figcaption id=\"caption-attachment-16411\" class=\"wp-caption-text\"><em>Eine besonders gro\u00dfe Chanukkia aus Bourtange wurde im Hof der EJS gez\u00fcndet.<\/em><\/figcaption><\/figure>\n<\/div>\n<div>\n<div dir=\"ltr\"><em>Danach verlagerte sich die Feier nach drau\u00dfen vor das Geb\u00e4ude, wo eine weitere, gro\u00dfe Channukia entz\u00fcndet wurde.<\/em><\/div>\n<div dir=\"ltr\"><em>Kantor Baruch Chauskin begleitete die gesamte Veranstaltung am E-Piano und mit seiner tollen Stimme musikalisch: Er sang nicht nur gemeinsam mit Albrecht Weinberg den zeremoniellen Segen beim Entz\u00fcnden der Kerzen, sondern auch viele weitere Chanukka-Lieder. Dabei sorgte er f\u00fcr eine fr\u00f6hliche Stimmung, indem er auch das Publikum zum Mitsingen, Klatschen und einer kleinen Choreografie animierte.<\/em><\/div>\n<\/div>\n<div dir=\"ltr\">\n<figure id=\"attachment_16413\" aria-describedby=\"caption-attachment-16413\" style=\"width: 747px\" class=\"wp-caption alignnone\"><a href=\"https:\/\/max-emden.de\/wordpress\/wp-content\/uploads\/2023\/12\/Chanukka-2023-3.jpg\"><img loading=\"lazy\" decoding=\"async\" class=\"wp-image-16413 size-large\" src=\"https:\/\/max-emden.de\/wordpress\/wp-content\/uploads\/2023\/12\/Chanukka-2023-3-1024x768.jpg\" alt=\"\" width=\"747\" height=\"560\" srcset=\"https:\/\/max-emden.de\/wordpress\/wp-content\/uploads\/2023\/12\/Chanukka-2023-3-1024x768.jpg 1024w, https:\/\/max-emden.de\/wordpress\/wp-content\/uploads\/2023\/12\/Chanukka-2023-3-300x225.jpg 300w, https:\/\/max-emden.de\/wordpress\/wp-content\/uploads\/2023\/12\/Chanukka-2023-3-768x576.jpg 768w, https:\/\/max-emden.de\/wordpress\/wp-content\/uploads\/2023\/12\/Chanukka-2023-3.jpg 1536w\" sizes=\"(max-width: 747px) 100vw, 747px\" \/><\/a><figcaption id=\"caption-attachment-16413\" class=\"wp-caption-text\"><em>Zum Fest geh\u00f6ren nat\u00fcrlich auch Lieder&#8230;<\/em><\/figcaption><\/figure>\n<\/div>\n<div>\n<div dir=\"ltr\"><em>Es wurde jedoch auch Trauriges thematisiert. So widmete Baruch Chauskin eines der Lieder den Geiseln, die immer noch von der Hamas im Gazastreifen festgehalten werden und f\u00fcr deren \u00dcberleben und Freilassung wir weiterhin beten.<\/em><\/div>\n<div dir=\"ltr\"><\/div>\n<\/div>\n<div dir=\"ltr\">\n<figure id=\"attachment_16414\" aria-describedby=\"caption-attachment-16414\" style=\"width: 747px\" class=\"wp-caption alignnone\"><a href=\"https:\/\/max-emden.de\/wordpress\/wp-content\/uploads\/2023\/12\/Chanukka-2023-6.jpg\"><img loading=\"lazy\" decoding=\"async\" class=\"wp-image-16414 size-large\" src=\"https:\/\/max-emden.de\/wordpress\/wp-content\/uploads\/2023\/12\/Chanukka-2023-6-1024x769.jpg\" alt=\"\" width=\"747\" height=\"561\" srcset=\"https:\/\/max-emden.de\/wordpress\/wp-content\/uploads\/2023\/12\/Chanukka-2023-6-1024x769.jpg 1024w, https:\/\/max-emden.de\/wordpress\/wp-content\/uploads\/2023\/12\/Chanukka-2023-6-300x225.jpg 300w, https:\/\/max-emden.de\/wordpress\/wp-content\/uploads\/2023\/12\/Chanukka-2023-6-768x576.jpg 768w, https:\/\/max-emden.de\/wordpress\/wp-content\/uploads\/2023\/12\/Chanukka-2023-6.jpg 1267w\" sizes=\"(max-width: 747px) 100vw, 747px\" \/><\/a><figcaption id=\"caption-attachment-16414\" class=\"wp-caption-text\"><em>&#8230; und besondere Speisen: Latkes und Sufganiyot.<\/em><\/figcaption><\/figure>\n<\/div>\n<div>\n<div dir=\"ltr\"><em>Nachdem das Programm beendet war, gab es in lockerer Gespr\u00e4chsatmosph\u00e4re noch etwas zu essen und zu trinken &#8211; unter anderem Sufganiyot, ein typisches Chanukka-Geb\u00e4ck, das mit Berlinern vergleichbar ist.<\/em><\/div>\n<div dir=\"ltr\"><\/div>\n<div dir=\"ltr\"><em>Die Feier war sehr sch\u00f6n und interessant und es war eine Ehre f\u00fcr mich, teilnehmen zu d\u00fcrfen.<\/em><\/div>\n<\/div>\n<\/div>\n<\/div>\n<\/div>\n<div class=\"jb_0 X_6MGW N_6Fd5\" style=\"text-align: right;\"><em>Mia Bredebusch<\/em><\/div>\n","protected":false},"excerpt":{"rendered":"<p>Nach der Ehrung mit dem Schalom-Chaver-Preis vor wenigen Wochen ging es nun erneut f\u00fcr Mia Bredebusch nach Leer: In der Ehemaligen J\u00fcdischen Schule nahm sie<a class=\"moretag\" href=\"https:\/\/max-emden.de\/wordpress\/channukka-feier-in-leer-mia-berichtet\/\"> [&#8230;]<\/a><\/p>\n","protected":false},"author":3,"featured_media":16409,"comment_status":"closed","ping_status":"closed","sticky":false,"template":"","format":"standard","meta":{"footnotes":""},"categories":[9],"tags":[96],"class_list":["post-16407","post","type-post","status-publish","format-standard","has-post-thumbnail","hentry","category-max-windmueller","tag-aktuell"],"_links":{"self":[{"href":"https:\/\/max-emden.de\/wordpress\/wp-json\/wp\/v2\/posts\/16407","targetHints":{"allow":["GET"]}}],"collection":[{"href":"https:\/\/max-emden.de\/wordpress\/wp-json\/wp\/v2\/posts"}],"about":[{"href":"https:\/\/max-emden.de\/wordpress\/wp-json\/wp\/v2\/types\/post"}],"author":[{"embeddable":true,"href":"https:\/\/max-emden.de\/wordpress\/wp-json\/wp\/v2\/users\/3"}],"replies":[{"embeddable":true,"href":"https:\/\/max-emden.de\/wordpress\/wp-json\/wp\/v2\/comments?post=16407"}],"version-history":[{"count":4,"href":"https:\/\/max-emden.de\/wordpress\/wp-json\/wp\/v2\/posts\/16407\/revisions"}],"predecessor-version":[{"id":16446,"href":"https:\/\/max-emden.de\/wordpress\/wp-json\/wp\/v2\/posts\/16407\/revisions\/16446"}],"wp:featuredmedia":[{"embeddable":true,"href":"https:\/\/max-emden.de\/wordpress\/wp-json\/wp\/v2\/media\/16409"}],"wp:attachment":[{"href":"https:\/\/max-emden.de\/wordpress\/wp-json\/wp\/v2\/media?parent=16407"}],"wp:term":[{"taxonomy":"category","embeddable":true,"href":"https:\/\/max-emden.de\/wordpress\/wp-json\/wp\/v2\/categories?post=16407"},{"taxonomy":"post_tag","embeddable":true,"href":"https:\/\/max-emden.de\/wordpress\/wp-json\/wp\/v2\/tags?post=16407"}],"curies":[{"name":"wp","href":"https:\/\/api.w.org\/{rel}","templated":true}]}}