{"id":16585,"date":"2024-01-27T00:01:22","date_gmt":"2024-01-26T23:01:22","guid":{"rendered":"https:\/\/max-emden.de\/wordpress\/?p=16585"},"modified":"2024-02-16T08:24:37","modified_gmt":"2024-02-16T07:24:37","slug":"weremember-aktion-zum-int-holocaust-gedenktag","status":"publish","type":"post","link":"https:\/\/max-emden.de\/wordpress\/weremember-aktion-zum-int-holocaust-gedenktag\/","title":{"rendered":"#WeRemember &#8211; Aktion zum Int. Holocaust-Gedenktag"},"content":{"rendered":"<figure id=\"attachment_16586\" aria-describedby=\"caption-attachment-16586\" style=\"width: 747px\" class=\"wp-caption alignnone\"><a href=\"https:\/\/max-emden.de\/wordpress\/wp-content\/uploads\/2024\/01\/Weremember-2024-mit-Albrecht.jpg\"><img fetchpriority=\"high\" decoding=\"async\" class=\"wp-image-16586 size-large\" src=\"https:\/\/max-emden.de\/wordpress\/wp-content\/uploads\/2024\/01\/Weremember-2024-mit-Albrecht-e1706217729973-1024x563.jpg\" alt=\"\" width=\"747\" height=\"411\" srcset=\"https:\/\/max-emden.de\/wordpress\/wp-content\/uploads\/2024\/01\/Weremember-2024-mit-Albrecht-e1706217729973-1024x563.jpg 1024w, https:\/\/max-emden.de\/wordpress\/wp-content\/uploads\/2024\/01\/Weremember-2024-mit-Albrecht-e1706217729973-300x165.jpg 300w, https:\/\/max-emden.de\/wordpress\/wp-content\/uploads\/2024\/01\/Weremember-2024-mit-Albrecht-e1706217729973-768x422.jpg 768w, https:\/\/max-emden.de\/wordpress\/wp-content\/uploads\/2024\/01\/Weremember-2024-mit-Albrecht-e1706217729973-1536x845.jpg 1536w, https:\/\/max-emden.de\/wordpress\/wp-content\/uploads\/2024\/01\/Weremember-2024-mit-Albrecht-e1706217729973.jpg 2048w\" sizes=\"(max-width: 747px) 100vw, 747px\" \/><\/a><figcaption id=\"caption-attachment-16586\" class=\"wp-caption-text\"><em>Albrecht Weinberg \u00fcberlebte drei Konzentrationslager und erz\u00e4hlte mit Gerda D\u00e4nekas im Januar 2024 den zehnten Klassen des Max seine Geschichte. <\/em><\/figcaption><\/figure>\n<p>Am 27. Januar 1945 wurde das Konzentrations- und Vernichtungslager Auschwitz von den Soldaten der Roten Armee befreit. Allein dort wurden \u00fcber eine Million Menschen von den Nazis ermordet, weshalb seit 2005 dieser Tag der Internationale Tag des Gedenkens an die Opfer des Holocaust (International Holocaust Remembrance Day) ist.<\/p>\n<p>Die Sch\u00fclerinnen und Sch\u00fcler von Keep the memory alive! haben anl\u00e4sslich dieses Tages eine Fotoaktion in der Pausenhalle organisiert und daraus ein Video erstellt. Allen Unterst\u00fctzern vielen Dank!<\/p>\n<div class=\"lyte-wrapper fourthree\" style=\"width:420px;max-width:100%;margin:5px;\"><div class=\"lyMe\" id=\"WYL_aZVvcFkkHEs\"><div id=\"lyte_aZVvcFkkHEs\" data-src=\"https:\/\/max-emden.de\/wordpress\/wp-content\/plugins\/wp-youtube-lyte\/lyteCache.php?origThumbUrl=%2F%2Fi.ytimg.com%2Fvi%2FaZVvcFkkHEs%2Fhqdefault.jpg\" class=\"pL\"><div class=\"tC\"><div class=\"tT\"><\/div><\/div><div class=\"play\"><\/div><div class=\"ctrl\"><div class=\"Lctrl\"><\/div><div class=\"Rctrl\"><\/div><\/div><\/div><noscript><a href=\"https:\/\/youtu.be\/aZVvcFkkHEs\" rel=\"nofollow\"><img decoding=\"async\" src=\"https:\/\/max-emden.de\/wordpress\/wp-content\/plugins\/wp-youtube-lyte\/lyteCache.php?origThumbUrl=https%3A%2F%2Fi.ytimg.com%2Fvi%2FaZVvcFkkHEs%2F0.jpg\" alt=\"YouTube-Video-Vorschaubild\" width=\"420\" height=\"295\" \/><br \/>Dieses Video auf YouTube ansehen<\/a><\/noscript><\/div><\/div><div class=\"lL\" style=\"max-width:100%;width:420px;margin:5px;\"><\/div><\/p>\n","protected":false},"excerpt":{"rendered":"<p>Am 27. Januar 1945 wurde das Konzentrations- und Vernichtungslager Auschwitz von den Soldaten der Roten Armee befreit. Allein dort wurden \u00fcber eine Million Menschen von<a class=\"moretag\" href=\"https:\/\/max-emden.de\/wordpress\/weremember-aktion-zum-int-holocaust-gedenktag\/\"> [&#8230;]<\/a><\/p>\n","protected":false},"author":3,"featured_media":16586,"comment_status":"closed","ping_status":"closed","sticky":false,"template":"","format":"standard","meta":{"footnotes":""},"categories":[9,89],"tags":[96],"class_list":["post-16585","post","type-post","status-publish","format-standard","has-post-thumbnail","hentry","category-max-windmueller","category-unesco","tag-aktuell"],"_links":{"self":[{"href":"https:\/\/max-emden.de\/wordpress\/wp-json\/wp\/v2\/posts\/16585","targetHints":{"allow":["GET"]}}],"collection":[{"href":"https:\/\/max-emden.de\/wordpress\/wp-json\/wp\/v2\/posts"}],"about":[{"href":"https:\/\/max-emden.de\/wordpress\/wp-json\/wp\/v2\/types\/post"}],"author":[{"embeddable":true,"href":"https:\/\/max-emden.de\/wordpress\/wp-json\/wp\/v2\/users\/3"}],"replies":[{"embeddable":true,"href":"https:\/\/max-emden.de\/wordpress\/wp-json\/wp\/v2\/comments?post=16585"}],"version-history":[{"count":4,"href":"https:\/\/max-emden.de\/wordpress\/wp-json\/wp\/v2\/posts\/16585\/revisions"}],"predecessor-version":[{"id":16590,"href":"https:\/\/max-emden.de\/wordpress\/wp-json\/wp\/v2\/posts\/16585\/revisions\/16590"}],"wp:featuredmedia":[{"embeddable":true,"href":"https:\/\/max-emden.de\/wordpress\/wp-json\/wp\/v2\/media\/16586"}],"wp:attachment":[{"href":"https:\/\/max-emden.de\/wordpress\/wp-json\/wp\/v2\/media?parent=16585"}],"wp:term":[{"taxonomy":"category","embeddable":true,"href":"https:\/\/max-emden.de\/wordpress\/wp-json\/wp\/v2\/categories?post=16585"},{"taxonomy":"post_tag","embeddable":true,"href":"https:\/\/max-emden.de\/wordpress\/wp-json\/wp\/v2\/tags?post=16585"}],"curies":[{"name":"wp","href":"https:\/\/api.w.org\/{rel}","templated":true}]}}