{"id":16599,"date":"2024-01-28T21:31:02","date_gmt":"2024-01-28T20:31:02","guid":{"rendered":"https:\/\/max-emden.de\/wordpress\/?p=16599"},"modified":"2024-04-27T12:55:32","modified_gmt":"2024-04-27T10:55:32","slug":"normandieaustausch-2024","status":"publish","type":"post","link":"https:\/\/max-emden.de\/wordpress\/normandieaustausch-2024\/","title":{"rendered":"Normandieaustausch 2024"},"content":{"rendered":"<p>Liebe Sch\u00fclerInnen der Jahrg\u00e4nge 9\/10\/11,<\/p>\n<p>nach einem sehr erfolgreichen Austauschjahr 2022\/23<span class=\"Apple-converted-space\">\u00a0<\/span>fahren wir auch in diesem Jahr wieder zu unserer franz\u00f6sischen Partnerschule, dem landwirtschaftlichen Gymnasium \/ Internat <b><i>Le Robillard<\/i><\/b><i> <\/i>in der Normandie.<\/p>\n<p>Vom<span class=\"Apple-converted-space\">\u00a0 <\/span><b>23.- 30. Mai 2024<\/b> werden uns 19 franz\u00f6sische Sch\u00fclerInnen in Emden besuchen, direkt im Anschluss werden wir sie vom<span class=\"Apple-converted-space\">\u00a0 <\/span><b>30. Mai &#8211; 06.<\/b> <b>Juni<\/b> <b>2024 <\/b>in die<span class=\"Apple-converted-space\">\u00a0 <\/span>Normandie begleiten.<span class=\"Apple-converted-space\">\u00a0<\/span><\/p>\n<p><b>Wir suchen nun 19 <\/b>(10w\/9m)<b> frankreichinteressierte Sch\u00fclerInnen, <\/b>unabh\u00e4ngig davon, ob ihr Franz\u00f6sisch, Spanisch oder aber Latein lernt, die eine(n) Austauschsch\u00fclerIn f\u00fcr eine Woche im Mai bei sich zu Hause aufnimmt und diese(n) anschlie\u00dfend Anfang Juni f\u00fcr eine Woche in die Normandie begleitet. <b>Verkehrssprache<\/b> <b>ist Englisch.<span class=\"Apple-converted-space\">\u00a0<\/span><\/b><\/p>\n<p>&nbsp;<\/p>\n<p><a href=\"https:\/\/max-emden.de\/wordpress\/wp-content\/uploads\/2024\/01\/Normandieaustausch-2024.pdf\">&gt;&gt;Weitere Informationen findet ihr hier&lt;&lt;<\/a><\/p>\n","protected":false},"excerpt":{"rendered":"<p>Liebe Sch\u00fclerInnen der Jahrg\u00e4nge 9\/10\/11, nach einem sehr erfolgreichen Austauschjahr 2022\/23\u00a0fahren wir auch in diesem Jahr wieder zu unserer franz\u00f6sischen Partnerschule, dem landwirtschaftlichen Gymnasium \/<a class=\"moretag\" href=\"https:\/\/max-emden.de\/wordpress\/normandieaustausch-2024\/\"> [&#8230;]<\/a><\/p>\n","protected":false},"author":1,"featured_media":9943,"comment_status":"closed","ping_status":"closed","sticky":false,"template":"","format":"standard","meta":{"footnotes":""},"categories":[2],"tags":[],"class_list":["post-16599","post","type-post","status-publish","format-standard","has-post-thumbnail","hentry","category-allgemein"],"_links":{"self":[{"href":"https:\/\/max-emden.de\/wordpress\/wp-json\/wp\/v2\/posts\/16599","targetHints":{"allow":["GET"]}}],"collection":[{"href":"https:\/\/max-emden.de\/wordpress\/wp-json\/wp\/v2\/posts"}],"about":[{"href":"https:\/\/max-emden.de\/wordpress\/wp-json\/wp\/v2\/types\/post"}],"author":[{"embeddable":true,"href":"https:\/\/max-emden.de\/wordpress\/wp-json\/wp\/v2\/users\/1"}],"replies":[{"embeddable":true,"href":"https:\/\/max-emden.de\/wordpress\/wp-json\/wp\/v2\/comments?post=16599"}],"version-history":[{"count":1,"href":"https:\/\/max-emden.de\/wordpress\/wp-json\/wp\/v2\/posts\/16599\/revisions"}],"predecessor-version":[{"id":16601,"href":"https:\/\/max-emden.de\/wordpress\/wp-json\/wp\/v2\/posts\/16599\/revisions\/16601"}],"wp:featuredmedia":[{"embeddable":true,"href":"https:\/\/max-emden.de\/wordpress\/wp-json\/wp\/v2\/media\/9943"}],"wp:attachment":[{"href":"https:\/\/max-emden.de\/wordpress\/wp-json\/wp\/v2\/media?parent=16599"}],"wp:term":[{"taxonomy":"category","embeddable":true,"href":"https:\/\/max-emden.de\/wordpress\/wp-json\/wp\/v2\/categories?post=16599"},{"taxonomy":"post_tag","embeddable":true,"href":"https:\/\/max-emden.de\/wordpress\/wp-json\/wp\/v2\/tags?post=16599"}],"curies":[{"name":"wp","href":"https:\/\/api.w.org\/{rel}","templated":true}]}}