{"id":16671,"date":"2024-02-16T20:28:14","date_gmt":"2024-02-16T19:28:14","guid":{"rendered":"https:\/\/max-emden.de\/wordpress\/?p=16671"},"modified":"2024-03-06T09:54:40","modified_gmt":"2024-03-06T08:54:40","slug":"klimarat-stellte-bundestagsabgeordneten-seine-projekte-vor","status":"publish","type":"post","link":"https:\/\/max-emden.de\/wordpress\/klimarat-stellte-bundestagsabgeordneten-seine-projekte-vor\/","title":{"rendered":"Klimarat stellte Bundestagsabgeordneten seine Projekte vor"},"content":{"rendered":"<figure id=\"attachment_16673\" aria-describedby=\"caption-attachment-16673\" style=\"width: 747px\" class=\"wp-caption alignnone\"><a href=\"https:\/\/max-emden.de\/wordpress\/wp-content\/uploads\/2024\/02\/Klimarat-Verlinden-Pahlke-8.2.2024.jpg\"><img fetchpriority=\"high\" decoding=\"async\" class=\"wp-image-16673 size-large\" src=\"https:\/\/max-emden.de\/wordpress\/wp-content\/uploads\/2024\/02\/Klimarat-Verlinden-Pahlke-8.2.2024-1024x682.jpg\" alt=\"\" width=\"747\" height=\"498\" srcset=\"https:\/\/max-emden.de\/wordpress\/wp-content\/uploads\/2024\/02\/Klimarat-Verlinden-Pahlke-8.2.2024-1024x682.jpg 1024w, https:\/\/max-emden.de\/wordpress\/wp-content\/uploads\/2024\/02\/Klimarat-Verlinden-Pahlke-8.2.2024-300x200.jpg 300w, https:\/\/max-emden.de\/wordpress\/wp-content\/uploads\/2024\/02\/Klimarat-Verlinden-Pahlke-8.2.2024-768x512.jpg 768w, https:\/\/max-emden.de\/wordpress\/wp-content\/uploads\/2024\/02\/Klimarat-Verlinden-Pahlke-8.2.2024-1536x1023.jpg 1536w, https:\/\/max-emden.de\/wordpress\/wp-content\/uploads\/2024\/02\/Klimarat-Verlinden-Pahlke-8.2.2024.jpg 1600w\" sizes=\"(max-width: 747px) 100vw, 747px\" \/><\/a><figcaption id=\"caption-attachment-16673\" class=\"wp-caption-text\"><em>Waren im Gespr\u00e4ch mit Julian Pahlke und Dr. Julia Verlinden: Die Klimaratsvorsitzenden Julia Dietrich und Deike Miege mit den R\u00e4tinnen Mia Bredebusch, Laura Oldewurtel und Merle Ites und ihre Lehrer Kai Gembler, Johannes Hessel und Andre Fresemann. <\/em><\/figcaption><\/figure>\n<p>In der vergangenen Woche traf der Klimarat des Max-Windm\u00fcller-Gymnasiums in Leer die Bundestagsabgeordneten Julian Pahlke und Dr. Julia Verlinden, stellvertretende Fraktionsvorsitzende von B\u00fcndnis 90\/Die Gr\u00fcnen im Deutschen Bundestag, um sein Projekt \u201eDekarbonisierung des W\u00e4rmenetzes\u201c vorzustellen. Hinter diesem Projekttitel verbirgt sich die Idee, das lokale W\u00e4rmenetz zu modernisieren und klimaneutral zu betreiben. Neben dem Max versorgt das bislang mit fossiler Energie betriebene W\u00e4rmenetz auch die angrenzenden Berufsschulen, das JAG, die Friesentherme und das k\u00fcnftige Festspielhaus am Wall mit W\u00e4rme.<\/p>\n<p>Dr. Verlinden und Pahlke zeigten sich sehr beeindruckt von der Arbeit des Klimarates, der inzwischen seit sechs Jahren Projekte entwickelt, diese erfolgreich umsetzt und damit inzwischen immer mehr Schulen inspiriert. Schon beim Vorg\u00e4ngerprojekt \u201eWatt aufs Dach!\u201c hat sich die intensive Auseinandersetzung mit technologischen und \u00f6konomischen Fragen der Energiewende f\u00fcr die Sch\u00fclerinnen und Sch\u00fcler ausgezahlt: Durch die installierte PV-Anlage k\u00f6nnen heute bis zu 80% des Strombedarfes der Schule gedeckt werden.<\/p>\n<p><a href=\"https:\/\/max-emden.de\/wordpress\/wp-content\/uploads\/2024\/02\/Insta-Pahlke-2024.jpg\"><img decoding=\"async\" class=\"wp-image-16672 size-large\" src=\"https:\/\/max-emden.de\/wordpress\/wp-content\/uploads\/2024\/02\/Insta-Pahlke-2024-e1708111307395-566x1024.jpg\" alt=\"\" width=\"566\" height=\"1024\" srcset=\"https:\/\/max-emden.de\/wordpress\/wp-content\/uploads\/2024\/02\/Insta-Pahlke-2024-e1708111307395-566x1024.jpg 566w, https:\/\/max-emden.de\/wordpress\/wp-content\/uploads\/2024\/02\/Insta-Pahlke-2024-e1708111307395-166x300.jpg 166w, https:\/\/max-emden.de\/wordpress\/wp-content\/uploads\/2024\/02\/Insta-Pahlke-2024-e1708111307395-768x1389.jpg 768w, https:\/\/max-emden.de\/wordpress\/wp-content\/uploads\/2024\/02\/Insta-Pahlke-2024-e1708111307395.jpg 792w\" sizes=\"(max-width: 566px) 100vw, 566px\" \/><\/a><\/p>\n<p><em>MdB Pahlke zeigte sich auf seinem Instagram-Account begeistert \u00fcber die Arbeit des Klimarates&#8230;<\/em><\/p>\n<p>&#8222;Wir freuen uns sehr, dass wir diese M\u00f6glichkeit hatten uns mit den Abgeordneten auszutauschen, gerade weil sie so stark bei der nachhaltigen Energiegewinnung und Heizm\u00f6glichkeiten politisch involviert sind&#8220;, sagte Julia Dietrich, Vorsitzende des Klimarates. Im Gespr\u00e4ch mit den Abgeordneten\u00a0 hatten die Klimar\u00e4tinnen nicht nur \u00f6kologische, sondern auch \u00f6konomische Vorteile hervorgehoben. Zudem k\u00f6nnten im Sommer Geb\u00e4ude \u00fcber ein solches modernes W\u00e4rmenetz gek\u00fchlt werden, wobei die dabei abtransportierte W\u00e4rme beispielsweise der Friesentherme zur Verf\u00fcgung gestellt oder f\u00fcr den Winter unterirdisch gespeichert werden k\u00f6nnte. Als m\u00f6gliche W\u00e4rmequellen haben die Sch\u00fclerinnen und Sch\u00fcler Solarthermie, Geothermie und flie\u00dfende Gew\u00e4sser in der Umgebung identifiziert.<\/p>\n<p>&#8222;Mit der Dekarbonisierung des W\u00e4rmenetzes hat der Klimarat ein weiteres Gro\u00df-Projekt gestartet, das nicht nur das Max, sondern alle angeschlossenen W\u00e4rmeabnehmer und die Stadt einen gro\u00dfen Schritt n\u00e4her zur Erreichung der Klimaneutralit\u00e4t bringen wird&#8220;, so Lehrer Kai Gembler. &#8222;Wir haben uns deshalb \u00fcber die Einladung zum Gespr\u00e4ch und den Austausch sehr gefreut!&#8220;<\/p>\n<figure id=\"attachment_16704\" aria-describedby=\"caption-attachment-16704\" style=\"width: 624px\" class=\"wp-caption alignnone\"><a href=\"https:\/\/max-emden.de\/wordpress\/wp-content\/uploads\/2024\/02\/Insta-Verlinden-2024.jpg\"><img decoding=\"async\" class=\"wp-image-16704 size-large\" src=\"https:\/\/max-emden.de\/wordpress\/wp-content\/uploads\/2024\/02\/Insta-Verlinden-2024-624x1024.jpg\" alt=\"\" width=\"624\" height=\"1024\" srcset=\"https:\/\/max-emden.de\/wordpress\/wp-content\/uploads\/2024\/02\/Insta-Verlinden-2024-624x1024.jpg 624w, https:\/\/max-emden.de\/wordpress\/wp-content\/uploads\/2024\/02\/Insta-Verlinden-2024-183x300.jpg 183w, https:\/\/max-emden.de\/wordpress\/wp-content\/uploads\/2024\/02\/Insta-Verlinden-2024-768x1261.jpg 768w, https:\/\/max-emden.de\/wordpress\/wp-content\/uploads\/2024\/02\/Insta-Verlinden-2024-935x1536.jpg 935w, https:\/\/max-emden.de\/wordpress\/wp-content\/uploads\/2024\/02\/Insta-Verlinden-2024.jpg 1079w\" sizes=\"(max-width: 624px) 100vw, 624px\" \/><\/a><figcaption id=\"caption-attachment-16704\" class=\"wp-caption-text\"><em>&#8230; ebenso wie Dr. Julia Verlinden.<\/em><\/figcaption><\/figure>\n<p>Das Zeitalter, in dem W\u00e4rme einfach durch die Verbrennung fossiler Energietr\u00e4ger erzeugt und andererseits \u00fcbersch\u00fcssige W\u00e4rme an die Umgebung abgegeben wurde, neigt sich dem Ende, sagte Unternehmensberater und Projektmanager Christian Wahrheit, der den Klimarat ehrenamtlich unterst\u00fctzt. Die Sch\u00fclerinnen werben seiner Ansicht nach nicht nur f\u00fcr ein Einzelprojekt, sondern zugleich f\u00fcr einen Paradigmenwechsel in Richtung Energieeffizienz \u2013 ein untersch\u00e4tzter und immer wichtiger werdender Faktor zur Sicherung unseres Wohlstandes.<\/p>\n<p>Auch Deike Miege, mit Julia Vorsitzende des Klimarates, freute sich \u00fcber das Gespr\u00e4ch: &#8222;Es war eine gro\u00dfartige Gelegenheit, unsere Vision und unsere Fortschritte mit politischen Entscheidungstr\u00e4gern zu teilen und ihr Interesse an unseren Bem\u00fchungen f\u00fcr eine nachhaltige Zukunft zu sehen.&#8220;<\/p>\n<p>&nbsp;<\/p>\n","protected":false},"excerpt":{"rendered":"<p>In der vergangenen Woche traf der Klimarat des Max-Windm\u00fcller-Gymnasiums in Leer die Bundestagsabgeordneten Julian Pahlke und Dr. Julia Verlinden, stellvertretende Fraktionsvorsitzende von B\u00fcndnis 90\/Die Gr\u00fcnen<a class=\"moretag\" href=\"https:\/\/max-emden.de\/wordpress\/klimarat-stellte-bundestagsabgeordneten-seine-projekte-vor\/\"> [&#8230;]<\/a><\/p>\n","protected":false},"author":3,"featured_media":16673,"comment_status":"closed","ping_status":"closed","sticky":false,"template":"","format":"standard","meta":{"footnotes":""},"categories":[11,89],"tags":[96],"class_list":["post-16671","post","type-post","status-publish","format-standard","has-post-thumbnail","hentry","category-nachhaltigkeit","category-unesco","tag-aktuell"],"_links":{"self":[{"href":"https:\/\/max-emden.de\/wordpress\/wp-json\/wp\/v2\/posts\/16671","targetHints":{"allow":["GET"]}}],"collection":[{"href":"https:\/\/max-emden.de\/wordpress\/wp-json\/wp\/v2\/posts"}],"about":[{"href":"https:\/\/max-emden.de\/wordpress\/wp-json\/wp\/v2\/types\/post"}],"author":[{"embeddable":true,"href":"https:\/\/max-emden.de\/wordpress\/wp-json\/wp\/v2\/users\/3"}],"replies":[{"embeddable":true,"href":"https:\/\/max-emden.de\/wordpress\/wp-json\/wp\/v2\/comments?post=16671"}],"version-history":[{"count":6,"href":"https:\/\/max-emden.de\/wordpress\/wp-json\/wp\/v2\/posts\/16671\/revisions"}],"predecessor-version":[{"id":16705,"href":"https:\/\/max-emden.de\/wordpress\/wp-json\/wp\/v2\/posts\/16671\/revisions\/16705"}],"wp:featuredmedia":[{"embeddable":true,"href":"https:\/\/max-emden.de\/wordpress\/wp-json\/wp\/v2\/media\/16673"}],"wp:attachment":[{"href":"https:\/\/max-emden.de\/wordpress\/wp-json\/wp\/v2\/media?parent=16671"}],"wp:term":[{"taxonomy":"category","embeddable":true,"href":"https:\/\/max-emden.de\/wordpress\/wp-json\/wp\/v2\/categories?post=16671"},{"taxonomy":"post_tag","embeddable":true,"href":"https:\/\/max-emden.de\/wordpress\/wp-json\/wp\/v2\/tags?post=16671"}],"curies":[{"name":"wp","href":"https:\/\/api.w.org\/{rel}","templated":true}]}}