{"id":16895,"date":"2024-04-22T08:22:56","date_gmt":"2024-04-22T06:22:56","guid":{"rendered":"https:\/\/max-emden.de\/wordpress\/?p=16895"},"modified":"2024-04-27T12:54:49","modified_gmt":"2024-04-27T10:54:49","slug":"besuch-aus-pribram-dominika-berichtet","status":"publish","type":"post","link":"https:\/\/max-emden.de\/wordpress\/besuch-aus-pribram-dominika-berichtet\/","title":{"rendered":"Besuch aus P\u0159\u00edbram &#8211; Dominika berichtet"},"content":{"rendered":"<p><a href=\"https:\/\/max-emden.de\/wordpress\/wp-content\/uploads\/2024\/04\/K1024_Gastschuelerin-Pribram-2024.jpg\"><img fetchpriority=\"high\" decoding=\"async\" class=\"alignnone wp-image-16897 size-full\" src=\"https:\/\/max-emden.de\/wordpress\/wp-content\/uploads\/2024\/04\/K1024_Gastschuelerin-Pribram-2024.jpg\" alt=\"\" width=\"768\" height=\"1024\" srcset=\"https:\/\/max-emden.de\/wordpress\/wp-content\/uploads\/2024\/04\/K1024_Gastschuelerin-Pribram-2024.jpg 768w, https:\/\/max-emden.de\/wordpress\/wp-content\/uploads\/2024\/04\/K1024_Gastschuelerin-Pribram-2024-225x300.jpg 225w\" sizes=\"(max-width: 768px) 100vw, 768px\" \/><\/a><\/p>\n<p>Mein Name ist Dominika Podle\u0161\u00e1kov\u00e1, ich bin 18 Jahre alt und komme aus Tschechien. Im Rahmen von Erasmus habe ich die M\u00f6glichkeit, in Emden drei Monate zu leben und in die Schule zu gehen. Deutsch lerne ich schon seit f\u00fcnf Jahren und einen Studienaufenthalt finde ich die beste M\u00f6glichkeit, die man haben kann, wenn man eine Fremdsprache lernen und verbessern will. Ich glaube, dass es die beste Gelegenheit ist, weil man die Sprache jeden Tag benutzt und in vielen Situationen etwas Neues lernt. Und ich glaube, dass man auch viel mehr lernen und daraus mitnehmen kann, wie zum Beispiel Selbstst\u00e4ndigkeit, man lebt auch<br \/>\nein ganz neues Leben, alles ist neu und ungew\u00f6hnlich, also man muss auch aus der Komfortzone herausgehen und verschiedene Probleme l\u00f6sen.<\/p>\n<p>Ich wohne bei der Familie Clau\u00df und bin sehr froh, dass ich eine so nette und freundliche Familie bekommen habe und die Zeit, die ich mit ihnen verbringen kann, ist wunderbar. Ich f\u00fchle mich bei ihnen sehr wohl, wirklich wie zu Hause und deswegen bin ich dankbar, dass ich bei ihnen wohnen kann und dass alles so gut geklappt hat. Es ist so interessant, dass man einfach mit jemandem, den man am Anfang gar nicht kennt, so leben kann, im gleichen Haushalt- das habe ich noch nie probiert und jetzt habe ich eine tolle Erfahrung damit. Ich muss ganz ehrlich sagen, dass die Zeit hier f\u00fcr mich bestimmt nicht so sch\u00f6n w\u00e4re, wie es<br \/>\nist mit der Familie Clau\u00df und daf\u00fcr bin ich sehr dankbar.<\/p>\n<p>Mein gr\u00f6\u00dftes Hobby ist Musik- ich spiele Orgel, Piano und Querfl\u00f6te, hier in der Schule spiele ich auch im Orchester und singe im Chor und dank Familie Clau\u00df kann ich hier auch Orgel in der Kirche spielen, was sehr sch\u00f6n ist. Ich lese B\u00fccher und male gerne und hier mache ich auch viel Sport- jeden Tag fahre ich Rad, gehe ins Fitnessstudio, jogge, manchmal schwimme ich und das alles macht mir viel Spa\u00df. Daf\u00fcr habe ich zu Hause nicht so viel Zeit und so viele M\u00f6glichkeiten, deswegen bin ich froh, dass ich hier so viel Sport machen kann. Ich lerne gerne Fremdsprachen- au\u00dfer Deutsch und Englisch auch Italienisch und in meiner Freizeit mache ich noch F\u00fchrungen auf Tschechisch, Deutsch und Englisch auf dem Heiligen Berg in P\u0159\u00edbram- es ist ein Wallfahrtsort mit sch\u00f6ner Architektur und<br \/>\nGeschichte und da gef\u00e4llt es mir sehr gut.<\/p>\n<p>Mit der Familie machen wir viele Ausfl\u00fcge, also ich habe schon viel von Ostfriesland gesehen und habe auch viel erlebt. Wir waren in Bremen, im Landesmuseum und in der Kunsthalle, beim Kammerphilharmonie Konzert, in der Seehundstation in Norddeich, am Meer, auf einer Volkswagen Besichtigung, in Greetsiel und in Ditzum, wohin wir mit der F\u00e4hre gefahren sind und wir werden noch Borkum besuchen- darauf freue ich mich sehr. Es hat mir alles gut gefallen und ich habe es sehr genossen. Ich habe auch viel in Emden gesehen- ich finde die Stadt sehr sch\u00f6n und ruhig und wenn auch das Wetter sch\u00f6n ist, kann man da gut spazieren gehen. Wir sind mit der Familie manchmal ins Restaurant oder ins Caf\u00e9 gegangen und ich habe hier auch viel Fisch gegessen- mehr als normalerweise, weil wir in Tschechien nicht so viel Fisch essen.<\/p>\n<p>Die Schule hier finde ich auch gut und ich finde es vor allem interessant, beide Schulen zu vergleichen, weil hier viele Unterschiede sind. Es w\u00e4re wahrscheinlich viel zu nennen, aber die gr\u00f6\u00dfte Unterschiede sind zum Beispiel dass man im Unterricht auch m\u00fcndlich bewertet wird, dass fast alle Leute zur Schule Rad fahren, dass ein Fach zwei Stunden dauert und dass hier auch zum Beispiel Religion, Sport Theorie, Spanisch und Latein unterrichtet werden. Deutschland ist allgemein fast \u00e4hnlich wie Tschechien, also da gibt es nicht so viel zu vergleichen, aber in der Schule schon. Das Schulsystem in Deutschland finde ich ein bisschen anders und ich sehe da sowohl Vorteile als auch Nachteile.<\/p>\n<p>Allgemein habe ich bis jetzt wirklich viel erlebt, gesehen und gemacht, ich genie\u00dfe hier jeden Tag und freue mich auf das, was noch kommt. F\u00fcr mich ist es eine der besten Erfahrungen und ich werde es bestimmt nie vergessen. Schon jetzt hat mir dieser Aufenthalt viel gegeben und ich werde viele sch\u00f6ne Erinnerungen daran haben.<\/p>\n","protected":false},"excerpt":{"rendered":"<p>Mein Name ist Dominika Podle\u0161\u00e1kov\u00e1, ich bin 18 Jahre alt und komme aus Tschechien. Im Rahmen von Erasmus habe ich die M\u00f6glichkeit, in Emden drei<a class=\"moretag\" href=\"https:\/\/max-emden.de\/wordpress\/besuch-aus-pribram-dominika-berichtet\/\"> [&#8230;]<\/a><\/p>\n","protected":false},"author":3,"featured_media":16896,"comment_status":"closed","ping_status":"closed","sticky":false,"template":"","format":"standard","meta":{"footnotes":""},"categories":[5,8],"tags":[96],"class_list":["post-16895","post","type-post","status-publish","format-standard","has-post-thumbnail","hentry","category-europaschule","category-max-unterwegs","tag-aktuell"],"_links":{"self":[{"href":"https:\/\/max-emden.de\/wordpress\/wp-json\/wp\/v2\/posts\/16895","targetHints":{"allow":["GET"]}}],"collection":[{"href":"https:\/\/max-emden.de\/wordpress\/wp-json\/wp\/v2\/posts"}],"about":[{"href":"https:\/\/max-emden.de\/wordpress\/wp-json\/wp\/v2\/types\/post"}],"author":[{"embeddable":true,"href":"https:\/\/max-emden.de\/wordpress\/wp-json\/wp\/v2\/users\/3"}],"replies":[{"embeddable":true,"href":"https:\/\/max-emden.de\/wordpress\/wp-json\/wp\/v2\/comments?post=16895"}],"version-history":[{"count":1,"href":"https:\/\/max-emden.de\/wordpress\/wp-json\/wp\/v2\/posts\/16895\/revisions"}],"predecessor-version":[{"id":16898,"href":"https:\/\/max-emden.de\/wordpress\/wp-json\/wp\/v2\/posts\/16895\/revisions\/16898"}],"wp:featuredmedia":[{"embeddable":true,"href":"https:\/\/max-emden.de\/wordpress\/wp-json\/wp\/v2\/media\/16896"}],"wp:attachment":[{"href":"https:\/\/max-emden.de\/wordpress\/wp-json\/wp\/v2\/media?parent=16895"}],"wp:term":[{"taxonomy":"category","embeddable":true,"href":"https:\/\/max-emden.de\/wordpress\/wp-json\/wp\/v2\/categories?post=16895"},{"taxonomy":"post_tag","embeddable":true,"href":"https:\/\/max-emden.de\/wordpress\/wp-json\/wp\/v2\/tags?post=16895"}],"curies":[{"name":"wp","href":"https:\/\/api.w.org\/{rel}","templated":true}]}}