{"id":16914,"date":"2024-04-26T18:42:10","date_gmt":"2024-04-26T16:42:10","guid":{"rendered":"https:\/\/max-emden.de\/wordpress\/?p=16914"},"modified":"2024-12-06T15:51:28","modified_gmt":"2024-12-06T14:51:28","slug":"jtfo-fussball-max-jungs-qualifizieren-sich-fuer-kreisgruppenentscheid","status":"publish","type":"post","link":"https:\/\/max-emden.de\/wordpress\/jtfo-fussball-max-jungs-qualifizieren-sich-fuer-kreisgruppenentscheid\/","title":{"rendered":"JtfO Fu\u00dfball: Max-Jungs qualifizieren sich f\u00fcr Kreisgruppenentscheid!"},"content":{"rendered":"<figure id=\"attachment_16915\" aria-describedby=\"caption-attachment-16915\" style=\"width: 1024px\" class=\"wp-caption alignnone\"><a href=\"https:\/\/max-emden.de\/wordpress\/wp-content\/uploads\/2024\/04\/K1024_Kreisentscheid-WK-II-Jungen-rotated.jpg\"><img fetchpriority=\"high\" decoding=\"async\" class=\"wp-image-16915 size-full\" src=\"https:\/\/max-emden.de\/wordpress\/wp-content\/uploads\/2024\/04\/K1024_Kreisentscheid-WK-II-Jungen-rotated.jpg\" alt=\"\" width=\"1024\" height=\"768\" srcset=\"https:\/\/max-emden.de\/wordpress\/wp-content\/uploads\/2024\/04\/K1024_Kreisentscheid-WK-II-Jungen-rotated.jpg 1024w, https:\/\/max-emden.de\/wordpress\/wp-content\/uploads\/2024\/04\/K1024_Kreisentscheid-WK-II-Jungen-300x225.jpg 300w, https:\/\/max-emden.de\/wordpress\/wp-content\/uploads\/2024\/04\/K1024_Kreisentscheid-WK-II-Jungen-768x576.jpg 768w\" sizes=\"(max-width: 1024px) 100vw, 1024px\" \/><\/a><figcaption id=\"caption-attachment-16915\" class=\"wp-caption-text\">F\u00fcr das Max spielten: Julian Amelsberg, Jalte Andiek, Lukas de Boer, Milad Eskandari, Loet Firus, Ole Heinks, Ben ten Hove, Hannes Lidtke, Thang Mac, Tyler Poets, Felix Rosenfeld, Enno Thiele, Joel Weerda<\/figcaption><\/figure>\n<p>Beim diesj\u00e4hrigen Kreisentscheid im Fu\u00dfball des Schulsportwettbewerbs JtfO (Jugend trainiert f\u00fcr Olympia) war die Beteiligung der Emder Schulen insgesamt sehr gering. In der WK II der Jungen hatten lediglich das Max und das JAG gemeldet, sodass der Modus einfach war: in einem KO-Spiel Max-JAG wurde das Ticket f\u00fcr den Kreisgruppenentscheid am 30.04. in Nortmoor ermittelt.<\/p>\n<p>Das mit vielen Spielern des 2009er-Jahrgangs, der im letzten Jahr sensationell die erstmalige Qualifikation f\u00fcr einen Bezirksentscheid geschafft hatte, gespickte Max-Team legte los wie die Feuerwehr: nach 6 Spielminuten stand es bereits 2:0 f\u00fcr uns! Nach dem 1:0 durch Tyler, der mit seiner \u00fcberragenden Physis f\u00fcr die gegnerische Innenverteidigung kaum zu halten war, zeigte vor allem das 2:0 durch Loet, dem eine Ballstafette \u00fcber 4 Stationen vorausging, bei der der Ball jeweils mit 2 Kontakten durch unsere Reihen lief, wie gut die Truppe eingespielt ist. Danach aber vers\u00e4umte es das Max, das Spiel vorzeitig zu entscheiden, indem einer der sich weiterhin zahlreich bietenden Einschusschancen genutzt worden w\u00e4re. So aber kam es, wie so oft im Fu\u00dfball: beim ersten Konter des JAG lag der Ball pl\u00f6tzlich zum Anschlusstreffer im Netz, sodass in der zweiten Halbzeit noch kr\u00e4ftig gezittert werden musste um den Sieg. Doch die Abwehr um den gewohnt sicheren Torwart Ole hielt dicht und der im ersten Durchgang noch deutlich offensivere Kapit\u00e4n Hannes half als f\u00fcnfter Mann in der Abwehrkette mit, dass das JAG zu kaum mehr gef\u00e4hrlichen Abschl\u00fcssen kam. Der Sieg in der WK II ist hierbei gar nicht hoch genug einzusch\u00e4tzen, f\u00fchrte hier doch in den vergangenen Jahren kein Weg am JAG vorbei.<\/p>\n<p>Herzlichen Gl\u00fcckwunsch zur Qualifikation f\u00fcr den Kreisgruppenentscheid!<\/p>\n<p>&nbsp;<\/p>\n<p>&nbsp;<\/p>\n","protected":false},"excerpt":{"rendered":"<p>Beim diesj\u00e4hrigen Kreisentscheid im Fu\u00dfball des Schulsportwettbewerbs JtfO (Jugend trainiert f\u00fcr Olympia) war die Beteiligung der Emder Schulen insgesamt sehr gering. In der WK II<a class=\"moretag\" href=\"https:\/\/max-emden.de\/wordpress\/jtfo-fussball-max-jungs-qualifizieren-sich-fuer-kreisgruppenentscheid\/\"> [&#8230;]<\/a><\/p>\n","protected":false},"author":3,"featured_media":16915,"comment_status":"closed","ping_status":"closed","sticky":false,"template":"","format":"standard","meta":{"footnotes":""},"categories":[76,52],"tags":[96],"class_list":["post-16914","post","type-post","status-publish","format-standard","has-post-thumbnail","hentry","category-fussball-ag","category-sport","tag-aktuell"],"_links":{"self":[{"href":"https:\/\/max-emden.de\/wordpress\/wp-json\/wp\/v2\/posts\/16914","targetHints":{"allow":["GET"]}}],"collection":[{"href":"https:\/\/max-emden.de\/wordpress\/wp-json\/wp\/v2\/posts"}],"about":[{"href":"https:\/\/max-emden.de\/wordpress\/wp-json\/wp\/v2\/types\/post"}],"author":[{"embeddable":true,"href":"https:\/\/max-emden.de\/wordpress\/wp-json\/wp\/v2\/users\/3"}],"replies":[{"embeddable":true,"href":"https:\/\/max-emden.de\/wordpress\/wp-json\/wp\/v2\/comments?post=16914"}],"version-history":[{"count":1,"href":"https:\/\/max-emden.de\/wordpress\/wp-json\/wp\/v2\/posts\/16914\/revisions"}],"predecessor-version":[{"id":16916,"href":"https:\/\/max-emden.de\/wordpress\/wp-json\/wp\/v2\/posts\/16914\/revisions\/16916"}],"wp:featuredmedia":[{"embeddable":true,"href":"https:\/\/max-emden.de\/wordpress\/wp-json\/wp\/v2\/media\/16915"}],"wp:attachment":[{"href":"https:\/\/max-emden.de\/wordpress\/wp-json\/wp\/v2\/media?parent=16914"}],"wp:term":[{"taxonomy":"category","embeddable":true,"href":"https:\/\/max-emden.de\/wordpress\/wp-json\/wp\/v2\/categories?post=16914"},{"taxonomy":"post_tag","embeddable":true,"href":"https:\/\/max-emden.de\/wordpress\/wp-json\/wp\/v2\/tags?post=16914"}],"curies":[{"name":"wp","href":"https:\/\/api.w.org\/{rel}","templated":true}]}}