{"id":1720,"date":"2016-01-09T14:42:32","date_gmt":"2016-01-09T14:42:32","guid":{"rendered":"http:\/\/max-emden.de\/wordpress\/?p=1720"},"modified":"2016-01-09T14:43:31","modified_gmt":"2016-01-09T14:43:31","slug":"2-sporttag-fuer-yougendliche-emder-und-fluechtlinge","status":"publish","type":"post","link":"https:\/\/max-emden.de\/wordpress\/2-sporttag-fuer-yougendliche-emder-und-fluechtlinge\/","title":{"rendered":"2. Sporttag f\u00fcr YOUgendliche Emder und Fl\u00fcchtlinge"},"content":{"rendered":"<p>Am Sonntag, dem 10.01. findet von 15.00 bis 18.00 Uhr im ETV (Graf-Ulrichstra\u00dfe, Emden) der 2. Sporttag f\u00fcr jugendliche Emder und Fl\u00fcchtlinge statt.<br \/>\nBei diesem von Stina Wrede und Eun-Heui Chae initiierten und\u00a0organisierten\u00a0Projekt kann man bei sportlichen Aktivit\u00e4ten (Fu\u00dfball, Basketball, Frisbee, Tanz\u00a0und vielem mehr) \u00a0nette junge Menschen aus vielen verschiedenen L\u00e4ndern\u00a0kennenlernen und gemeinsam Spa\u00df haben.<\/p>\n<p>Weitere Informationen finden Sie auf der <a href=\"https:\/\/www.facebook.com\/YOUgendintegrate\/?fref=ts\" target=\"_blank\">Facebook-Seite des Projekts<\/a>.<\/p>\n","protected":false},"excerpt":{"rendered":"<p>Am Sonntag, dem 10.01. findet von 15.00 bis 18.00 Uhr im ETV (Graf-Ulrichstra\u00dfe, Emden) der 2. Sporttag f\u00fcr jugendliche Emder und Fl\u00fcchtlinge statt. Bei diesem<a class=\"moretag\" href=\"https:\/\/max-emden.de\/wordpress\/2-sporttag-fuer-yougendliche-emder-und-fluechtlinge\/\"> [&#8230;]<\/a><\/p>\n","protected":false},"author":1,"featured_media":1721,"comment_status":"closed","ping_status":"closed","sticky":false,"template":"","format":"standard","meta":{"footnotes":""},"categories":[17],"tags":[],"class_list":["post-1720","post","type-post","status-publish","format-standard","has-post-thumbnail","hentry","category-schuelervertretung"],"_links":{"self":[{"href":"https:\/\/max-emden.de\/wordpress\/wp-json\/wp\/v2\/posts\/1720","targetHints":{"allow":["GET"]}}],"collection":[{"href":"https:\/\/max-emden.de\/wordpress\/wp-json\/wp\/v2\/posts"}],"about":[{"href":"https:\/\/max-emden.de\/wordpress\/wp-json\/wp\/v2\/types\/post"}],"author":[{"embeddable":true,"href":"https:\/\/max-emden.de\/wordpress\/wp-json\/wp\/v2\/users\/1"}],"replies":[{"embeddable":true,"href":"https:\/\/max-emden.de\/wordpress\/wp-json\/wp\/v2\/comments?post=1720"}],"version-history":[{"count":3,"href":"https:\/\/max-emden.de\/wordpress\/wp-json\/wp\/v2\/posts\/1720\/revisions"}],"predecessor-version":[{"id":1724,"href":"https:\/\/max-emden.de\/wordpress\/wp-json\/wp\/v2\/posts\/1720\/revisions\/1724"}],"wp:featuredmedia":[{"embeddable":true,"href":"https:\/\/max-emden.de\/wordpress\/wp-json\/wp\/v2\/media\/1721"}],"wp:attachment":[{"href":"https:\/\/max-emden.de\/wordpress\/wp-json\/wp\/v2\/media?parent=1720"}],"wp:term":[{"taxonomy":"category","embeddable":true,"href":"https:\/\/max-emden.de\/wordpress\/wp-json\/wp\/v2\/categories?post=1720"},{"taxonomy":"post_tag","embeddable":true,"href":"https:\/\/max-emden.de\/wordpress\/wp-json\/wp\/v2\/tags?post=1720"}],"curies":[{"name":"wp","href":"https:\/\/api.w.org\/{rel}","templated":true}]}}