{"id":17283,"date":"2024-08-27T10:21:34","date_gmt":"2024-08-27T08:21:34","guid":{"rendered":"https:\/\/max-emden.de\/wordpress\/?p=17283"},"modified":"2024-12-06T15:53:27","modified_gmt":"2024-12-06T14:53:27","slug":"informationen-zum-sportabzeichentag-am-12-9-2024","status":"publish","type":"post","link":"https:\/\/max-emden.de\/wordpress\/informationen-zum-sportabzeichentag-am-12-9-2024\/","title":{"rendered":"Informationen zum Sportabzeichentag am 12.9.2024"},"content":{"rendered":"<p><a href=\"https:\/\/max-emden.de\/wordpress\/wp-content\/uploads\/2024\/08\/Sportabzeichen.jpg\" rel=\"https:\/\/cdn.dosb.de\/user_upload\/www.deutsches-sportabzeichen.de\/Materialien\/2024\/DSA_Poster_Zielerfu__llung_KiJu_A3_2024_SCREEN.pdf\"><img fetchpriority=\"high\" decoding=\"async\" class=\"alignnone wp-image-17284 size-full\" src=\"https:\/\/max-emden.de\/wordpress\/wp-content\/uploads\/2024\/08\/Sportabzeichen.jpg\" alt=\"\" width=\"236\" height=\"214\" \/><\/a><\/p>\n<p>Liebe Sch\u00fclerinnen und liebe Sch\u00fcler der Jahrg\u00e4nge 5-11, liebe Eltern<\/p>\n<p>am Donnerstag, den 12.09. findet unser 7. gemeinsamer \u201eMax-Sportabzeichen-Tag 2024\u201c statt. Nachdem wir nun schon 5 Jahre in Folge den ersten Platz beim Emder Schulwettbewerb errungen haben, wollen wir den Titel in 2024 nat\u00fcrlich verteidigen! Hierzu werden alle Sch\u00fcler*innen der Jahrg\u00e4nge 5-11 am 12.09. auf dem Max-Sportplatz gemeinsam mit ihrer Klasse 5 leichtathletische Stationen durchlaufen:<\/p>\n<ul>\n<li>Weitsprung<\/li>\n<li>Sprint (50 m bzw. 100 m, je nach Geburtsjahr)<\/li>\n<li>Schlagball (80 g) bzw. Wurfball (200 g) je nach Geburtsjahr<\/li>\n<li>Standweitsprung<\/li>\n<li>Seilspringen<\/li>\n<\/ul>\n<p>Dazu kommen noch die nicht verpflichtenden Zusatzangebote Hochsprung und Kugelsto\u00dfen, die bei Interesse in Wettkampfpausen gerne ausprobiert werden k\u00f6nnen. Hier gibt es im Vergleich zu den Vorjahren eine Neuerung: in den 3 Wettkampfklassen JtfO werden die Max-Meister*innen ermittelt und geehrt.<\/p>\n<p>An diesem Tag findet KEIN regul\u00e4rer Unterricht statt. Die Sch\u00fcler*innen des 12.\/13. Jahrgangs werden als Helfer*innen an den Stationen eingesetzt. Der Tag beginnt 07:50 Uhr, alle Sch\u00fcler*innen treffen sich bitte p\u00fcnktlich und bereits in Sportkleidung auf den Max-Platz, es bestehen KEINE ausreichenden Umkleidem\u00f6glichkeiten.<\/p>\n<p>Der Eingang auf den Platz befindet sich an diesem Tag ausnahmsweise an der Parkplatzseite zum Neuen Theater. Die Klassen treffen sich an den f\u00fcr den jeweiligen Jahrgang gekennzeichneten Fl\u00e4chen (siehe Lageplan).<\/p>\n<p>Die Sportabzeichen-Wettk\u00e4mpfe enden um ca. 12:00 Uhr. Anschlie\u00dfend versammeln sich alle Klassen auf dem Rasenplatz. Auf der Laufbahn tragen die schnellsten L\u00e4uferinnen und L\u00e4ufer aller Klassen 4 x 100m-Staffeln aus. Anschlie\u00dfend folgen eine kurze Siegerehrung und das gemeinsame Aufr\u00e4umen, sodass der Tag um sp\u00e4testens 13:00 Uhr f\u00fcr alle endet. Der Nachmittagsunterricht entf\u00e4llt f\u00fcr alle Jahrg\u00e4nge.<\/p>\n<p>Die Mensa ist mittags ge\u00f6ffnet, gibt aber nur vorbestellte Essen aus. Der Kiosk ist geschlossen.<\/p>\n<p>Die Hausaufgabenbetreuung f\u00fcr die Jahrg\u00e4nge 5 und 6 findet nur nach Voranmeldung statt. Bitte senden Sie bei Interesse bis zum 10.09. eine kurze Email an das Sekretariat (email@max-emden.de).<\/p>\n<p>Bitte denkt an Getr\u00e4nke und etwas Bargeld (es wird Verpflegungsangebote des 13. Jahrgangs geben) und packt etwas Warmes und Regenfestes zum \u00dcberziehen f\u00fcr die Wettkampfpausen ein.<\/p>\n<p>Es wird dringend empfohlen, Wertsachen (Handy; gro\u00dfe Bargeldsummen) an diesem Tag zu Hause zu lassen, da es keine sichere Verwahrung auf dem Platz geben wird.<\/p>\n<p>Aktuelle Leistungstabellen f\u00fcr das Sportabzeichen findet ihr <a href=\"https:\/\/cdn.dosb.de\/user_upload\/www.deutsches-sportabzeichen.de\/Materialien\/2024\/DSA_Poster_Zielerfu__llung_KiJu_A3_2024_SCREEN.pdf\">hier<\/a>.<\/p>\n<p>Einen sch\u00f6nen und erfolgreichen Vormittag w\u00fcnscht Euch allen<\/p>\n<p>die Fachgruppe Sport<\/p>\n","protected":false},"excerpt":{"rendered":"<p>Liebe Sch\u00fclerinnen und liebe Sch\u00fcler der Jahrg\u00e4nge 5-11, liebe Eltern am Donnerstag, den 12.09. findet unser 7. gemeinsamer \u201eMax-Sportabzeichen-Tag 2024\u201c statt. Nachdem wir nun schon<a class=\"moretag\" href=\"https:\/\/max-emden.de\/wordpress\/informationen-zum-sportabzeichentag-am-12-9-2024\/\"> [&#8230;]<\/a><\/p>\n","protected":false},"author":3,"featured_media":17286,"comment_status":"closed","ping_status":"closed","sticky":false,"template":"","format":"standard","meta":{"footnotes":""},"categories":[52],"tags":[96],"class_list":["post-17283","post","type-post","status-publish","format-standard","has-post-thumbnail","hentry","category-sport","tag-aktuell"],"_links":{"self":[{"href":"https:\/\/max-emden.de\/wordpress\/wp-json\/wp\/v2\/posts\/17283","targetHints":{"allow":["GET"]}}],"collection":[{"href":"https:\/\/max-emden.de\/wordpress\/wp-json\/wp\/v2\/posts"}],"about":[{"href":"https:\/\/max-emden.de\/wordpress\/wp-json\/wp\/v2\/types\/post"}],"author":[{"embeddable":true,"href":"https:\/\/max-emden.de\/wordpress\/wp-json\/wp\/v2\/users\/3"}],"replies":[{"embeddable":true,"href":"https:\/\/max-emden.de\/wordpress\/wp-json\/wp\/v2\/comments?post=17283"}],"version-history":[{"count":4,"href":"https:\/\/max-emden.de\/wordpress\/wp-json\/wp\/v2\/posts\/17283\/revisions"}],"predecessor-version":[{"id":17289,"href":"https:\/\/max-emden.de\/wordpress\/wp-json\/wp\/v2\/posts\/17283\/revisions\/17289"}],"wp:featuredmedia":[{"embeddable":true,"href":"https:\/\/max-emden.de\/wordpress\/wp-json\/wp\/v2\/media\/17286"}],"wp:attachment":[{"href":"https:\/\/max-emden.de\/wordpress\/wp-json\/wp\/v2\/media?parent=17283"}],"wp:term":[{"taxonomy":"category","embeddable":true,"href":"https:\/\/max-emden.de\/wordpress\/wp-json\/wp\/v2\/categories?post=17283"},{"taxonomy":"post_tag","embeddable":true,"href":"https:\/\/max-emden.de\/wordpress\/wp-json\/wp\/v2\/tags?post=17283"}],"curies":[{"name":"wp","href":"https:\/\/api.w.org\/{rel}","templated":true}]}}