{"id":17290,"date":"2024-08-27T20:04:21","date_gmt":"2024-08-27T18:04:21","guid":{"rendered":"https:\/\/max-emden.de\/wordpress\/?p=17290"},"modified":"2024-12-06T15:52:53","modified_gmt":"2024-12-06T14:52:53","slug":"jetzt-mitmachen-beim-stadtradeln-2024","status":"publish","type":"post","link":"https:\/\/max-emden.de\/wordpress\/jetzt-mitmachen-beim-stadtradeln-2024\/","title":{"rendered":"Jetzt mitmachen beim STADTRADELN 2024!"},"content":{"rendered":"<div dir=\"ltr\">\n<p>Liebe Sch\u00fclerinnen und Sch\u00fcler, liebe Eltern, liebe Lehrkr\u00e4fte,<\/p>\n<p>vom 1. bis zum 21. September findet in Emden das allj\u00e4hrliche STADTRADELN statt, an dem das Max in diesem Jahr zum dritten Mal teilnimmt. Nachdem wir in den letzten beiden Jahren beim Wettbewerb der Emder Schulen einen hervorragenden ersten und zweiten Platz erzielt haben, wollen wir auch in diesem Jahr wieder ganz nach vorne. Dazu braucht es die Unterst\u00fctzung der ganzen Schulgemeinschaft, denn jeder Fahrrad-Kilometer z\u00e4hlt zum Gesamtergebnis!<\/p>\n<p>Um teilzunehmen, musss man sich nur beim STADTRADELN anmelden &#8211; einfach dem <a href=\"https:\/\/www.stadtradeln.de\/registrieren\">Link<\/a> folgen.<\/p>\n<p>Wer bereits dabei war, kann die Login-Daten vom letzten Mal nutzen (man muss die pers\u00f6nlichen Daten nur nochmal best\u00e4tigen). Ansonsten muss man sich neu registrieren, wenn ihr das erste Mal teilnehmt. Das geht ganz einfach und wird im folgenden Tutorial erkl\u00e4rt:<\/p>\n<div class=\"lyte-wrapper fourthree\" style=\"width:420px;max-width:100%;margin:5px;\"><div class=\"lyMe\" id=\"WYL_Vmo-2eE-5IM\"><div id=\"lyte_Vmo-2eE-5IM\" data-src=\"https:\/\/max-emden.de\/wordpress\/wp-content\/plugins\/wp-youtube-lyte\/lyteCache.php?origThumbUrl=%2F%2Fi.ytimg.com%2Fvi%2FVmo-2eE-5IM%2Fhqdefault.jpg\" class=\"pL\"><div class=\"tC\"><div class=\"tT\"><\/div><\/div><div class=\"play\"><\/div><div class=\"ctrl\"><div class=\"Lctrl\"><\/div><div class=\"Rctrl\"><\/div><\/div><\/div><noscript><a href=\"https:\/\/youtu.be\/Vmo-2eE-5IM\" rel=\"nofollow\"><img fetchpriority=\"high\" decoding=\"async\" src=\"https:\/\/max-emden.de\/wordpress\/wp-content\/plugins\/wp-youtube-lyte\/lyteCache.php?origThumbUrl=https%3A%2F%2Fi.ytimg.com%2Fvi%2FVmo-2eE-5IM%2F0.jpg\" alt=\"YouTube-Video-Vorschaubild\" width=\"420\" height=\"295\" \/><br \/>Dieses Video auf YouTube ansehen<\/a><\/noscript><\/div><\/div><div class=\"lL\" style=\"max-width:100%;width:420px;margin:5px;\"><\/div><\/p>\n<p>Da das Max-Windm\u00fcller-Gymnasium in diesem Jahr am Projekt Bike2school teilnimmt, freuen wir uns dar\u00fcber, wenn m\u00f6glichst viele Teilnehmer des Max die <a href=\"https:\/\/www.stadtradeln.de\/app\">Stadtradel-App<\/a> nutzen. Die getrackten Kilometer werden n\u00e4mlich zur\u00a0 Untersuchung und Verbesserung der Fahrradverkehrssituation in Emden genutzt und durch Sch\u00fclerinnen und Sch\u00fcler des Klimarates und weiterer Kurse ausgewertet.<\/p>\n<p>Ganz wichtig ist, dass ihr zun\u00e4chst als Team &#8222;GY Max Windm\u00fcller Emden&#8220; ausw\u00e4hlt. Bei der Wahl des Unterteams guckt ihr nach, ob Euer Klassenteam (oder Jahrgang 12 oder 13, Eltern oder Lehrkr\u00e4fte) schon existiert. Wenn ja, tretet ihr dort bei. Wenn nicht, seid ihr der oder die Erste aus eurer Klasse, der\/die sich registriert, und d\u00fcrft das Team z.B. mit dem Titel &#8222;Klasse 5a&#8220; selbst gr\u00fcnden.<\/p>\n<p>Bei Fragen stehe ich gerne zu Verf\u00fcgung!<\/p>\n<p>Viele Gr\u00fc\u00dfe<\/p>\n<p>Merle Ites (Jg.11)<\/p>\n<\/div>\n","protected":false},"excerpt":{"rendered":"<p>Liebe Sch\u00fclerinnen und Sch\u00fcler, liebe Eltern, liebe Lehrkr\u00e4fte, vom 1. bis zum 21. September findet in Emden das allj\u00e4hrliche STADTRADELN statt, an dem das Max<a class=\"moretag\" href=\"https:\/\/max-emden.de\/wordpress\/jetzt-mitmachen-beim-stadtradeln-2024\/\"> [&#8230;]<\/a><\/p>\n","protected":false},"author":3,"featured_media":17291,"comment_status":"closed","ping_status":"closed","sticky":false,"template":"","format":"standard","meta":{"footnotes":""},"categories":[2,89],"tags":[96],"class_list":["post-17290","post","type-post","status-publish","format-standard","has-post-thumbnail","hentry","category-allgemein","category-unesco","tag-aktuell"],"_links":{"self":[{"href":"https:\/\/max-emden.de\/wordpress\/wp-json\/wp\/v2\/posts\/17290","targetHints":{"allow":["GET"]}}],"collection":[{"href":"https:\/\/max-emden.de\/wordpress\/wp-json\/wp\/v2\/posts"}],"about":[{"href":"https:\/\/max-emden.de\/wordpress\/wp-json\/wp\/v2\/types\/post"}],"author":[{"embeddable":true,"href":"https:\/\/max-emden.de\/wordpress\/wp-json\/wp\/v2\/users\/3"}],"replies":[{"embeddable":true,"href":"https:\/\/max-emden.de\/wordpress\/wp-json\/wp\/v2\/comments?post=17290"}],"version-history":[{"count":8,"href":"https:\/\/max-emden.de\/wordpress\/wp-json\/wp\/v2\/posts\/17290\/revisions"}],"predecessor-version":[{"id":17299,"href":"https:\/\/max-emden.de\/wordpress\/wp-json\/wp\/v2\/posts\/17290\/revisions\/17299"}],"wp:featuredmedia":[{"embeddable":true,"href":"https:\/\/max-emden.de\/wordpress\/wp-json\/wp\/v2\/media\/17291"}],"wp:attachment":[{"href":"https:\/\/max-emden.de\/wordpress\/wp-json\/wp\/v2\/media?parent=17290"}],"wp:term":[{"taxonomy":"category","embeddable":true,"href":"https:\/\/max-emden.de\/wordpress\/wp-json\/wp\/v2\/categories?post=17290"},{"taxonomy":"post_tag","embeddable":true,"href":"https:\/\/max-emden.de\/wordpress\/wp-json\/wp\/v2\/tags?post=17290"}],"curies":[{"name":"wp","href":"https:\/\/api.w.org\/{rel}","templated":true}]}}