{"id":17300,"date":"2024-08-27T20:43:37","date_gmt":"2024-08-27T18:43:37","guid":{"rendered":"https:\/\/max-emden.de\/wordpress\/?p=17300"},"modified":"2024-12-06T15:52:41","modified_gmt":"2024-12-06T14:52:41","slug":"erv-deichdynamik-macht-sich-auf-den-weg-zur-club-crew-weltmeisterschaft-in-ravenna","status":"publish","type":"post","link":"https:\/\/max-emden.de\/wordpress\/erv-deichdynamik-macht-sich-auf-den-weg-zur-club-crew-weltmeisterschaft-in-ravenna\/","title":{"rendered":"ERV DeichDynamik macht sich auf den Weg zur Club-Crew-Weltmeisterschaft in Ravenna"},"content":{"rendered":"<p>30 Nationen, 163 Vereine, 5825 Teilnehmende, 475 Rennen &#8211; das sind die Eckdaten der gr\u00f6\u00dften Drachenboot-Vereins-Weltmeisterschaft, die der Weltverband IDBF je veranstaltet hat. Und mittendrin das Team \u201eERV DeichDynamik\u201c des Emder Rudervereins.<\/p>\n<p>Am Sonntag, den 1. September, machen sich insgesamt 82 Emderinnen und Emder mit dem Doppeldecker-Bus auf den Weg nach Italien, um als U24- und U18-Team am Wettbewerb teil\u00adzunehmen. Gestartet wird dort \u00fcber drei Distanzen &#8211; 200 Meter, 500 Meter und 2000 Meter &#8211; und mit drei unterschiedlich besetzten Bootsklassen &#8211; Standardboat Mixed, Smallboat Open, Smallboat Women. \u00dcber sechs Tage hinweg wird es also rund 30 Rennen mit Emder Beteili\u00adgung gegen Mannschaften aus aller Welt, wie die Sydney Zodiacs oder die Lincoln High School aus San Francisco, geben.<\/p>\n<figure id=\"attachment_17301\" aria-describedby=\"caption-attachment-17301\" style=\"width: 1523px\" class=\"wp-caption alignnone\"><a href=\"https:\/\/max-emden.de\/wordpress\/wp-content\/uploads\/2024\/08\/K1024_ERV-DeichDynamik-U18.jpg\"><img fetchpriority=\"high\" decoding=\"async\" class=\"wp-image-17301 size-full\" src=\"https:\/\/max-emden.de\/wordpress\/wp-content\/uploads\/2024\/08\/K1024_ERV-DeichDynamik-U18.jpg\" alt=\"\" width=\"1523\" height=\"768\" srcset=\"https:\/\/max-emden.de\/wordpress\/wp-content\/uploads\/2024\/08\/K1024_ERV-DeichDynamik-U18.jpg 1523w, https:\/\/max-emden.de\/wordpress\/wp-content\/uploads\/2024\/08\/K1024_ERV-DeichDynamik-U18-300x151.jpg 300w, https:\/\/max-emden.de\/wordpress\/wp-content\/uploads\/2024\/08\/K1024_ERV-DeichDynamik-U18-1024x516.jpg 1024w, https:\/\/max-emden.de\/wordpress\/wp-content\/uploads\/2024\/08\/K1024_ERV-DeichDynamik-U18-768x387.jpg 768w\" sizes=\"(max-width: 1523px) 100vw, 1523px\" \/><\/a><figcaption id=\"caption-attachment-17301\" class=\"wp-caption-text\"><em>Besteht komplett aus Sch\u00fcler:innen des Max: Das U18-Team der ERV DeichDynamik nimmt an der Club-WM in Ravenna\/ Italien teil. (Foto: Jens Doden)<\/em><\/figcaption><\/figure>\n<p>Die Vorfreude beim Team, das mit zahlreichen Freunden und Familie anreist, ist riesig! \u201eWir sind sehr dankbar \u00fcber das Vertrauen des Vorstandes des Emder Rudervereins, des Deutschen-Drachenboot-Verbands und der Sponsoren. Ohne die finanzielle Unterst\u00fctzung w\u00e4re eine solche Reise nicht m\u00f6glich,\u201c sagt Teamkapit\u00e4n Tobias Bruns.<br \/>\nDie Drachenbootmannschaft ERV DeichDynamik ist 2020 aus den Drachenboot-Aktivit\u00e4ten am Max-Windm\u00fcller-Gymnasium entstanden und besteht aus jungen Emderinnen und Emdern &#8211; teils mit langj\u00e4hriger Rudererfahrung, aber auch aus aktiven Handballern, Fu\u00dfballern und Volleyballern aus der Seehafenstadt.<\/p>\n<p>Die ERV-U18-Mannschaft besteht dabei noch komplett aus Sch\u00fclern der Jahrg\u00e4ngen 9 &#8211; 13 des Max-Windm\u00fcller-Gymnasiums, die U24 ist unter anderem zum Studieren mittlerweile in ganz Deutschland verteilt. Das Team ist seit Jahren mit gro\u00dfer Freude und Erfolg auf den Regatten in dieser besonderen Sportart auf dem Wasser in Norddeutschland unterwegs. Bei der Emder Hafenmeile konnte es zuletzt Platz 1 (U24) und Platz 5 (U18) in der K\u00f6nigsklasse einfahren.<\/p>\n<p><a style=\"font-weight: bold;\" href=\"https:\/\/max-emden.de\/wordpress\/wp-content\/uploads\/2024\/08\/K1024_2024-08-27_204008.jpg\"><img decoding=\"async\" class=\"wp-image-17302 size-full\" src=\"https:\/\/max-emden.de\/wordpress\/wp-content\/uploads\/2024\/08\/K1024_2024-08-27_204008.jpg\" alt=\"\" width=\"1899\" height=\"768\" srcset=\"https:\/\/max-emden.de\/wordpress\/wp-content\/uploads\/2024\/08\/K1024_2024-08-27_204008.jpg 1899w, https:\/\/max-emden.de\/wordpress\/wp-content\/uploads\/2024\/08\/K1024_2024-08-27_204008-300x121.jpg 300w, https:\/\/max-emden.de\/wordpress\/wp-content\/uploads\/2024\/08\/K1024_2024-08-27_204008-1024x414.jpg 1024w, https:\/\/max-emden.de\/wordpress\/wp-content\/uploads\/2024\/08\/K1024_2024-08-27_204008-768x311.jpg 768w, https:\/\/max-emden.de\/wordpress\/wp-content\/uploads\/2024\/08\/K1024_2024-08-27_204008-1536x621.jpg 1536w\" sizes=\"(max-width: 1899px) 100vw, 1899px\" \/><\/a><\/p>\n<p><em>Hoffen auf weitere gemeinsame Erfolge: die U18- und U24-Teams der ERV DeichDynamik! (Foto: Jens Doden)<\/em><\/p>\n","protected":false},"excerpt":{"rendered":"<p>30 Nationen, 163 Vereine, 5825 Teilnehmende, 475 Rennen &#8211; das sind die Eckdaten der gr\u00f6\u00dften Drachenboot-Vereins-Weltmeisterschaft, die der Weltverband IDBF je veranstaltet hat. Und mittendrin<a class=\"moretag\" href=\"https:\/\/max-emden.de\/wordpress\/erv-deichdynamik-macht-sich-auf-den-weg-zur-club-crew-weltmeisterschaft-in-ravenna\/\"> [&#8230;]<\/a><\/p>\n","protected":false},"author":3,"featured_media":17301,"comment_status":"closed","ping_status":"closed","sticky":false,"template":"","format":"standard","meta":{"footnotes":""},"categories":[65],"tags":[96],"class_list":["post-17300","post","type-post","status-publish","format-standard","has-post-thumbnail","hentry","category-drachenboot-regatta","tag-aktuell"],"_links":{"self":[{"href":"https:\/\/max-emden.de\/wordpress\/wp-json\/wp\/v2\/posts\/17300","targetHints":{"allow":["GET"]}}],"collection":[{"href":"https:\/\/max-emden.de\/wordpress\/wp-json\/wp\/v2\/posts"}],"about":[{"href":"https:\/\/max-emden.de\/wordpress\/wp-json\/wp\/v2\/types\/post"}],"author":[{"embeddable":true,"href":"https:\/\/max-emden.de\/wordpress\/wp-json\/wp\/v2\/users\/3"}],"replies":[{"embeddable":true,"href":"https:\/\/max-emden.de\/wordpress\/wp-json\/wp\/v2\/comments?post=17300"}],"version-history":[{"count":1,"href":"https:\/\/max-emden.de\/wordpress\/wp-json\/wp\/v2\/posts\/17300\/revisions"}],"predecessor-version":[{"id":17303,"href":"https:\/\/max-emden.de\/wordpress\/wp-json\/wp\/v2\/posts\/17300\/revisions\/17303"}],"wp:featuredmedia":[{"embeddable":true,"href":"https:\/\/max-emden.de\/wordpress\/wp-json\/wp\/v2\/media\/17301"}],"wp:attachment":[{"href":"https:\/\/max-emden.de\/wordpress\/wp-json\/wp\/v2\/media?parent=17300"}],"wp:term":[{"taxonomy":"category","embeddable":true,"href":"https:\/\/max-emden.de\/wordpress\/wp-json\/wp\/v2\/categories?post=17300"},{"taxonomy":"post_tag","embeddable":true,"href":"https:\/\/max-emden.de\/wordpress\/wp-json\/wp\/v2\/tags?post=17300"}],"curies":[{"name":"wp","href":"https:\/\/api.w.org\/{rel}","templated":true}]}}