{"id":17472,"date":"2024-10-29T20:06:11","date_gmt":"2024-10-29T19:06:11","guid":{"rendered":"https:\/\/max-emden.de\/wordpress\/?p=17472"},"modified":"2024-12-06T16:19:50","modified_gmt":"2024-12-06T15:19:50","slug":"weihnachten-im-schuhkarton-jetzt-mitmachen","status":"publish","type":"post","link":"https:\/\/max-emden.de\/wordpress\/weihnachten-im-schuhkarton-jetzt-mitmachen\/","title":{"rendered":"Weihnachten im Schuhkarton \u2013 Jetzt mitmachen!"},"content":{"rendered":"<p>Liebe Sch\u00fclerinnen und Sch\u00fcler, liebe Eltern, liebe Lehrkr\u00e4fte,<\/p>\n<p>auch dieses Jahr m\u00f6chten wir als SV die Aktion \u201eWeihnachten im Schuhkarton\u201c unterst\u00fctzen und laden euch herzlich dazu ein, gemeinsam bed\u00fcrftigen Kindern eine Freude zu bereiten. Diese Geschenkaktion, die Teil der weltweiten Initiative von Samaritan\u2019s Purse ist, erm\u00f6glicht es, dass Kinder in Not durch ein kleines Geschenkpaket Weihnachtsfreude erleben k\u00f6nnen.<\/p>\n<p><strong>Wie k\u00f6nnt ihr teilnehmen?<\/strong><\/p>\n<p>Vom 11.11.2024 bis 15.11.2023 wird t\u00e4glich in den gro\u00dfen Pausen ein Stand in der Pausenhalle aufgebaut. Dort k\u00f6nnt ihr eure fertig gepackten Schuhkartons abgeben. Unsere Ansprechpartnerin, Frau Engelke, wird die Kartons anschlie\u00dfend sammeln und an die Organisatoren weiterleiten.<\/p>\n<p><strong>Was kann in den Schuhkarton?<\/strong><\/p>\n<p>Ihr seid bei der Gestaltung eurer Kartons relativ frei. Wichtig ist nur, dass die Geschenke gut erhalten, kindgerecht und liebevoll ausgew\u00e4hlt sind. Falls ihr Anregungen braucht, findet ihr eine Liste von Geschenkideen und Hinweise zur Verpackung unter folgendem Link: <a href=\"https:\/\/www.die-samariter.org\/projekte\/weihnachten-im-schuhkarton\/\">www.weihnachten-im-schuhkarton.org.<\/a> Au\u00dferdem gibt es dort ein Video zur kreativen Gestaltung der Kartons.<\/p>\n<p><strong>Warum teilnehmen?<\/strong><\/p>\n<p>Jedes Geschenk, das ihr packt, kann f\u00fcr ein bed\u00fcrftiges Kind in Not einen Moment des Gl\u00fccks und der Hoffnung bedeuten. Helft mit, ein kleines L\u00e4cheln in die Welt zu bringen und unterst\u00fctzt uns bei dieser sch\u00f6nen Aktion.<\/p>\n<p>Wir freuen uns auf zahlreiche Spendenkartons von euch!<\/p>\n<p>Herzliche Gr\u00fc\u00dfe<br \/>\nEuer\u00a0SV-Team<\/p>\n","protected":false},"excerpt":{"rendered":"<p>Liebe Sch\u00fclerinnen und Sch\u00fcler, liebe Eltern, liebe Lehrkr\u00e4fte, auch dieses Jahr m\u00f6chten wir als SV die Aktion \u201eWeihnachten im Schuhkarton\u201c unterst\u00fctzen und laden euch herzlich<a class=\"moretag\" href=\"https:\/\/max-emden.de\/wordpress\/weihnachten-im-schuhkarton-jetzt-mitmachen\/\"> [&#8230;]<\/a><\/p>\n","protected":false},"author":3,"featured_media":17473,"comment_status":"closed","ping_status":"closed","sticky":false,"template":"","format":"standard","meta":{"footnotes":""},"categories":[2,17,89],"tags":[96],"class_list":["post-17472","post","type-post","status-publish","format-standard","has-post-thumbnail","hentry","category-allgemein","category-schuelervertretung","category-unesco","tag-aktuell"],"_links":{"self":[{"href":"https:\/\/max-emden.de\/wordpress\/wp-json\/wp\/v2\/posts\/17472","targetHints":{"allow":["GET"]}}],"collection":[{"href":"https:\/\/max-emden.de\/wordpress\/wp-json\/wp\/v2\/posts"}],"about":[{"href":"https:\/\/max-emden.de\/wordpress\/wp-json\/wp\/v2\/types\/post"}],"author":[{"embeddable":true,"href":"https:\/\/max-emden.de\/wordpress\/wp-json\/wp\/v2\/users\/3"}],"replies":[{"embeddable":true,"href":"https:\/\/max-emden.de\/wordpress\/wp-json\/wp\/v2\/comments?post=17472"}],"version-history":[{"count":1,"href":"https:\/\/max-emden.de\/wordpress\/wp-json\/wp\/v2\/posts\/17472\/revisions"}],"predecessor-version":[{"id":17474,"href":"https:\/\/max-emden.de\/wordpress\/wp-json\/wp\/v2\/posts\/17472\/revisions\/17474"}],"wp:featuredmedia":[{"embeddable":true,"href":"https:\/\/max-emden.de\/wordpress\/wp-json\/wp\/v2\/media\/17473"}],"wp:attachment":[{"href":"https:\/\/max-emden.de\/wordpress\/wp-json\/wp\/v2\/media?parent=17472"}],"wp:term":[{"taxonomy":"category","embeddable":true,"href":"https:\/\/max-emden.de\/wordpress\/wp-json\/wp\/v2\/categories?post=17472"},{"taxonomy":"post_tag","embeddable":true,"href":"https:\/\/max-emden.de\/wordpress\/wp-json\/wp\/v2\/tags?post=17472"}],"curies":[{"name":"wp","href":"https:\/\/api.w.org\/{rel}","templated":true}]}}