{"id":17477,"date":"2024-11-04T10:06:42","date_gmt":"2024-11-04T09:06:42","guid":{"rendered":"https:\/\/max-emden.de\/wordpress\/?p=17477"},"modified":"2024-12-06T16:20:03","modified_gmt":"2024-12-06T15:20:03","slug":"die-planungen-fuer-das-naechste-erasmus-projekt-sind-angelaufen","status":"publish","type":"post","link":"https:\/\/max-emden.de\/wordpress\/die-planungen-fuer-das-naechste-erasmus-projekt-sind-angelaufen\/","title":{"rendered":"Die Planungen f\u00fcr das n\u00e4chste ERASMUS+-Projekt sind angelaufen"},"content":{"rendered":"<div dir=\"ltr\"><a href=\"https:\/\/max-emden.de\/wordpress\/wp-content\/uploads\/2024\/11\/IMG-20241024-WA00133.jpg\"><img fetchpriority=\"high\" decoding=\"async\" class=\"alignnone size-full wp-image-17478\" src=\"https:\/\/max-emden.de\/wordpress\/wp-content\/uploads\/2024\/11\/IMG-20241024-WA00133.jpg\" alt=\"\" width=\"1574\" height=\"946\" srcset=\"https:\/\/max-emden.de\/wordpress\/wp-content\/uploads\/2024\/11\/IMG-20241024-WA00133.jpg 1574w, https:\/\/max-emden.de\/wordpress\/wp-content\/uploads\/2024\/11\/IMG-20241024-WA00133-300x180.jpg 300w, https:\/\/max-emden.de\/wordpress\/wp-content\/uploads\/2024\/11\/IMG-20241024-WA00133-1024x615.jpg 1024w, https:\/\/max-emden.de\/wordpress\/wp-content\/uploads\/2024\/11\/IMG-20241024-WA00133-768x462.jpg 768w, https:\/\/max-emden.de\/wordpress\/wp-content\/uploads\/2024\/11\/IMG-20241024-WA00133-1536x923.jpg 1536w\" sizes=\"(max-width: 1574px) 100vw, 1574px\" \/><\/a><\/div>\n<div dir=\"ltr\"><\/div>\n<div dir=\"ltr\">&#8222;Scarcity of water&#8220;, also Wasserknappheit &#8211; das ist das Thema des n\u00e4chsten ERASMUS+-Projektes, an dem das Max teilnimmt. Gemeinsam mit Partnern aus Italien, Tschechien, Portugal und den Niederlanden wurde im spanischen Roquetas de Mar in der N\u00e4he von Almeria in der vergangenen Woche das Projekt geplant und inhaltlich abgestimmt.<\/div>\n<div dir=\"ltr\"><\/div>\n<div dir=\"ltr\"><a href=\"https:\/\/max-emden.de\/wordpress\/wp-content\/uploads\/2024\/11\/IMG-20241024-WA0010.jpg\"><img decoding=\"async\" class=\"alignnone wp-image-17479 size-full\" src=\"https:\/\/max-emden.de\/wordpress\/wp-content\/uploads\/2024\/11\/IMG-20241024-WA0010-e1730711087958.jpg\" alt=\"\" width=\"1600\" height=\"717\" srcset=\"https:\/\/max-emden.de\/wordpress\/wp-content\/uploads\/2024\/11\/IMG-20241024-WA0010-e1730711087958.jpg 1600w, https:\/\/max-emden.de\/wordpress\/wp-content\/uploads\/2024\/11\/IMG-20241024-WA0010-e1730711087958-300x134.jpg 300w, https:\/\/max-emden.de\/wordpress\/wp-content\/uploads\/2024\/11\/IMG-20241024-WA0010-e1730711087958-1024x459.jpg 1024w, https:\/\/max-emden.de\/wordpress\/wp-content\/uploads\/2024\/11\/IMG-20241024-WA0010-e1730711087958-768x344.jpg 768w, https:\/\/max-emden.de\/wordpress\/wp-content\/uploads\/2024\/11\/IMG-20241024-WA0010-e1730711087958-1536x688.jpg 1536w\" sizes=\"(max-width: 1600px) 100vw, 1600px\" \/><\/a><\/div>\n<div dir=\"ltr\"><\/div>\n<div dir=\"ltr\">Alle Teilnehmerinnen und Teilnehmer genossen die Anregungen und Gastfreundschaft der Gastgeberinnen aus Almeria und den Austausch mit den anderen Schulen. Am Max wird das Erasmus+ Projekt 2024-25 von Severin Tillmann und Frank Tapper betreut. In K\u00fcrze wird der 9. Jahrgang \u00fcber die Teilnahmem\u00f6glichkeiten informiert.<\/div>\n<div dir=\"ltr\"><\/div>\n","protected":false},"excerpt":{"rendered":"<p>&#8222;Scarcity of water&#8220;, also Wasserknappheit &#8211; das ist das Thema des n\u00e4chsten ERASMUS+-Projektes, an dem das Max teilnimmt. Gemeinsam mit Partnern aus Italien, Tschechien, Portugal<a class=\"moretag\" href=\"https:\/\/max-emden.de\/wordpress\/die-planungen-fuer-das-naechste-erasmus-projekt-sind-angelaufen\/\"> [&#8230;]<\/a><\/p>\n","protected":false},"author":3,"featured_media":17478,"comment_status":"closed","ping_status":"closed","sticky":false,"template":"","format":"standard","meta":{"footnotes":""},"categories":[92],"tags":[96],"class_list":["post-17477","post","type-post","status-publish","format-standard","has-post-thumbnail","hentry","category-erasmus","tag-aktuell"],"_links":{"self":[{"href":"https:\/\/max-emden.de\/wordpress\/wp-json\/wp\/v2\/posts\/17477","targetHints":{"allow":["GET"]}}],"collection":[{"href":"https:\/\/max-emden.de\/wordpress\/wp-json\/wp\/v2\/posts"}],"about":[{"href":"https:\/\/max-emden.de\/wordpress\/wp-json\/wp\/v2\/types\/post"}],"author":[{"embeddable":true,"href":"https:\/\/max-emden.de\/wordpress\/wp-json\/wp\/v2\/users\/3"}],"replies":[{"embeddable":true,"href":"https:\/\/max-emden.de\/wordpress\/wp-json\/wp\/v2\/comments?post=17477"}],"version-history":[{"count":1,"href":"https:\/\/max-emden.de\/wordpress\/wp-json\/wp\/v2\/posts\/17477\/revisions"}],"predecessor-version":[{"id":17480,"href":"https:\/\/max-emden.de\/wordpress\/wp-json\/wp\/v2\/posts\/17477\/revisions\/17480"}],"wp:featuredmedia":[{"embeddable":true,"href":"https:\/\/max-emden.de\/wordpress\/wp-json\/wp\/v2\/media\/17478"}],"wp:attachment":[{"href":"https:\/\/max-emden.de\/wordpress\/wp-json\/wp\/v2\/media?parent=17477"}],"wp:term":[{"taxonomy":"category","embeddable":true,"href":"https:\/\/max-emden.de\/wordpress\/wp-json\/wp\/v2\/categories?post=17477"},{"taxonomy":"post_tag","embeddable":true,"href":"https:\/\/max-emden.de\/wordpress\/wp-json\/wp\/v2\/tags?post=17477"}],"curies":[{"name":"wp","href":"https:\/\/api.w.org\/{rel}","templated":true}]}}