{"id":17540,"date":"2024-11-19T16:37:27","date_gmt":"2024-11-19T15:37:27","guid":{"rendered":"https:\/\/max-emden.de\/wordpress\/?p=17540"},"modified":"2025-01-13T17:32:38","modified_gmt":"2025-01-13T16:32:38","slug":"religionskurse-besuchten-martin-luther-kirche","status":"publish","type":"post","link":"https:\/\/max-emden.de\/wordpress\/religionskurse-besuchten-martin-luther-kirche\/","title":{"rendered":"Religionskurse besuchten Martin-Luther-Kirche"},"content":{"rendered":"<div dir=\"ltr\">\n<figure id=\"attachment_17543\" aria-describedby=\"caption-attachment-17543\" style=\"width: 1034px\" class=\"wp-caption alignnone\"><a href=\"https:\/\/max-emden.de\/wordpress\/wp-content\/uploads\/2024\/11\/K1600_IMG_5467.jpg\"><img fetchpriority=\"high\" decoding=\"async\" class=\"wp-image-17543 size-full\" src=\"https:\/\/max-emden.de\/wordpress\/wp-content\/uploads\/2024\/11\/K1600_IMG_5467.jpg\" alt=\"\" width=\"1034\" height=\"1295\" srcset=\"https:\/\/max-emden.de\/wordpress\/wp-content\/uploads\/2024\/11\/K1600_IMG_5467.jpg 1034w, https:\/\/max-emden.de\/wordpress\/wp-content\/uploads\/2024\/11\/K1600_IMG_5467-240x300.jpg 240w, https:\/\/max-emden.de\/wordpress\/wp-content\/uploads\/2024\/11\/K1600_IMG_5467-818x1024.jpg 818w, https:\/\/max-emden.de\/wordpress\/wp-content\/uploads\/2024\/11\/K1600_IMG_5467-768x962.jpg 768w\" sizes=\"(max-width: 1034px) 100vw, 1034px\" \/><\/a><figcaption id=\"caption-attachment-17543\" class=\"wp-caption-text\"><em>Auf Entdeckungstour in der Martin-Luther-Kirche<\/em><\/figcaption><\/figure>\n<\/div>\n<div dir=\"ltr\">Beim ersten Schneefall des Jahres haben sich die beiden Religionskurse des sechsten Jahrgangs unter der Leitung von Bettina Colmsee und Nina Schenkel auf den Weg gemacht, um die Martin-Luther-Kirche zu besichtigen. Zun\u00e4chst bekamen die Sch\u00fclerinnen und Sch\u00fcler eine F\u00fchrung durch Hille Hunger. Sie erkl\u00e4rte ausf\u00fchrlich das besondere Glasbild der Kirche: Wie der Phoenix aus der Asche ist auch Emden nach dem Krieg aus der Asche auferstanden.<\/div>\n<div dir=\"ltr\">\n<figure id=\"attachment_17544\" aria-describedby=\"caption-attachment-17544\" style=\"width: 1200px\" class=\"wp-caption alignnone\"><a href=\"https:\/\/max-emden.de\/wordpress\/wp-content\/uploads\/2024\/11\/K1600_IMG_5460.jpg\"><img decoding=\"async\" class=\"wp-image-17544 size-full\" src=\"https:\/\/max-emden.de\/wordpress\/wp-content\/uploads\/2024\/11\/K1600_IMG_5460.jpg\" alt=\"\" width=\"1200\" height=\"675\" srcset=\"https:\/\/max-emden.de\/wordpress\/wp-content\/uploads\/2024\/11\/K1600_IMG_5460.jpg 1200w, https:\/\/max-emden.de\/wordpress\/wp-content\/uploads\/2024\/11\/K1600_IMG_5460-300x169.jpg 300w, https:\/\/max-emden.de\/wordpress\/wp-content\/uploads\/2024\/11\/K1600_IMG_5460-1024x576.jpg 1024w, https:\/\/max-emden.de\/wordpress\/wp-content\/uploads\/2024\/11\/K1600_IMG_5460-768x432.jpg 768w\" sizes=\"(max-width: 1200px) 100vw, 1200px\" \/><\/a><figcaption id=\"caption-attachment-17544\" class=\"wp-caption-text\"><em>Erinnerung an die Zerst\u00f6rung der Stadt durch den Zweiten Weltkrieg und an den Wiederaufbau: das Ph\u00f6nixfenster.<\/em><\/figcaption><\/figure>\n<\/div>\n<div dir=\"ltr\">Besonders eindrucksvoll ist dabei die Geschichte der Kirche selbst: \u201eVon der zerst\u00f6rten Kirche vor dem Zweiten Weltkrieg haben wir nur noch einen Schl\u00fcssel.\u201c Im Anschluss waren die Lernenden selbst an der Reihe und haben die Kirche erkundet. Dabei sollten sie durch ein kleines Suchspiel die wichtigsten Gegenst\u00e4nde aus dem vorherigen Unterricht entdecken. So wird der theoretische Unterricht mit Leben und Geschichte gef\u00fcllt.<\/div>\n<div dir=\"ltr\"><\/div>\n<div dir=\"ltr\">\n<figure id=\"attachment_17545\" aria-describedby=\"caption-attachment-17545\" style=\"width: 2227px\" class=\"wp-caption alignnone\"><a href=\"https:\/\/max-emden.de\/wordpress\/wp-content\/uploads\/2024\/11\/K1600_IMG_5475.jpg\"><img decoding=\"async\" class=\"wp-image-17545 size-full\" src=\"https:\/\/max-emden.de\/wordpress\/wp-content\/uploads\/2024\/11\/K1600_IMG_5475.jpg\" alt=\"\" width=\"2227\" height=\"1200\" srcset=\"https:\/\/max-emden.de\/wordpress\/wp-content\/uploads\/2024\/11\/K1600_IMG_5475.jpg 2227w, https:\/\/max-emden.de\/wordpress\/wp-content\/uploads\/2024\/11\/K1600_IMG_5475-300x162.jpg 300w, https:\/\/max-emden.de\/wordpress\/wp-content\/uploads\/2024\/11\/K1600_IMG_5475-1024x552.jpg 1024w, https:\/\/max-emden.de\/wordpress\/wp-content\/uploads\/2024\/11\/K1600_IMG_5475-768x414.jpg 768w, https:\/\/max-emden.de\/wordpress\/wp-content\/uploads\/2024\/11\/K1600_IMG_5475-1536x828.jpg 1536w, https:\/\/max-emden.de\/wordpress\/wp-content\/uploads\/2024\/11\/K1600_IMG_5475-2048x1104.jpg 2048w\" sizes=\"(max-width: 2227px) 100vw, 2227px\" \/><\/a><figcaption id=\"caption-attachment-17545\" class=\"wp-caption-text\"><em>Die beiden Religionskurse vor dem Altar.<\/em><\/figcaption><\/figure>\n<\/div>\n<div dir=\"ltr\"><\/div>\n<div dir=\"ltr\" style=\"text-align: right;\"><em>Nina Schenkel<\/em><\/div>\n","protected":false},"excerpt":{"rendered":"<p>Beim ersten Schneefall des Jahres haben sich die beiden Religionskurse des sechsten Jahrgangs unter der Leitung von Bettina Colmsee und Nina Schenkel auf den Weg<a class=\"moretag\" href=\"https:\/\/max-emden.de\/wordpress\/religionskurse-besuchten-martin-luther-kirche\/\"> [&#8230;]<\/a><\/p>\n","protected":false},"author":3,"featured_media":17541,"comment_status":"closed","ping_status":"closed","sticky":false,"template":"","format":"standard","meta":{"footnotes":""},"categories":[2,101,48],"tags":[],"class_list":["post-17540","post","type-post","status-publish","format-standard","has-post-thumbnail","hentry","category-allgemein","category-aufgabenfeld-b","category-religion"],"_links":{"self":[{"href":"https:\/\/max-emden.de\/wordpress\/wp-json\/wp\/v2\/posts\/17540","targetHints":{"allow":["GET"]}}],"collection":[{"href":"https:\/\/max-emden.de\/wordpress\/wp-json\/wp\/v2\/posts"}],"about":[{"href":"https:\/\/max-emden.de\/wordpress\/wp-json\/wp\/v2\/types\/post"}],"author":[{"embeddable":true,"href":"https:\/\/max-emden.de\/wordpress\/wp-json\/wp\/v2\/users\/3"}],"replies":[{"embeddable":true,"href":"https:\/\/max-emden.de\/wordpress\/wp-json\/wp\/v2\/comments?post=17540"}],"version-history":[{"count":1,"href":"https:\/\/max-emden.de\/wordpress\/wp-json\/wp\/v2\/posts\/17540\/revisions"}],"predecessor-version":[{"id":17546,"href":"https:\/\/max-emden.de\/wordpress\/wp-json\/wp\/v2\/posts\/17540\/revisions\/17546"}],"wp:featuredmedia":[{"embeddable":true,"href":"https:\/\/max-emden.de\/wordpress\/wp-json\/wp\/v2\/media\/17541"}],"wp:attachment":[{"href":"https:\/\/max-emden.de\/wordpress\/wp-json\/wp\/v2\/media?parent=17540"}],"wp:term":[{"taxonomy":"category","embeddable":true,"href":"https:\/\/max-emden.de\/wordpress\/wp-json\/wp\/v2\/categories?post=17540"},{"taxonomy":"post_tag","embeddable":true,"href":"https:\/\/max-emden.de\/wordpress\/wp-json\/wp\/v2\/tags?post=17540"}],"curies":[{"name":"wp","href":"https:\/\/api.w.org\/{rel}","templated":true}]}}