{"id":17561,"date":"2024-11-21T16:31:39","date_gmt":"2024-11-21T15:31:39","guid":{"rendered":"https:\/\/max-emden.de\/wordpress\/?p=17561"},"modified":"2024-12-19T10:27:23","modified_gmt":"2024-12-19T09:27:23","slug":"movers-of-tomorrow-mia-und-laura-in-berlin-ausgezeichnet","status":"publish","type":"post","link":"https:\/\/max-emden.de\/wordpress\/movers-of-tomorrow-mia-und-laura-in-berlin-ausgezeichnet\/","title":{"rendered":"Movers of Tomorrow- Mia und Laura in Berlin ausgezeichnet"},"content":{"rendered":"<figure id=\"attachment_17571\" aria-describedby=\"caption-attachment-17571\" style=\"width: 1200px\" class=\"wp-caption alignnone\"><a href=\"https:\/\/max-emden.de\/wordpress\/wp-content\/uploads\/2024\/11\/Movers-of-Tomorrow-2024-Mia_Laura-10.jpg\"><img fetchpriority=\"high\" decoding=\"async\" class=\"wp-image-17571 size-full\" src=\"https:\/\/max-emden.de\/wordpress\/wp-content\/uploads\/2024\/11\/Movers-of-Tomorrow-2024-Mia_Laura-10-e1732202890550.jpg\" alt=\"\" width=\"1200\" height=\"1320\" srcset=\"https:\/\/max-emden.de\/wordpress\/wp-content\/uploads\/2024\/11\/Movers-of-Tomorrow-2024-Mia_Laura-10-e1732202890550.jpg 1200w, https:\/\/max-emden.de\/wordpress\/wp-content\/uploads\/2024\/11\/Movers-of-Tomorrow-2024-Mia_Laura-10-e1732202890550-273x300.jpg 273w, https:\/\/max-emden.de\/wordpress\/wp-content\/uploads\/2024\/11\/Movers-of-Tomorrow-2024-Mia_Laura-10-e1732202890550-931x1024.jpg 931w, https:\/\/max-emden.de\/wordpress\/wp-content\/uploads\/2024\/11\/Movers-of-Tomorrow-2024-Mia_Laura-10-e1732202890550-768x845.jpg 768w\" sizes=\"(max-width: 1200px) 100vw, 1200px\" \/><\/a><figcaption id=\"caption-attachment-17571\" class=\"wp-caption-text\"><em>Wurden in Berlin als Movers-of-Tomorrow ausgezeichnet: Mia Bredebusch und Laura Oldewurtel<\/em><\/figcaption><\/figure>\n<p>Am vergangenen Wochenende fand in Berlin die Verleihung des Movers- of-Tomorrow-Awards in Berlin statt. Mit dabei waren auch Mia Bredebusch und Laura Oldewurtel, die beide im\u00a0 Sommer ihr Abitur am Max-Windm\u00fcller-Gymnasium erfolgreich abgelegt haben. Nicht zuletzt wegen ihres gro\u00dfen Engagements w\u00e4hrend der Schulzeit waren Mia und Laura f\u00fcr diesen Preis nominiert worden, der von der Allianz-Foundation ausgeschrieben wurde.<\/p>\n<p>Laura berichtet:<\/p>\n<p><em>Klimakrise, Rassismus, Antisemitismus, Rechtsruck und Chanceungleichheit &#8211; die Probleme unserer Zeit halten uns alle in Atem. Umso sch\u00f6ner, dass es viele junge Menschen gibt, die sich in diesen Bereichen engagieren: Am 15. November wurden 54 von ihnen mit dem \u201eMover-of-Tomorrow-Award\u201c der Allianzfoundation ausgezeichnet &#8211; darunter auch Mia Bredebusch und Laura Oldewurtel, die beide dieses Jahr erfolgreich ihr Abitur am MAX abgelegt haben.<\/em><\/p>\n<figure id=\"attachment_17567\" aria-describedby=\"caption-attachment-17567\" style=\"width: 1600px\" class=\"wp-caption alignnone\"><a href=\"https:\/\/max-emden.de\/wordpress\/wp-content\/uploads\/2024\/11\/Movers-of-Tomorrow-2024-Mia_Laura-6.jpg\"><img decoding=\"async\" class=\"wp-image-17567 size-full\" src=\"https:\/\/max-emden.de\/wordpress\/wp-content\/uploads\/2024\/11\/Movers-of-Tomorrow-2024-Mia_Laura-6.jpg\" alt=\"\" width=\"1600\" height=\"900\" srcset=\"https:\/\/max-emden.de\/wordpress\/wp-content\/uploads\/2024\/11\/Movers-of-Tomorrow-2024-Mia_Laura-6.jpg 1600w, https:\/\/max-emden.de\/wordpress\/wp-content\/uploads\/2024\/11\/Movers-of-Tomorrow-2024-Mia_Laura-6-300x169.jpg 300w, https:\/\/max-emden.de\/wordpress\/wp-content\/uploads\/2024\/11\/Movers-of-Tomorrow-2024-Mia_Laura-6-1024x576.jpg 1024w, https:\/\/max-emden.de\/wordpress\/wp-content\/uploads\/2024\/11\/Movers-of-Tomorrow-2024-Mia_Laura-6-768x432.jpg 768w, https:\/\/max-emden.de\/wordpress\/wp-content\/uploads\/2024\/11\/Movers-of-Tomorrow-2024-Mia_Laura-6-1536x864.jpg 1536w\" sizes=\"(max-width: 1600px) 100vw, 1600px\" \/><\/a><figcaption id=\"caption-attachment-17567\" class=\"wp-caption-text\"><em>Paneldiskussion mit Laura<\/em><\/figcaption><\/figure>\n<p><em>Nach einem Panel-Talk zu jungem Engagement und Ehrenamt in der heutigen Zeit mit Moderatorin und Journalistin Carlott Bru, dem Head of Research der Allianz- Foundation Simon Morris-Lange und vier Preistr\u00e4ger*innen, zu denen auch Laura geh\u00f6rte, wurde der Mover-of-Tomorrow-Award in der Kategorie \u201eGesellschaft\u201c an Mia und in der Kategorie \u201ePlanet\u201c an Laura verliehen, nachdem sie im Publikumsvoting von sich \u00fcberzeugen konnten. Musikalisch begleitet wurde das Programm von S\u00e4ngerin KEBOO.<\/em><\/p>\n<figure id=\"attachment_17570\" aria-describedby=\"caption-attachment-17570\" style=\"width: 1600px\" class=\"wp-caption alignnone\"><a href=\"https:\/\/max-emden.de\/wordpress\/wp-content\/uploads\/2024\/11\/Movers-of-Tomorrow-2024-Mia_Laura-9.jpg\"><img decoding=\"async\" class=\"wp-image-17570 size-full\" src=\"https:\/\/max-emden.de\/wordpress\/wp-content\/uploads\/2024\/11\/Movers-of-Tomorrow-2024-Mia_Laura-9.jpg\" alt=\"\" width=\"1600\" height=\"900\" srcset=\"https:\/\/max-emden.de\/wordpress\/wp-content\/uploads\/2024\/11\/Movers-of-Tomorrow-2024-Mia_Laura-9.jpg 1600w, https:\/\/max-emden.de\/wordpress\/wp-content\/uploads\/2024\/11\/Movers-of-Tomorrow-2024-Mia_Laura-9-300x169.jpg 300w, https:\/\/max-emden.de\/wordpress\/wp-content\/uploads\/2024\/11\/Movers-of-Tomorrow-2024-Mia_Laura-9-1024x576.jpg 1024w, https:\/\/max-emden.de\/wordpress\/wp-content\/uploads\/2024\/11\/Movers-of-Tomorrow-2024-Mia_Laura-9-768x432.jpg 768w, https:\/\/max-emden.de\/wordpress\/wp-content\/uploads\/2024\/11\/Movers-of-Tomorrow-2024-Mia_Laura-9-1536x864.jpg 1536w\" sizes=\"(max-width: 1600px) 100vw, 1600px\" \/><\/a><figcaption id=\"caption-attachment-17570\" class=\"wp-caption-text\"><em>Gruppenbild der Preistr\u00e4ger:innen<\/em><\/figcaption><\/figure>\n<p><em>Am n\u00e4chsten Tag gab es dann f\u00fcr alle Preistr\u00e4ger*innen ein umfangreiches Workshop-Programm, das vorrangig der Vernetzung der Preistr\u00e4ger*innen diente. Dabei wurde sich intensiv \u00fcber die jeweiligen Projekte ausgetauscht, \u00fcber gemeinsame Probleme und Chancen gesprochen und Tipps und Erfahrungen weitergegeben. Verbindungen und Kontakte wurden gekn\u00fcpft, die bei zuk\u00fcnftiger Arbeit helfen sollen:<\/em><\/p>\n<p><em>Ein sch\u00f6nes und gewinnbringendes Event, von dem alle Preistr\u00e4ger*innen hoffentlich noch lange\u00a0zehren\u00a0werden!<\/em><\/p>\n<p>Auch Mia zieht ein positives Fazit:<\/p>\n<p><em>Es ist nat\u00fcrlich eine gro\u00dfe Ehre, eine der Preistr\u00e4ger*innen des ersten Movers of Tomorrow-Awards zu sein und zu der tollen \u00a0Preisverleihung in Berlin fahren zu d\u00fcrfen. Was mir am besten gefallen hat &#8211; und das war auch eines der Hauptziele der Preisverleihung, denke ich &#8211; war das Vernetzen. Der Aktivismus der anderen und was sie teilweise schon f\u00fcr Projekte auf die Beine gestellt haben, fand ich wirklich faszinierend und inspirierend. Insofern waren vor allem die Vorstellungen, die Gespr\u00e4che und der Verbindungs- und Austauschworkshop am Samstag, der die Zukunft des Netzwerkes im Blick hatte, sehr bereichernd. Ich fahre mit vielen neuen Kontakten, Ideen, Reise- und Termin-Pl\u00e4nen und auch neuer Hoffnung\u00a0nach Hause.<\/em><\/p>\n","protected":false},"excerpt":{"rendered":"<p>Am vergangenen Wochenende fand in Berlin die Verleihung des Movers- of-Tomorrow-Awards in Berlin statt. Mit dabei waren auch Mia Bredebusch und Laura Oldewurtel, die beide<a class=\"moretag\" href=\"https:\/\/max-emden.de\/wordpress\/movers-of-tomorrow-mia-und-laura-in-berlin-ausgezeichnet\/\"> [&#8230;]<\/a><\/p>\n","protected":false},"author":3,"featured_media":17562,"comment_status":"closed","ping_status":"closed","sticky":false,"template":"","format":"standard","meta":{"footnotes":""},"categories":[2,89],"tags":[96],"class_list":["post-17561","post","type-post","status-publish","format-standard","has-post-thumbnail","hentry","category-allgemein","category-unesco","tag-aktuell"],"_links":{"self":[{"href":"https:\/\/max-emden.de\/wordpress\/wp-json\/wp\/v2\/posts\/17561","targetHints":{"allow":["GET"]}}],"collection":[{"href":"https:\/\/max-emden.de\/wordpress\/wp-json\/wp\/v2\/posts"}],"about":[{"href":"https:\/\/max-emden.de\/wordpress\/wp-json\/wp\/v2\/types\/post"}],"author":[{"embeddable":true,"href":"https:\/\/max-emden.de\/wordpress\/wp-json\/wp\/v2\/users\/3"}],"replies":[{"embeddable":true,"href":"https:\/\/max-emden.de\/wordpress\/wp-json\/wp\/v2\/comments?post=17561"}],"version-history":[{"count":3,"href":"https:\/\/max-emden.de\/wordpress\/wp-json\/wp\/v2\/posts\/17561\/revisions"}],"predecessor-version":[{"id":17574,"href":"https:\/\/max-emden.de\/wordpress\/wp-json\/wp\/v2\/posts\/17561\/revisions\/17574"}],"wp:featuredmedia":[{"embeddable":true,"href":"https:\/\/max-emden.de\/wordpress\/wp-json\/wp\/v2\/media\/17562"}],"wp:attachment":[{"href":"https:\/\/max-emden.de\/wordpress\/wp-json\/wp\/v2\/media?parent=17561"}],"wp:term":[{"taxonomy":"category","embeddable":true,"href":"https:\/\/max-emden.de\/wordpress\/wp-json\/wp\/v2\/categories?post=17561"},{"taxonomy":"post_tag","embeddable":true,"href":"https:\/\/max-emden.de\/wordpress\/wp-json\/wp\/v2\/tags?post=17561"}],"curies":[{"name":"wp","href":"https:\/\/api.w.org\/{rel}","templated":true}]}}