{"id":18126,"date":"2025-01-14T19:58:53","date_gmt":"2025-01-14T18:58:53","guid":{"rendered":"https:\/\/max-emden.de\/wordpress\/?p=18126"},"modified":"2025-02-18T12:44:16","modified_gmt":"2025-02-18T11:44:16","slug":"lichtermeer-fuer-demokratie","status":"publish","type":"post","link":"https:\/\/max-emden.de\/wordpress\/lichtermeer-fuer-demokratie\/","title":{"rendered":"SV sprach beim Lichtermeer f\u00fcr Demokratie"},"content":{"rendered":"<figure id=\"attachment_18128\" aria-describedby=\"caption-attachment-18128\" style=\"width: 1699px\" class=\"wp-caption alignnone\"><a href=\"https:\/\/max-emden.de\/wordpress\/wp-content\/uploads\/2025\/01\/IMG-20250114-WA0026.jpg\"><img fetchpriority=\"high\" decoding=\"async\" class=\"wp-image-18128 size-full\" src=\"https:\/\/max-emden.de\/wordpress\/wp-content\/uploads\/2025\/01\/IMG-20250114-WA0026.jpg\" alt=\"\" width=\"1699\" height=\"862\" srcset=\"https:\/\/max-emden.de\/wordpress\/wp-content\/uploads\/2025\/01\/IMG-20250114-WA0026.jpg 1699w, https:\/\/max-emden.de\/wordpress\/wp-content\/uploads\/2025\/01\/IMG-20250114-WA0026-300x152.jpg 300w, https:\/\/max-emden.de\/wordpress\/wp-content\/uploads\/2025\/01\/IMG-20250114-WA0026-1024x520.jpg 1024w, https:\/\/max-emden.de\/wordpress\/wp-content\/uploads\/2025\/01\/IMG-20250114-WA0026-768x390.jpg 768w, https:\/\/max-emden.de\/wordpress\/wp-content\/uploads\/2025\/01\/IMG-20250114-WA0026-1536x779.jpg 1536w\" sizes=\"(max-width: 1699px) 100vw, 1699px\" \/><\/a><figcaption id=\"caption-attachment-18128\" class=\"wp-caption-text\"><em>F\u00fcr einen guten Start ins neue Jahr: Oberb\u00fcrgermeister Tim Kruithoff unterst\u00fctzt mit dem Erwerb des Demokratie-Kalenders die Arbeit der SV.<\/em><\/figcaption><\/figure>\n<p>Trotz Nieselregens und Temperaturen nahe des Gefrierpunktes versammelten sich am Montag auf Einladung des Vereins Ostfriesland Demokratisch zahlreiche Menschen in der Innenstadt, um mit Lichtern und Gesang ein Zeichen f\u00fcr die Demokratie zu setzen. Zudem sprachen Oberb\u00fcrgermeister Tim Kruithoff und unsere Sch\u00fclervertreterinnen Deike Miege und Rieke G\u00f6temann &#8211; hier ihre Rede zum Nachlesen:<\/p>\n<blockquote><p><em>Guten Abend zusammen,<\/em><\/p>\n<p><em>wir freuen uns, dass ihr heute so zahlreich erschienen seid, um ein Zeichen f\u00fcr Demokratie zu setzen. Wir, Rieke und Deike, von der SV des Max-Windm\u00fcller-Gymnasiums, m\u00f6chten heute mit euch \u00fcber die<\/em><br \/>\n<em>Bedeutung der Demokratie sprechen und dar\u00fcber, warum wir uns alle daf\u00fcr einsetzen sollten.<\/em><\/p>\n<p><em>Warum sollte ich mich f\u00fcr die Demokratie einsetzen? F\u00fcr uns ist die Antwort klar: Demokratie garantiert uns Freiheit, Gleichheit und Mitbestimmung. Aber das alles ist nicht selbstverst\u00e4ndlich. Demokratie <\/em><em>muss verteidigt und gelebt werden \u2013 von uns allen. Daf\u00fcr m\u00fcssen wir Sie wertsch\u00e4tzen und pflegen. Denn Sie ist das Beste, was wir haben. Demokratie ist kein abstrakter Begriff &#8211; sie ist unser Fundament, unser Alltag, unsere Zukunft. Aber warum besch\u00e4ftigen wir uns so intensiv damit? Weil Demokratie keine Selbstverst\u00e4ndlichkeit ist, sondern aktiv gelebt und verteidigt werden muss.<\/em><\/p>\n<p><em>Schon in unserer Schule beginnt dieser Einsatz. Unsere Schule ist mehr als ein Ort des Lernens &#8211; sie ist ein Vorbild f\u00fcr gelebte demokratische Werte &#8211; mit unserem Demokratiekalender, den wir in Zusammenarbeit mit einer ehemaligen Sch\u00fclersprecherin verkaufen und uns motivieren soll, uns f\u00fcr die Demokratie einzusetzen. Unsere regelm\u00e4\u00dfigen Aufkl\u00e4rungsprojekte zur Auseinandersetzung mit dem Holocaust erinnern uns daran, was geschieht, wenn die Demokratie versagt.<\/em><\/p>\n<figure id=\"attachment_18131\" aria-describedby=\"caption-attachment-18131\" style=\"width: 1126px\" class=\"wp-caption alignnone\"><a href=\"https:\/\/max-emden.de\/wordpress\/wp-content\/uploads\/2025\/01\/IMG-20250114-WA0024.jpg\"><img decoding=\"async\" class=\"wp-image-18131 size-full\" src=\"https:\/\/max-emden.de\/wordpress\/wp-content\/uploads\/2025\/01\/IMG-20250114-WA0024.jpg\" alt=\"\" width=\"1126\" height=\"633\" srcset=\"https:\/\/max-emden.de\/wordpress\/wp-content\/uploads\/2025\/01\/IMG-20250114-WA0024.jpg 1126w, https:\/\/max-emden.de\/wordpress\/wp-content\/uploads\/2025\/01\/IMG-20250114-WA0024-300x169.jpg 300w, https:\/\/max-emden.de\/wordpress\/wp-content\/uploads\/2025\/01\/IMG-20250114-WA0024-1024x576.jpg 1024w, https:\/\/max-emden.de\/wordpress\/wp-content\/uploads\/2025\/01\/IMG-20250114-WA0024-768x432.jpg 768w\" sizes=\"(max-width: 1126px) 100vw, 1126px\" \/><\/a><figcaption id=\"caption-attachment-18131\" class=\"wp-caption-text\"><em>Unter dem Motto &#8222;Lichtermeer f\u00fcr Demokratie&#8220; hatte der Verein Ostfriesland Demokratisch in die Innenstadt eingeladen.<\/em><\/figcaption><\/figure>\n<p><em>Wir sind \u00fcberzeugt: Bildung und Demokratie m\u00fcssen Hand in Hand gehen. Bildung macht uns stark &#8211; sie r\u00fcstet uns, Extremismus, Desinformation und Gleichg\u00fcltigkeit zu erkennen und entschieden zu<\/em><br \/>\n<em>bek\u00e4mpfen. Denn genau diese Dinge bedrohen unsere Gesellschaft jeden Tag. <\/em><em>Die Demokratie ist zerbrechlich. Ihre Werte &#8211; Freiheit, Gerechtigkeit und Teilhabe &#8211; k\u00f6nnen verblassen, wenn wir sie nicht sch\u00fctzen. Wir m\u00fcssen begreifen: Demokratie ist kein Zustand, sondern eine Aufgabe. Eine Aufgabe, die jede Generation neu annehmen muss. <\/em><\/p>\n<p><em>Wir wollen eine Zukunft, in der Freiheit und Gleichheit nicht nur Worte sind- sondern gelebte Realit\u00e4t. Und das beginnt bei uns. Deshalb ist es uns wichtig, dass sich alle Sch\u00fcler*innen beteiligen k\u00f6nnen \u2013 sei es bei Projekten, Diskussionen oder Aktionen wie dieser hier. Denn wir haben auch eine Stimme, die geh\u00f6rt werden sollte. Welche Rolle spielen wir als junge Menschen, die noch nicht w\u00e4hlen<\/em><br \/>\n<em>d\u00fcrfen? Was k\u00f6nnen wir tun? Wir glauben, dass es unsere Aufgabe ist, uns aktiv einzubringen. Demokratie lebt davon, dass alle mitmachen und nicht wegschauen. Das gilt nicht nur in der Politik, sondern auch im Alltag \u2013 in der Schule, in unserer Stadt und in unseren Familien.<\/em><\/p>\n<p><em>Unser Namensgeber Max Windm\u00fcller, ein Widerstandsk\u00e4mpfer gegen den Nationalsozialismus, ist f\u00fcr uns nicht nur ein Namensgeber, sondern auch ein Vorbild. Sein Mut und seine Entschlossenheit erinnern uns daran, dass Zivilcourage und der Einsatz f\u00fcr Demokratie in den schwierigsten Zeiten von gr\u00f6\u00dfter Bedeutung sind. Die Auseinandersetzung mit der Geschichte &#8211; insbesondere mit den<\/em><br \/>\n<em>Verbrechen des Nationalsozialismus &#8211; ist f\u00fcr uns eine Verpflichtung. Sie hilft uns, aus den Fehlern der Vergangenheit zu lernen und eine Zukunft zu gestalten, in der Freiheit, Gerechtigkeit und Menschlichkeit im Mittelpunkt stehen.<\/em><br \/>\n<em>Doch Demokratie lebt nicht nur in den gro\u00dfen Ereignissen oder historischen Namen &#8211; sie beginnt im Kleinen. Genau das m\u00f6chten wir zeigen. In unserer Schule wird Demokratie durch Taten greifbar: bei den Klassensprecherwahlen, bei Projekten, bei denen wir uns f\u00fcr Menschenrechte und uns lehren, als Gemeinschaft zu handeln. Und bei unserer Zusammenarbeit mit demokratischen Institutionen, die uns zeigt, wie wir aktiv Teil unserer Gesellschaft sein k\u00f6nnen.<\/em><\/p>\n<p><em>Heute Abend stehen wir ALLE hier, um ein klares Zeichen zu setzen: F\u00fcr Demokratie, f\u00fcr Menschenrechte und gegen Hass und Extremismus. Gemeinsam leuchten unsere Lichter als Symbol f\u00fcr Hoffnung, Mut und Zusammenhalt. Lasst uns nicht vergessen: Demokratie beginnt bei uns. Sie f\u00e4ngt im Kleinen an \u2013 und gemeinsam k\u00f6nnen wir Gro\u00dfes bewirken. Wir d\u00fcrfen Ihren Wert nicht vergessen!<\/em><\/p>\n<p><em>Vielen Dank, dass ihr alle hier seid.<\/em><\/p><\/blockquote>\n","protected":false},"excerpt":{"rendered":"<p>Trotz Nieselregens und Temperaturen nahe des Gefrierpunktes versammelten sich am Montag auf Einladung des Vereins Ostfriesland Demokratisch zahlreiche Menschen in der Innenstadt, um mit Lichtern<a class=\"moretag\" href=\"https:\/\/max-emden.de\/wordpress\/lichtermeer-fuer-demokratie\/\"> [&#8230;]<\/a><\/p>\n","protected":false},"author":3,"featured_media":18128,"comment_status":"closed","ping_status":"closed","sticky":false,"template":"","format":"standard","meta":{"footnotes":""},"categories":[89],"tags":[96],"class_list":["post-18126","post","type-post","status-publish","format-standard","has-post-thumbnail","hentry","category-unesco","tag-aktuell"],"_links":{"self":[{"href":"https:\/\/max-emden.de\/wordpress\/wp-json\/wp\/v2\/posts\/18126","targetHints":{"allow":["GET"]}}],"collection":[{"href":"https:\/\/max-emden.de\/wordpress\/wp-json\/wp\/v2\/posts"}],"about":[{"href":"https:\/\/max-emden.de\/wordpress\/wp-json\/wp\/v2\/types\/post"}],"author":[{"embeddable":true,"href":"https:\/\/max-emden.de\/wordpress\/wp-json\/wp\/v2\/users\/3"}],"replies":[{"embeddable":true,"href":"https:\/\/max-emden.de\/wordpress\/wp-json\/wp\/v2\/comments?post=18126"}],"version-history":[{"count":6,"href":"https:\/\/max-emden.de\/wordpress\/wp-json\/wp\/v2\/posts\/18126\/revisions"}],"predecessor-version":[{"id":18136,"href":"https:\/\/max-emden.de\/wordpress\/wp-json\/wp\/v2\/posts\/18126\/revisions\/18136"}],"wp:featuredmedia":[{"embeddable":true,"href":"https:\/\/max-emden.de\/wordpress\/wp-json\/wp\/v2\/media\/18128"}],"wp:attachment":[{"href":"https:\/\/max-emden.de\/wordpress\/wp-json\/wp\/v2\/media?parent=18126"}],"wp:term":[{"taxonomy":"category","embeddable":true,"href":"https:\/\/max-emden.de\/wordpress\/wp-json\/wp\/v2\/categories?post=18126"},{"taxonomy":"post_tag","embeddable":true,"href":"https:\/\/max-emden.de\/wordpress\/wp-json\/wp\/v2\/tags?post=18126"}],"curies":[{"name":"wp","href":"https:\/\/api.w.org\/{rel}","templated":true}]}}