{"id":18346,"date":"2025-01-24T15:08:28","date_gmt":"2025-01-24T14:08:28","guid":{"rendered":"https:\/\/max-emden.de\/wordpress\/?p=18346"},"modified":"2025-01-24T15:26:18","modified_gmt":"2025-01-24T14:26:18","slug":"la-frise-orientale-plakate-im-franzoesischkurs-6-klasse","status":"publish","type":"post","link":"https:\/\/max-emden.de\/wordpress\/la-frise-orientale-plakate-im-franzoesischkurs-6-klasse\/","title":{"rendered":"La Frise Orientale &#8211; Plakate im Franz\u00f6sischkurs 6. Klasse"},"content":{"rendered":"<p><a href=\"https:\/\/max-emden.de\/wordpress\/wp-content\/uploads\/2025\/01\/La-Frise-Orientale_2-scaled.jpeg\"><img fetchpriority=\"high\" decoding=\"async\" class=\"alignleft wp-image-18348 \" src=\"https:\/\/max-emden.de\/wordpress\/wp-content\/uploads\/2025\/01\/La-Frise-Orientale_2-scaled.jpeg\" alt=\"\" width=\"321\" height=\"435\" srcset=\"https:\/\/max-emden.de\/wordpress\/wp-content\/uploads\/2025\/01\/La-Frise-Orientale_2-scaled.jpeg 1890w, https:\/\/max-emden.de\/wordpress\/wp-content\/uploads\/2025\/01\/La-Frise-Orientale_2-222x300.jpeg 222w, https:\/\/max-emden.de\/wordpress\/wp-content\/uploads\/2025\/01\/La-Frise-Orientale_2-756x1024.jpeg 756w, https:\/\/max-emden.de\/wordpress\/wp-content\/uploads\/2025\/01\/La-Frise-Orientale_2-768x1040.jpeg 768w, https:\/\/max-emden.de\/wordpress\/wp-content\/uploads\/2025\/01\/La-Frise-Orientale_2-1134x1536.jpeg 1134w, https:\/\/max-emden.de\/wordpress\/wp-content\/uploads\/2025\/01\/La-Frise-Orientale_2-1512x2048.jpeg 1512w\" sizes=\"(max-width: 321px) 100vw, 321px\" \/><\/a><\/p>\n<p>&nbsp;<\/p>\n<p>&nbsp;<\/p>\n<p>Im Franz\u00f6sischkurs der 6. Klasse wurde kr\u00e4ftig gebastelt, um Emden und Ostfriesland vorzustellen. Nach Fertigstellung aller Plakate wurden die Besten pr\u00e4miert: Clara, Mara und Hanna sind mit ihren Pr\u00e4sentationen zu \u201eLa Frise Orientale\u201c und Emden als Siegerinnen \ud83e\udd47 \ud83e\udd47 \ud83e\udd47 hervorgegangen ! F\u00e9licitations\u2026<\/p>\n<p style=\"text-align: right;\">09\/2024 (vH)<\/p>\n<p>&nbsp;<\/p>\n<p>&nbsp;<\/p>\n<p>&nbsp;<\/p>\n<p><a href=\"https:\/\/max-emden.de\/wordpress\/wp-content\/uploads\/2025\/01\/La-Frise-Orientale_1-scaled.jpeg\" data-wp-editing=\"1\"><img decoding=\"async\" class=\"wp-image-18349 aligncenter\" src=\"https:\/\/max-emden.de\/wordpress\/wp-content\/uploads\/2025\/01\/La-Frise-Orientale_1-scaled-e1737726762759.jpeg\" alt=\"\" width=\"244\" height=\"528\" \/><\/a><\/p>\n<p><img decoding=\"async\" class=\"aligncenter wp-image-18347\" src=\"https:\/\/max-emden.de\/wordpress\/wp-content\/uploads\/2025\/01\/La-Frise-Orientale_3-scaled.jpeg\" alt=\"\" width=\"244\" height=\"364\" \/><\/p>\n<p>&nbsp;<\/p>\n<p>&nbsp;<\/p>\n<p>&nbsp;<\/p>\n","protected":false},"excerpt":{"rendered":"<p>&nbsp; &nbsp; Im Franz\u00f6sischkurs der 6. Klasse wurde kr\u00e4ftig gebastelt, um Emden und Ostfriesland vorzustellen. Nach Fertigstellung aller Plakate wurden die Besten pr\u00e4miert: Clara, Mara<a class=\"moretag\" href=\"https:\/\/max-emden.de\/wordpress\/la-frise-orientale-plakate-im-franzoesischkurs-6-klasse\/\"> [&#8230;]<\/a><\/p>\n","protected":false},"author":19,"featured_media":18349,"comment_status":"closed","ping_status":"closed","sticky":false,"template":"","format":"standard","meta":{"footnotes":""},"categories":[31,100],"tags":[],"class_list":["post-18346","post","type-post","status-publish","format-standard","has-post-thumbnail","hentry","category-franzoesisch","category-aufgabenfeld-a"],"_links":{"self":[{"href":"https:\/\/max-emden.de\/wordpress\/wp-json\/wp\/v2\/posts\/18346","targetHints":{"allow":["GET"]}}],"collection":[{"href":"https:\/\/max-emden.de\/wordpress\/wp-json\/wp\/v2\/posts"}],"about":[{"href":"https:\/\/max-emden.de\/wordpress\/wp-json\/wp\/v2\/types\/post"}],"author":[{"embeddable":true,"href":"https:\/\/max-emden.de\/wordpress\/wp-json\/wp\/v2\/users\/19"}],"replies":[{"embeddable":true,"href":"https:\/\/max-emden.de\/wordpress\/wp-json\/wp\/v2\/comments?post=18346"}],"version-history":[{"count":6,"href":"https:\/\/max-emden.de\/wordpress\/wp-json\/wp\/v2\/posts\/18346\/revisions"}],"predecessor-version":[{"id":18362,"href":"https:\/\/max-emden.de\/wordpress\/wp-json\/wp\/v2\/posts\/18346\/revisions\/18362"}],"wp:featuredmedia":[{"embeddable":true,"href":"https:\/\/max-emden.de\/wordpress\/wp-json\/wp\/v2\/media\/18349"}],"wp:attachment":[{"href":"https:\/\/max-emden.de\/wordpress\/wp-json\/wp\/v2\/media?parent=18346"}],"wp:term":[{"taxonomy":"category","embeddable":true,"href":"https:\/\/max-emden.de\/wordpress\/wp-json\/wp\/v2\/categories?post=18346"},{"taxonomy":"post_tag","embeddable":true,"href":"https:\/\/max-emden.de\/wordpress\/wp-json\/wp\/v2\/tags?post=18346"}],"curies":[{"name":"wp","href":"https:\/\/api.w.org\/{rel}","templated":true}]}}