{"id":1847,"date":"2016-02-07T13:27:32","date_gmt":"2016-02-07T13:27:32","guid":{"rendered":"http:\/\/max-emden.de\/wordpress\/?p=1847"},"modified":"2016-03-06T19:05:55","modified_gmt":"2016-03-06T19:05:55","slug":"herr-bauch","status":"publish","type":"post","link":"https:\/\/max-emden.de\/wordpress\/herr-bauch\/","title":{"rendered":"Christian Bauch"},"content":{"rendered":"<p><a href=\"https:\/\/max-emden.de\/wordpress\/wp-content\/uploads\/2016\/02\/Neu_Bauch.jpg\" rel=\"attachment wp-att-1848\"><img decoding=\"async\" class=\"alignleft size-full wp-image-1848\" src=\"https:\/\/max-emden.de\/wordpress\/wp-content\/uploads\/2016\/02\/Neu_Bauch.jpg\" alt=\"Neu_Bauch\" width=\"116\" height=\"148\" \/><\/a>Ich hei\u00dfe Christian Bauch, habe an der Leibniz Universit\u00e4t Hannover die F\u00e4cher Mathematik und Politikwirt-schaft f\u00fcr das Lehramt an Gymnasien studiert und bin seit dem zweiten Schulhalbjahr am MAX als Studienreferendar t\u00e4tig.<\/p>\n<p>Ich freue mich sehr, dass ich meine 2. Phase der Lehr-amtsausbildung am MAX in Emden absolvieren darf. Vom Kollegium und den SuS bin ich sehr offen und positiv be-gr\u00fc\u00dft worden, was meinen Einstieg sehr erleichtert hat. In den n\u00e4chsten eineinhalb Jahren bin ich sehr gespannt, die Schule n\u00e4her kennenzulernen und viele praktische Einblicke zu erhalten.<\/p>\n<p>Ich hoffe, durch Hospitationen und eigene Unterrichts-vorhaben viele Erfahrungen sammeln zu k\u00f6nnen und auch neben der schulischen T\u00e4tigkeit Ostfriesland n\u00e4her kennenzulernen.<\/p>\n<p>&nbsp;<\/p>\n<p>Herzliche Gr\u00fc\u00dfe<\/p>\n<p>Christian Bauch<\/p>\n","protected":false},"excerpt":{"rendered":"<p>Ich hei\u00dfe Christian Bauch, habe an der Leibniz Universit\u00e4t Hannover die F\u00e4cher Mathematik und Politikwirt-schaft f\u00fcr das Lehramt an Gymnasien studiert und bin seit dem<a class=\"moretag\" href=\"https:\/\/max-emden.de\/wordpress\/herr-bauch\/\"> [&#8230;]<\/a><\/p>\n","protected":false},"author":1,"featured_media":0,"comment_status":"closed","ping_status":"closed","sticky":false,"template":"","format":"standard","meta":{"footnotes":""},"categories":[80],"tags":[],"class_list":["post-1847","post","type-post","status-publish","format-standard","hentry","category-neu-an-der-schule"],"_links":{"self":[{"href":"https:\/\/max-emden.de\/wordpress\/wp-json\/wp\/v2\/posts\/1847","targetHints":{"allow":["GET"]}}],"collection":[{"href":"https:\/\/max-emden.de\/wordpress\/wp-json\/wp\/v2\/posts"}],"about":[{"href":"https:\/\/max-emden.de\/wordpress\/wp-json\/wp\/v2\/types\/post"}],"author":[{"embeddable":true,"href":"https:\/\/max-emden.de\/wordpress\/wp-json\/wp\/v2\/users\/1"}],"replies":[{"embeddable":true,"href":"https:\/\/max-emden.de\/wordpress\/wp-json\/wp\/v2\/comments?post=1847"}],"version-history":[{"count":2,"href":"https:\/\/max-emden.de\/wordpress\/wp-json\/wp\/v2\/posts\/1847\/revisions"}],"predecessor-version":[{"id":2004,"href":"https:\/\/max-emden.de\/wordpress\/wp-json\/wp\/v2\/posts\/1847\/revisions\/2004"}],"wp:attachment":[{"href":"https:\/\/max-emden.de\/wordpress\/wp-json\/wp\/v2\/media?parent=1847"}],"wp:term":[{"taxonomy":"category","embeddable":true,"href":"https:\/\/max-emden.de\/wordpress\/wp-json\/wp\/v2\/categories?post=1847"},{"taxonomy":"post_tag","embeddable":true,"href":"https:\/\/max-emden.de\/wordpress\/wp-json\/wp\/v2\/tags?post=1847"}],"curies":[{"name":"wp","href":"https:\/\/api.w.org\/{rel}","templated":true}]}}