{"id":19410,"date":"2025-05-06T19:23:13","date_gmt":"2025-05-06T17:23:13","guid":{"rendered":"https:\/\/max-emden.de\/wordpress\/?p=19410"},"modified":"2025-05-15T18:40:25","modified_gmt":"2025-05-15T16:40:25","slug":"gedenkveranstaltung-zum-80-todestag-max-windmuellers-mit-prof-dr-jens-christian-wagner","status":"publish","type":"post","link":"https:\/\/max-emden.de\/wordpress\/gedenkveranstaltung-zum-80-todestag-max-windmuellers-mit-prof-dr-jens-christian-wagner\/","title":{"rendered":"Gedenkveranstaltung zum 80. Todestag Max Windm\u00fcllers mit Prof. Dr. Jens-Christian Wagner"},"content":{"rendered":"<figure id=\"attachment_19412\" aria-describedby=\"caption-attachment-19412\" style=\"width: 2000px\" class=\"wp-caption alignnone\"><a href=\"https:\/\/max-emden.de\/wordpress\/wp-content\/uploads\/2025\/05\/WhatsApp-Bild-2025-05-06-um-17.37.51_e547c25d.jpg\"><img fetchpriority=\"high\" decoding=\"async\" class=\"wp-image-19412 size-full\" src=\"https:\/\/max-emden.de\/wordpress\/wp-content\/uploads\/2025\/05\/WhatsApp-Bild-2025-05-06-um-17.37.51_e547c25d.jpg\" alt=\"\" width=\"2000\" height=\"1126\" srcset=\"https:\/\/max-emden.de\/wordpress\/wp-content\/uploads\/2025\/05\/WhatsApp-Bild-2025-05-06-um-17.37.51_e547c25d.jpg 2000w, https:\/\/max-emden.de\/wordpress\/wp-content\/uploads\/2025\/05\/WhatsApp-Bild-2025-05-06-um-17.37.51_e547c25d-300x169.jpg 300w, https:\/\/max-emden.de\/wordpress\/wp-content\/uploads\/2025\/05\/WhatsApp-Bild-2025-05-06-um-17.37.51_e547c25d-1024x577.jpg 1024w, https:\/\/max-emden.de\/wordpress\/wp-content\/uploads\/2025\/05\/WhatsApp-Bild-2025-05-06-um-17.37.51_e547c25d-768x432.jpg 768w, https:\/\/max-emden.de\/wordpress\/wp-content\/uploads\/2025\/05\/WhatsApp-Bild-2025-05-06-um-17.37.51_e547c25d-1536x865.jpg 1536w\" sizes=\"(max-width: 2000px) 100vw, 2000px\" \/><\/a><figcaption id=\"caption-attachment-19412\" class=\"wp-caption-text\"><em>Sorgte f\u00fcr viele Gespr\u00e4che &#8211; Jens-Christian Wagners Vortrag beeindruckte die G\u00e4ste.<\/em><\/figcaption><\/figure>\n<p>Am gestrigen Abend fand in der Neuen Kirche eine eindrucksvolle Gedenkveranstaltung anl\u00e4sslich des 80. Jahrestages der Ermordung Max Windm\u00fcllers statt. Unter dem Titel \u201eGeschichte begreifen \u2013 f\u00fcr die Zukunft handeln\u201c hielt Prof. Dr. Jens-Christian Wagner einen inspirierenden Vortrag, in dem er eindringlich zur Auseinandersetzung mit der NS-Geschichte aufrief \u2013 sowohl im lokalen Kontext als auch in der eigenen Familienbiografie. Der renommierte Historiker schlug dabei eindrucksvoll die Br\u00fccke von der Vergangenheit in die Gegenwart und betonte die Verantwortung jeder Generation, Erinnerung aktiv zu gestalten.<\/p>\n<figure id=\"attachment_19414\" aria-describedby=\"caption-attachment-19414\" style=\"width: 1126px\" class=\"wp-caption alignnone\"><a href=\"https:\/\/max-emden.de\/wordpress\/wp-content\/uploads\/2025\/05\/80.-Todestag-Max-5.5-7.jpg\"><img decoding=\"async\" class=\"wp-image-19414 size-full\" src=\"https:\/\/max-emden.de\/wordpress\/wp-content\/uploads\/2025\/05\/80.-Todestag-Max-5.5-7.jpg\" alt=\"\" width=\"1126\" height=\"633\" srcset=\"https:\/\/max-emden.de\/wordpress\/wp-content\/uploads\/2025\/05\/80.-Todestag-Max-5.5-7.jpg 1126w, https:\/\/max-emden.de\/wordpress\/wp-content\/uploads\/2025\/05\/80.-Todestag-Max-5.5-7-300x169.jpg 300w, https:\/\/max-emden.de\/wordpress\/wp-content\/uploads\/2025\/05\/80.-Todestag-Max-5.5-7-1024x576.jpg 1024w, https:\/\/max-emden.de\/wordpress\/wp-content\/uploads\/2025\/05\/80.-Todestag-Max-5.5-7-768x432.jpg 768w\" sizes=\"(max-width: 1126px) 100vw, 1126px\" \/><\/a><figcaption id=\"caption-attachment-19414\" class=\"wp-caption-text\"><em>Sch\u00fclersprecherin Deike Miege rief dazu auf, mutig zu sein &#8211; wie Max.<\/em><\/figcaption><\/figure>\n<p>Den Auftakt der Veranstaltung gestalteten Kai Gembler von der Max-Windm\u00fcller-Gesellschaft, Frank Tapper vom Max-Windm\u00fcller-Gymnasium sowie die Sch\u00fclersprecherin Deike Miege. In ihren Beitr\u00e4gen erinnerten sie an Max Windm\u00fcllers Mut und Menschlichkeit und unterstrichen die bleibende Bedeutung seines Einsatzes gegen das NS-Regime \u2013 gerade auch f\u00fcr junge Menschen heute.<\/p>\n<figure id=\"attachment_19424\" aria-describedby=\"caption-attachment-19424\" style=\"width: 2048px\" class=\"wp-caption alignnone\"><a href=\"https:\/\/max-emden.de\/wordpress\/wp-content\/uploads\/2025\/05\/80.-Todestag-Max-5.5-5-1.jpg\"><img decoding=\"async\" class=\"wp-image-19424 size-full\" src=\"https:\/\/max-emden.de\/wordpress\/wp-content\/uploads\/2025\/05\/80.-Todestag-Max-5.5-5-1.jpg\" alt=\"\" width=\"2048\" height=\"1151\" srcset=\"https:\/\/max-emden.de\/wordpress\/wp-content\/uploads\/2025\/05\/80.-Todestag-Max-5.5-5-1.jpg 2048w, https:\/\/max-emden.de\/wordpress\/wp-content\/uploads\/2025\/05\/80.-Todestag-Max-5.5-5-1-300x169.jpg 300w, https:\/\/max-emden.de\/wordpress\/wp-content\/uploads\/2025\/05\/80.-Todestag-Max-5.5-5-1-1024x576.jpg 1024w, https:\/\/max-emden.de\/wordpress\/wp-content\/uploads\/2025\/05\/80.-Todestag-Max-5.5-5-1-768x432.jpg 768w, https:\/\/max-emden.de\/wordpress\/wp-content\/uploads\/2025\/05\/80.-Todestag-Max-5.5-5-1-1536x863.jpg 1536w\" sizes=\"(max-width: 2048px) 100vw, 2048px\" \/><\/a><figcaption id=\"caption-attachment-19424\" class=\"wp-caption-text\"><em>Albrecht Weinberg war Ehrengast des Abends.<\/em><\/figcaption><\/figure>\n<p>Deike betonte: &#8222;Die Geschichte von Max erinnert uns daran: Es braucht Menschen, die sich dem entgegenstellen. Nicht irgendwann, sondern jetzt. Seid mutig, wie Max.<br \/>\nWir d\u00fcrfen Menschen, wie Max Windm\u00fcller nicht vergessen, weil ihr Mut uns erinnert, f\u00fcr das einzustehen, was richtig ist.&#8220;<\/p>\n<figure id=\"attachment_19420\" aria-describedby=\"caption-attachment-19420\" style=\"width: 1600px\" class=\"wp-caption alignnone\"><a href=\"https:\/\/max-emden.de\/wordpress\/wp-content\/uploads\/2025\/05\/WhatsApp-Bild-2025-05-06-um-19.18.26_5a165595.jpg\"><img loading=\"lazy\" decoding=\"async\" class=\"wp-image-19420 size-full\" src=\"https:\/\/max-emden.de\/wordpress\/wp-content\/uploads\/2025\/05\/WhatsApp-Bild-2025-05-06-um-19.18.26_5a165595.jpg\" alt=\"\" width=\"1600\" height=\"900\" srcset=\"https:\/\/max-emden.de\/wordpress\/wp-content\/uploads\/2025\/05\/WhatsApp-Bild-2025-05-06-um-19.18.26_5a165595.jpg 1600w, https:\/\/max-emden.de\/wordpress\/wp-content\/uploads\/2025\/05\/WhatsApp-Bild-2025-05-06-um-19.18.26_5a165595-300x169.jpg 300w, https:\/\/max-emden.de\/wordpress\/wp-content\/uploads\/2025\/05\/WhatsApp-Bild-2025-05-06-um-19.18.26_5a165595-1024x576.jpg 1024w, https:\/\/max-emden.de\/wordpress\/wp-content\/uploads\/2025\/05\/WhatsApp-Bild-2025-05-06-um-19.18.26_5a165595-768x432.jpg 768w, https:\/\/max-emden.de\/wordpress\/wp-content\/uploads\/2025\/05\/WhatsApp-Bild-2025-05-06-um-19.18.26_5a165595-1536x864.jpg 1536w\" sizes=\"(max-width: 1600px) 100vw, 1600px\" \/><\/a><figcaption id=\"caption-attachment-19420\" class=\"wp-caption-text\"><em>Zum Gedenken an Max Windm\u00fcller: Frank Tapper, Kai Gembler mit Jens-Christian Wagner.<\/em><\/figcaption><\/figure>\n<p>Zu den zahlreichen G\u00e4sten des Abends geh\u00f6rten auch Albrecht Weinberg und Gerda D\u00e4nekas, die seit langem mit Jens-Christian Wagner eine besondere Freundschaft verbindet: Weinberg war als H\u00e4ftling neben dem Lager Auschwitz- Monowitz in den Konzentrationslagern Mittelbau Dora und Bergen-Belsen inhaftiert, die beide sp\u00e4ter von Wagner geleitet wurden.<\/p>\n<figure id=\"attachment_19415\" aria-describedby=\"caption-attachment-19415\" style=\"width: 2000px\" class=\"wp-caption alignnone\"><a href=\"https:\/\/max-emden.de\/wordpress\/wp-content\/uploads\/2025\/05\/80.-Todestag-Max-5.5-1.jpg\"><img loading=\"lazy\" decoding=\"async\" class=\"wp-image-19415 size-full\" src=\"https:\/\/max-emden.de\/wordpress\/wp-content\/uploads\/2025\/05\/80.-Todestag-Max-5.5-1.jpg\" alt=\"\" width=\"2000\" height=\"1126\" srcset=\"https:\/\/max-emden.de\/wordpress\/wp-content\/uploads\/2025\/05\/80.-Todestag-Max-5.5-1.jpg 2000w, https:\/\/max-emden.de\/wordpress\/wp-content\/uploads\/2025\/05\/80.-Todestag-Max-5.5-1-300x169.jpg 300w, https:\/\/max-emden.de\/wordpress\/wp-content\/uploads\/2025\/05\/80.-Todestag-Max-5.5-1-1024x577.jpg 1024w, https:\/\/max-emden.de\/wordpress\/wp-content\/uploads\/2025\/05\/80.-Todestag-Max-5.5-1-768x432.jpg 768w, https:\/\/max-emden.de\/wordpress\/wp-content\/uploads\/2025\/05\/80.-Todestag-Max-5.5-1-1536x865.jpg 1536w\" sizes=\"(max-width: 2000px) 100vw, 2000px\" \/><\/a><figcaption id=\"caption-attachment-19415\" class=\"wp-caption-text\"><em>Merle Ites am Fl\u00fcgel &#8230;<\/em><\/figcaption><\/figure>\n<p>Musikalisch umrahmt wurde der Abend durch Merle Ites am Fl\u00fcgel sowie das Fl\u00f6tentrio Freya H\u00fcsing, Johanna J\u00fcrgens und Johanna Sohn, die mit ihren Beitr\u00e4gen f\u00fcr eine w\u00fcrdevolle und eindrucksvolle Atmosph\u00e4re sorgten.<\/p>\n<figure id=\"attachment_19416\" aria-describedby=\"caption-attachment-19416\" style=\"width: 2000px\" class=\"wp-caption alignnone\"><a href=\"https:\/\/max-emden.de\/wordpress\/wp-content\/uploads\/2025\/05\/80.-Todestag-Max-5.5-6.jpg\"><img loading=\"lazy\" decoding=\"async\" class=\"wp-image-19416 size-full\" src=\"https:\/\/max-emden.de\/wordpress\/wp-content\/uploads\/2025\/05\/80.-Todestag-Max-5.5-6.jpg\" alt=\"\" width=\"2000\" height=\"1126\" srcset=\"https:\/\/max-emden.de\/wordpress\/wp-content\/uploads\/2025\/05\/80.-Todestag-Max-5.5-6.jpg 2000w, https:\/\/max-emden.de\/wordpress\/wp-content\/uploads\/2025\/05\/80.-Todestag-Max-5.5-6-300x169.jpg 300w, https:\/\/max-emden.de\/wordpress\/wp-content\/uploads\/2025\/05\/80.-Todestag-Max-5.5-6-1024x577.jpg 1024w, https:\/\/max-emden.de\/wordpress\/wp-content\/uploads\/2025\/05\/80.-Todestag-Max-5.5-6-768x432.jpg 768w, https:\/\/max-emden.de\/wordpress\/wp-content\/uploads\/2025\/05\/80.-Todestag-Max-5.5-6-1536x865.jpg 1536w\" sizes=\"(max-width: 2000px) 100vw, 2000px\" \/><\/a><figcaption id=\"caption-attachment-19416\" class=\"wp-caption-text\"><em>&#8230; Freya H\u00fcsing, Johanna J\u00fcrgens und Johanna Sohn begleiteten den Abend musikalisch.<\/em><\/figcaption><\/figure>\n<p>Ein herzlicher Dank gilt dem Verein zur kommunalen Pr\u00e4vention, dem F\u00f6rderverein des Max-Windm\u00fcller-Gymnasiums sowie dem Bauverein Neue Kirche, die die Veranstaltung unterst\u00fctzt und erm\u00f6glicht haben.<\/p>\n","protected":false},"excerpt":{"rendered":"<p>Am gestrigen Abend fand in der Neuen Kirche eine eindrucksvolle Gedenkveranstaltung anl\u00e4sslich des 80. Jahrestages der Ermordung Max Windm\u00fcllers statt. Unter dem Titel \u201eGeschichte begreifen<a class=\"moretag\" href=\"https:\/\/max-emden.de\/wordpress\/gedenkveranstaltung-zum-80-todestag-max-windmuellers-mit-prof-dr-jens-christian-wagner\/\"> [&#8230;]<\/a><\/p>\n","protected":false},"author":3,"featured_media":19417,"comment_status":"closed","ping_status":"closed","sticky":false,"template":"","format":"standard","meta":{"footnotes":""},"categories":[9,1,89],"tags":[96],"class_list":["post-19410","post","type-post","status-publish","format-standard","has-post-thumbnail","hentry","category-max-windmueller","category-uncategorized","category-unesco","tag-aktuell"],"_links":{"self":[{"href":"https:\/\/max-emden.de\/wordpress\/wp-json\/wp\/v2\/posts\/19410","targetHints":{"allow":["GET"]}}],"collection":[{"href":"https:\/\/max-emden.de\/wordpress\/wp-json\/wp\/v2\/posts"}],"about":[{"href":"https:\/\/max-emden.de\/wordpress\/wp-json\/wp\/v2\/types\/post"}],"author":[{"embeddable":true,"href":"https:\/\/max-emden.de\/wordpress\/wp-json\/wp\/v2\/users\/3"}],"replies":[{"embeddable":true,"href":"https:\/\/max-emden.de\/wordpress\/wp-json\/wp\/v2\/comments?post=19410"}],"version-history":[{"count":5,"href":"https:\/\/max-emden.de\/wordpress\/wp-json\/wp\/v2\/posts\/19410\/revisions"}],"predecessor-version":[{"id":19425,"href":"https:\/\/max-emden.de\/wordpress\/wp-json\/wp\/v2\/posts\/19410\/revisions\/19425"}],"wp:featuredmedia":[{"embeddable":true,"href":"https:\/\/max-emden.de\/wordpress\/wp-json\/wp\/v2\/media\/19417"}],"wp:attachment":[{"href":"https:\/\/max-emden.de\/wordpress\/wp-json\/wp\/v2\/media?parent=19410"}],"wp:term":[{"taxonomy":"category","embeddable":true,"href":"https:\/\/max-emden.de\/wordpress\/wp-json\/wp\/v2\/categories?post=19410"},{"taxonomy":"post_tag","embeddable":true,"href":"https:\/\/max-emden.de\/wordpress\/wp-json\/wp\/v2\/tags?post=19410"}],"curies":[{"name":"wp","href":"https:\/\/api.w.org\/{rel}","templated":true}]}}