{"id":1956,"date":"2016-02-24T14:24:39","date_gmt":"2016-02-24T14:24:39","guid":{"rendered":"http:\/\/max-emden.de\/wordpress\/?p=1956"},"modified":"2016-02-27T19:13:27","modified_gmt":"2016-02-27T19:13:27","slug":"die-beste-vorleserin-beim-stadtentscheid-in-emden-kommt-vom-max-windmueller-gymnasium","status":"publish","type":"post","link":"https:\/\/max-emden.de\/wordpress\/die-beste-vorleserin-beim-stadtentscheid-in-emden-kommt-vom-max-windmueller-gymnasium\/","title":{"rendered":"Die beste Vorleserin beim Stadtentscheid  in Emden kommt vom Max-Windm\u00fcller-Gymnasium"},"content":{"rendered":"<p>Beim Regionalentscheid des 57. Vorlesewettbewerbs des Deutschen Buchhandels gingen am vergangenen Dienstag f\u00fcnf Schulsieger an den Start. Dabei siegte Uljana Bashcheva vom Max Windm\u00fcller Gymnasium. Mit am Start waren Noah Huijs (GHRS Wybelsum), Jonah Prisement (IGS Emden), Insa Wienbeuker (Johannes Althusius Gymnasium), Shanice W\u00fcbbena (Oberschule Herrentor). Neben dem eigenen Text wurde aus einem fremden Roman vorgelesen. <!--more-->In diesem Jahr war es der Roman von Martyn Ford \u201eDie Wunschbox \u2013 Das Geheimnis des Professors\u201c. Bei der Siegerehrung, die von B\u00fcrgermeisterin Risius vorgenommen wurde, lobte sie alle Teilnehmer f\u00fcr deren Lesekompetenz. Gerade die Freude am Lesen und Vorlesen sei in dieser Veranstaltung deutlich sp\u00fcrbar gewesen. Alle Teilnehmer erhielten jeweils ein Buchpr\u00e4sent vom B\u00f6rsenverein und von der Buchhandlung \u201eLesezeichen\u201c. In der Jury waren neben B\u00fcrgermeisterin Risius, Frau Karsten (Stadtb\u00fccherei), Frau Berg (Buchhandlung \u201eLesezeichen\u201c) und zwei pensionierte Lehrkr\u00e4fte (Frau Meinen-Poppinga und Herr Jacob) vertreten.<\/p>\n<p>Den Stadtentscheid in Emden, der in den R\u00e4umen der Stadtb\u00fccherei stattfand, f\u00fchrte als Veranstalter erstmalig das Max-Windm\u00fcller Gymnasium durch. An den regionalen Entscheiden der St\u00e4dte und Landkreise beteiligen sich bundesweit rund 7.100 Sch\u00fclerinnen und Sch\u00fcler der 6. Klassen. Mit rund 600.000 Teilnehmern j\u00e4hrlich ist der Vorlesewettbewerb Deutschlands gr\u00f6\u00dfte Lesef\u00f6rderungsaktion. Er wird seit 1959 vom B\u00f6rsenverein des Deutschen Buchhandels durchgef\u00fchrt und steht unter der Schirmherrschaft des Bundespr\u00e4sidenten. \u00d6ffentliche Aufmerksamkeit f\u00fcr das Kulturgut Buch zu erregen, Leselust zu wecken und die Lesekompetenz von Kindern zu st\u00e4rken, geh\u00f6rt zu den zentralen Anliegen des Verbandes. Die Etappen f\u00fchren \u00fcber Stadt-\/Kreis-, Bezirks- und L\u00e4nderebene bis zum Bundesfinale am 22. Juni 2016 in Berlin.<\/p>\n<p>(auf dem Bild von links nach rechts: Jonah Prisement, Uljana Bashcheva, Noah Huijs, Shanice W\u00fcbbena, Insa Wienbeuker)<\/p>\n","protected":false},"excerpt":{"rendered":"<p>Beim Regionalentscheid des 57. Vorlesewettbewerbs des Deutschen Buchhandels gingen am vergangenen Dienstag f\u00fcnf Schulsieger an den Start. Dabei siegte Uljana Bashcheva vom Max Windm\u00fcller Gymnasium.<a class=\"moretag\" href=\"https:\/\/max-emden.de\/wordpress\/die-beste-vorleserin-beim-stadtentscheid-in-emden-kommt-vom-max-windmueller-gymnasium\/\"> [&#8230;]<\/a><\/p>\n","protected":false},"author":3,"featured_media":1958,"comment_status":"closed","ping_status":"closed","sticky":false,"template":"","format":"standard","meta":{"footnotes":""},"categories":[58],"tags":[],"class_list":["post-1956","post","type-post","status-publish","format-standard","has-post-thumbnail","hentry","category-deutsch"],"_links":{"self":[{"href":"https:\/\/max-emden.de\/wordpress\/wp-json\/wp\/v2\/posts\/1956","targetHints":{"allow":["GET"]}}],"collection":[{"href":"https:\/\/max-emden.de\/wordpress\/wp-json\/wp\/v2\/posts"}],"about":[{"href":"https:\/\/max-emden.de\/wordpress\/wp-json\/wp\/v2\/types\/post"}],"author":[{"embeddable":true,"href":"https:\/\/max-emden.de\/wordpress\/wp-json\/wp\/v2\/users\/3"}],"replies":[{"embeddable":true,"href":"https:\/\/max-emden.de\/wordpress\/wp-json\/wp\/v2\/comments?post=1956"}],"version-history":[{"count":2,"href":"https:\/\/max-emden.de\/wordpress\/wp-json\/wp\/v2\/posts\/1956\/revisions"}],"predecessor-version":[{"id":1995,"href":"https:\/\/max-emden.de\/wordpress\/wp-json\/wp\/v2\/posts\/1956\/revisions\/1995"}],"wp:featuredmedia":[{"embeddable":true,"href":"https:\/\/max-emden.de\/wordpress\/wp-json\/wp\/v2\/media\/1958"}],"wp:attachment":[{"href":"https:\/\/max-emden.de\/wordpress\/wp-json\/wp\/v2\/media?parent=1956"}],"wp:term":[{"taxonomy":"category","embeddable":true,"href":"https:\/\/max-emden.de\/wordpress\/wp-json\/wp\/v2\/categories?post=1956"},{"taxonomy":"post_tag","embeddable":true,"href":"https:\/\/max-emden.de\/wordpress\/wp-json\/wp\/v2\/tags?post=1956"}],"curies":[{"name":"wp","href":"https:\/\/api.w.org\/{rel}","templated":true}]}}