{"id":19702,"date":"2025-06-04T13:41:05","date_gmt":"2025-06-04T11:41:05","guid":{"rendered":"https:\/\/max-emden.de\/wordpress\/?p=19702"},"modified":"2025-06-19T20:05:43","modified_gmt":"2025-06-19T18:05:43","slug":"delf-diplome-ueberreicht","status":"publish","type":"post","link":"https:\/\/max-emden.de\/wordpress\/delf-diplome-ueberreicht\/","title":{"rendered":"DELF-Diplome \u00fcberreicht"},"content":{"rendered":"<figure id=\"attachment_19703\" aria-describedby=\"caption-attachment-19703\" style=\"width: 1329px\" class=\"wp-caption alignnone\"><a href=\"https:\/\/max-emden.de\/wordpress\/wp-content\/uploads\/2025\/06\/DELF-2025.jpg\"><img fetchpriority=\"high\" decoding=\"async\" class=\"wp-image-19703 size-full\" src=\"https:\/\/max-emden.de\/wordpress\/wp-content\/uploads\/2025\/06\/DELF-2025.jpg\" alt=\"\" width=\"1329\" height=\"805\" srcset=\"https:\/\/max-emden.de\/wordpress\/wp-content\/uploads\/2025\/06\/DELF-2025.jpg 1329w, https:\/\/max-emden.de\/wordpress\/wp-content\/uploads\/2025\/06\/DELF-2025-300x182.jpg 300w, https:\/\/max-emden.de\/wordpress\/wp-content\/uploads\/2025\/06\/DELF-2025-1024x620.jpg 1024w, https:\/\/max-emden.de\/wordpress\/wp-content\/uploads\/2025\/06\/DELF-2025-768x465.jpg 768w\" sizes=\"(max-width: 1329px) 100vw, 1329px\" \/><\/a><figcaption id=\"caption-attachment-19703\" class=\"wp-caption-text\"><em>Die neuen Diplomanden mit Christine Cerff und Severin Tillmann.<\/em><\/figcaption><\/figure>\n<p>Auch im letzten Pr\u00fcfungsdurchgang des franz\u00f6sischen Sprachdiploms DELF (Dipl\u00f4me d\u2018\u00c9tudes en Langue Fran\u00e7aise) im Januar 2025 hatten sich wieder 4 Maxler*innen der Herausforderung gestellt, eines der begehrten Zertifikate zu erwerben, die gem\u00e4\u00df des GER (Gemeinsamer Europ\u00e4ischer Referenzrahmen) f\u00fcr Sprachen in die Niveaustufen A1\/A2\/B1\/B2 eingeteilt ist.<\/p>\n<p>Hierbei sind auf allen Niveaustufen jeweils die 4 Teilkompetenzen H\u00f6rverstehen, Leseverstehen, Textproduktion und m\u00fcndlicher Ausdruck unter Beweis zu stellen. Und in guter Tradition bew\u00e4ltigten auch diese 4 Pr\u00fcflinge nach intensiver online-Vorbereitung die Pr\u00fcfung mit Bravour, sodass die Erfolgsquote der Max DELF-AG weiterhin bei unschlagbaren 100% liegt.<\/p>\n<p>Wir gratulieren David Meyerer herzlich zur bestandenen A1-Pr\u00fcfung und Leefke Gornig, Selda Engin und Hendrik Wirdemann zur bestandenen A2-Pr\u00fcfung!<\/p>\n<p>&nbsp;<\/p>\n","protected":false},"excerpt":{"rendered":"<p>Auch im letzten Pr\u00fcfungsdurchgang des franz\u00f6sischen Sprachdiploms DELF (Dipl\u00f4me d\u2018\u00c9tudes en Langue Fran\u00e7aise) im Januar 2025 hatten sich wieder 4 Maxler*innen der Herausforderung gestellt, eines<a class=\"moretag\" href=\"https:\/\/max-emden.de\/wordpress\/delf-diplome-ueberreicht\/\"> [&#8230;]<\/a><\/p>\n","protected":false},"author":3,"featured_media":19703,"comment_status":"closed","ping_status":"closed","sticky":false,"template":"","format":"standard","meta":{"footnotes":""},"categories":[106,31],"tags":[96],"class_list":["post-19702","post","type-post","status-publish","format-standard","has-post-thumbnail","hentry","category-aktuell","category-franzoesisch","tag-aktuell"],"_links":{"self":[{"href":"https:\/\/max-emden.de\/wordpress\/wp-json\/wp\/v2\/posts\/19702","targetHints":{"allow":["GET"]}}],"collection":[{"href":"https:\/\/max-emden.de\/wordpress\/wp-json\/wp\/v2\/posts"}],"about":[{"href":"https:\/\/max-emden.de\/wordpress\/wp-json\/wp\/v2\/types\/post"}],"author":[{"embeddable":true,"href":"https:\/\/max-emden.de\/wordpress\/wp-json\/wp\/v2\/users\/3"}],"replies":[{"embeddable":true,"href":"https:\/\/max-emden.de\/wordpress\/wp-json\/wp\/v2\/comments?post=19702"}],"version-history":[{"count":1,"href":"https:\/\/max-emden.de\/wordpress\/wp-json\/wp\/v2\/posts\/19702\/revisions"}],"predecessor-version":[{"id":19704,"href":"https:\/\/max-emden.de\/wordpress\/wp-json\/wp\/v2\/posts\/19702\/revisions\/19704"}],"wp:featuredmedia":[{"embeddable":true,"href":"https:\/\/max-emden.de\/wordpress\/wp-json\/wp\/v2\/media\/19703"}],"wp:attachment":[{"href":"https:\/\/max-emden.de\/wordpress\/wp-json\/wp\/v2\/media?parent=19702"}],"wp:term":[{"taxonomy":"category","embeddable":true,"href":"https:\/\/max-emden.de\/wordpress\/wp-json\/wp\/v2\/categories?post=19702"},{"taxonomy":"post_tag","embeddable":true,"href":"https:\/\/max-emden.de\/wordpress\/wp-json\/wp\/v2\/tags?post=19702"}],"curies":[{"name":"wp","href":"https:\/\/api.w.org\/{rel}","templated":true}]}}