{"id":20582,"date":"2025-11-16T18:20:42","date_gmt":"2025-11-16T17:20:42","guid":{"rendered":"https:\/\/max-emden.de\/wordpress\/?p=20582"},"modified":"2025-11-27T16:47:23","modified_gmt":"2025-11-27T15:47:23","slug":"max-schuelerinnen-und-schueler-gestalten-beitrag-zum-volkstrauertag-der-stadt-emden","status":"publish","type":"post","link":"https:\/\/max-emden.de\/wordpress\/max-schuelerinnen-und-schueler-gestalten-beitrag-zum-volkstrauertag-der-stadt-emden\/","title":{"rendered":"Max-Sch\u00fclerinnen und -Sch\u00fcler gestalten Beitrag zum Volkstrauertag"},"content":{"rendered":"<p><a href=\"https:\/\/max-emden.de\/wordpress\/wp-content\/uploads\/2025\/11\/Volktrauertag-2025.jpg\"><img fetchpriority=\"high\" decoding=\"async\" class=\"alignnone size-full wp-image-20586\" src=\"https:\/\/max-emden.de\/wordpress\/wp-content\/uploads\/2025\/11\/Volktrauertag-2025.jpg\" alt=\"\" width=\"1620\" height=\"1080\" srcset=\"https:\/\/max-emden.de\/wordpress\/wp-content\/uploads\/2025\/11\/Volktrauertag-2025.jpg 1620w, https:\/\/max-emden.de\/wordpress\/wp-content\/uploads\/2025\/11\/Volktrauertag-2025-300x200.jpg 300w, https:\/\/max-emden.de\/wordpress\/wp-content\/uploads\/2025\/11\/Volktrauertag-2025-1024x683.jpg 1024w, https:\/\/max-emden.de\/wordpress\/wp-content\/uploads\/2025\/11\/Volktrauertag-2025-768x512.jpg 768w, https:\/\/max-emden.de\/wordpress\/wp-content\/uploads\/2025\/11\/Volktrauertag-2025-1536x1024.jpg 1536w\" sizes=\"(max-width: 1620px) 100vw, 1620px\" \/><\/a><\/p>\n<p>Bei der offiziellen Gedenkveranstaltung der Stadt Emden zum Volkstrauertag wirkten acht Sch\u00fclerinnen und Sch\u00fcler des 12. Jahrgangs aus dem Kurs Darstellendes Spiel des Max-Windm\u00fcller-Gymnasiums mit. Ihr Beitrag ist Teil eines gr\u00f6\u00dferen Theaterst\u00fccks, in dem Texte von Erich Fried, Rose Ausl\u00e4nder, Anne Frank sowie \u00fcberlieferte Feldpostbriefe szenisch bearbeitet und miteinander verwoben sind. Die Jugendlichen setzten diese Stimmen eindrucksvoll in einen theatralen Kontext und lie\u00dfen damit Vergangenheit und Gegenwart aufeinander treffen.<\/p>\n<p><a href=\"https:\/\/max-emden.de\/wordpress\/wp-content\/uploads\/2025\/11\/Volktrauertag-2025-3.jpg\"><img decoding=\"async\" class=\"alignnone size-full wp-image-20585\" src=\"https:\/\/max-emden.de\/wordpress\/wp-content\/uploads\/2025\/11\/Volktrauertag-2025-3.jpg\" alt=\"\" width=\"1620\" height=\"1080\" srcset=\"https:\/\/max-emden.de\/wordpress\/wp-content\/uploads\/2025\/11\/Volktrauertag-2025-3.jpg 1620w, https:\/\/max-emden.de\/wordpress\/wp-content\/uploads\/2025\/11\/Volktrauertag-2025-3-300x200.jpg 300w, https:\/\/max-emden.de\/wordpress\/wp-content\/uploads\/2025\/11\/Volktrauertag-2025-3-1024x683.jpg 1024w, https:\/\/max-emden.de\/wordpress\/wp-content\/uploads\/2025\/11\/Volktrauertag-2025-3-768x512.jpg 768w, https:\/\/max-emden.de\/wordpress\/wp-content\/uploads\/2025\/11\/Volktrauertag-2025-3-1536x1024.jpg 1536w\" sizes=\"(max-width: 1620px) 100vw, 1620px\" \/><\/a><\/p>\n<p>Zentraler Bestandteil ihrer Darbietung war das Gedicht \u201eDie jungen toten Soldaten\u201c (dt. von Erich Fried). Die eindringlichen Worte erhielten durch das Spiel der Sch\u00fclerinnen und Sch\u00fcler besondere Intensit\u00e4t und erinnerten eindrucksvoll an die Verantwortung, die aus der Geschichte erw\u00e4chst:<\/p>\n<p><a href=\"https:\/\/max-emden.de\/wordpress\/wp-content\/uploads\/2025\/11\/Fried-Soldaten.png\"><img decoding=\"async\" class=\"alignnone size-full wp-image-20583\" src=\"https:\/\/max-emden.de\/wordpress\/wp-content\/uploads\/2025\/11\/Fried-Soldaten.png\" alt=\"\" width=\"391\" height=\"644\" srcset=\"https:\/\/max-emden.de\/wordpress\/wp-content\/uploads\/2025\/11\/Fried-Soldaten.png 391w, https:\/\/max-emden.de\/wordpress\/wp-content\/uploads\/2025\/11\/Fried-Soldaten-182x300.png 182w\" sizes=\"(max-width: 391px) 100vw, 391px\" \/><\/a><\/p>\n<p><a href=\"https:\/\/max-emden.de\/wordpress\/wp-content\/uploads\/2025\/11\/Volktrauertag-2025-2.jpg\"><img loading=\"lazy\" decoding=\"async\" class=\"alignnone size-full wp-image-20584\" src=\"https:\/\/max-emden.de\/wordpress\/wp-content\/uploads\/2025\/11\/Volktrauertag-2025-2.jpg\" alt=\"\" width=\"1620\" height=\"1080\" srcset=\"https:\/\/max-emden.de\/wordpress\/wp-content\/uploads\/2025\/11\/Volktrauertag-2025-2.jpg 1620w, https:\/\/max-emden.de\/wordpress\/wp-content\/uploads\/2025\/11\/Volktrauertag-2025-2-300x200.jpg 300w, https:\/\/max-emden.de\/wordpress\/wp-content\/uploads\/2025\/11\/Volktrauertag-2025-2-1024x683.jpg 1024w, https:\/\/max-emden.de\/wordpress\/wp-content\/uploads\/2025\/11\/Volktrauertag-2025-2-768x512.jpg 768w, https:\/\/max-emden.de\/wordpress\/wp-content\/uploads\/2025\/11\/Volktrauertag-2025-2-1536x1024.jpg 1536w\" sizes=\"(max-width: 1620px) 100vw, 1620px\" \/><\/a><\/p>\n<p>Erg\u00e4nzt wurde die Inszenierung durch aktuelle Gedanken der Sch\u00fclerinnen und Sch\u00fcler, die verdeutlichten, dass die Fragen von Krieg, Frieden und Menschlichkeit nichts an Relevanz verloren haben: <em>\u201eIch sehe Nachrichten und ich stelle mir die Frage: <\/em><em>Wohin soll das noch f\u00fchren?\u201c\u00a0<\/em><\/p>\n<p>Wir danken allen Beteiligten f\u00fcr die Mitwirkung an der Gedenkveranstaltung.<\/p>\n<p style=\"text-align: right;\"><em>Fotos: Farina Renger<\/em><\/p>\n<p>&nbsp;<\/p>\n","protected":false},"excerpt":{"rendered":"<p>Bei der offiziellen Gedenkveranstaltung der Stadt Emden zum Volkstrauertag wirkten acht Sch\u00fclerinnen und Sch\u00fcler des 12. Jahrgangs aus dem Kurs Darstellendes Spiel des Max-Windm\u00fcller-Gymnasiums mit.<a class=\"moretag\" href=\"https:\/\/max-emden.de\/wordpress\/max-schuelerinnen-und-schueler-gestalten-beitrag-zum-volkstrauertag-der-stadt-emden\/\"> [&#8230;]<\/a><\/p>\n","protected":false},"author":3,"featured_media":20586,"comment_status":"closed","ping_status":"closed","sticky":false,"template":"","format":"standard","meta":{"footnotes":""},"categories":[2,79,9,15,89],"tags":[96],"class_list":["post-20582","post","type-post","status-publish","format-standard","has-post-thumbnail","hentry","category-allgemein","category-darstellendes-spiel","category-max-windmueller","category-soziale-lernen","category-unesco","tag-aktuell"],"_links":{"self":[{"href":"https:\/\/max-emden.de\/wordpress\/wp-json\/wp\/v2\/posts\/20582","targetHints":{"allow":["GET"]}}],"collection":[{"href":"https:\/\/max-emden.de\/wordpress\/wp-json\/wp\/v2\/posts"}],"about":[{"href":"https:\/\/max-emden.de\/wordpress\/wp-json\/wp\/v2\/types\/post"}],"author":[{"embeddable":true,"href":"https:\/\/max-emden.de\/wordpress\/wp-json\/wp\/v2\/users\/3"}],"replies":[{"embeddable":true,"href":"https:\/\/max-emden.de\/wordpress\/wp-json\/wp\/v2\/comments?post=20582"}],"version-history":[{"count":2,"href":"https:\/\/max-emden.de\/wordpress\/wp-json\/wp\/v2\/posts\/20582\/revisions"}],"predecessor-version":[{"id":20588,"href":"https:\/\/max-emden.de\/wordpress\/wp-json\/wp\/v2\/posts\/20582\/revisions\/20588"}],"wp:featuredmedia":[{"embeddable":true,"href":"https:\/\/max-emden.de\/wordpress\/wp-json\/wp\/v2\/media\/20586"}],"wp:attachment":[{"href":"https:\/\/max-emden.de\/wordpress\/wp-json\/wp\/v2\/media?parent=20582"}],"wp:term":[{"taxonomy":"category","embeddable":true,"href":"https:\/\/max-emden.de\/wordpress\/wp-json\/wp\/v2\/categories?post=20582"},{"taxonomy":"post_tag","embeddable":true,"href":"https:\/\/max-emden.de\/wordpress\/wp-json\/wp\/v2\/tags?post=20582"}],"curies":[{"name":"wp","href":"https:\/\/api.w.org\/{rel}","templated":true}]}}