{"id":20662,"date":"2025-11-29T18:47:59","date_gmt":"2025-11-29T17:47:59","guid":{"rendered":"https:\/\/max-emden.de\/wordpress\/?p=20662"},"modified":"2025-12-19T20:15:21","modified_gmt":"2025-12-19T19:15:21","slug":"adventspause-taeglich-kleine-aktionen-fuer-unsere-schuelerinnen-und-schueler","status":"publish","type":"post","link":"https:\/\/max-emden.de\/wordpress\/adventspause-taeglich-kleine-aktionen-fuer-unsere-schuelerinnen-und-schueler\/","title":{"rendered":"Adventspause &#8211; t\u00e4glich kleine Aktionen f\u00fcr unsere Sch\u00fclerinnen und Sch\u00fcler"},"content":{"rendered":"<p data-start=\"183\" data-end=\"432\">Die Weihnachtszeit r\u00fcckt n\u00e4her \u2013 und wir m\u00f6chten diese besondere Zeit gemeinsam mit euch genie\u00dfen! Ab dem 1. Dezember bis zu den Weihnachtsferien erwartet euch im MAX jeden Tag eine kleine Aktion, die euch die Adventszeit versch\u00f6nern soll. F\u00fcr die Teilnahme ist keine Anmeldung erforderlich. Schaut einfach vorbei und macht mit! Wir freuen uns auf eine gem\u00fctliche, fr\u00f6hliche und gemeinsame Adventszeit mit euch!<\/p>\n<p><a href=\"https:\/\/max-emden.de\/wordpress\/wp-content\/uploads\/2025\/11\/WhatsApp-Bild-2025-11-29-um-18.41.51_f9b56171.jpg\"><img fetchpriority=\"high\" decoding=\"async\" class=\"alignnone size-full wp-image-20663\" src=\"https:\/\/max-emden.de\/wordpress\/wp-content\/uploads\/2025\/11\/WhatsApp-Bild-2025-11-29-um-18.41.51_f9b56171.jpg\" alt=\"\" width=\"454\" height=\"643\" srcset=\"https:\/\/max-emden.de\/wordpress\/wp-content\/uploads\/2025\/11\/WhatsApp-Bild-2025-11-29-um-18.41.51_f9b56171.jpg 454w, https:\/\/max-emden.de\/wordpress\/wp-content\/uploads\/2025\/11\/WhatsApp-Bild-2025-11-29-um-18.41.51_f9b56171-212x300.jpg 212w\" sizes=\"(max-width: 454px) 100vw, 454px\" \/><\/a><\/p>\n","protected":false},"excerpt":{"rendered":"<p>Die Weihnachtszeit r\u00fcckt n\u00e4her \u2013 und wir m\u00f6chten diese besondere Zeit gemeinsam mit euch genie\u00dfen! Ab dem 1. Dezember bis zu den Weihnachtsferien erwartet euch<a class=\"moretag\" href=\"https:\/\/max-emden.de\/wordpress\/adventspause-taeglich-kleine-aktionen-fuer-unsere-schuelerinnen-und-schueler\/\"> [&#8230;]<\/a><\/p>\n","protected":false},"author":3,"featured_media":20664,"comment_status":"closed","ping_status":"closed","sticky":false,"template":"","format":"standard","meta":{"footnotes":""},"categories":[106,48],"tags":[96],"class_list":["post-20662","post","type-post","status-publish","format-standard","has-post-thumbnail","hentry","category-aktuell","category-religion","tag-aktuell"],"_links":{"self":[{"href":"https:\/\/max-emden.de\/wordpress\/wp-json\/wp\/v2\/posts\/20662","targetHints":{"allow":["GET"]}}],"collection":[{"href":"https:\/\/max-emden.de\/wordpress\/wp-json\/wp\/v2\/posts"}],"about":[{"href":"https:\/\/max-emden.de\/wordpress\/wp-json\/wp\/v2\/types\/post"}],"author":[{"embeddable":true,"href":"https:\/\/max-emden.de\/wordpress\/wp-json\/wp\/v2\/users\/3"}],"replies":[{"embeddable":true,"href":"https:\/\/max-emden.de\/wordpress\/wp-json\/wp\/v2\/comments?post=20662"}],"version-history":[{"count":1,"href":"https:\/\/max-emden.de\/wordpress\/wp-json\/wp\/v2\/posts\/20662\/revisions"}],"predecessor-version":[{"id":20665,"href":"https:\/\/max-emden.de\/wordpress\/wp-json\/wp\/v2\/posts\/20662\/revisions\/20665"}],"wp:featuredmedia":[{"embeddable":true,"href":"https:\/\/max-emden.de\/wordpress\/wp-json\/wp\/v2\/media\/20664"}],"wp:attachment":[{"href":"https:\/\/max-emden.de\/wordpress\/wp-json\/wp\/v2\/media?parent=20662"}],"wp:term":[{"taxonomy":"category","embeddable":true,"href":"https:\/\/max-emden.de\/wordpress\/wp-json\/wp\/v2\/categories?post=20662"},{"taxonomy":"post_tag","embeddable":true,"href":"https:\/\/max-emden.de\/wordpress\/wp-json\/wp\/v2\/tags?post=20662"}],"curies":[{"name":"wp","href":"https:\/\/api.w.org\/{rel}","templated":true}]}}