{"id":20833,"date":"2026-01-13T18:54:39","date_gmt":"2026-01-13T17:54:39","guid":{"rendered":"https:\/\/max-emden.de\/wordpress\/?p=20833"},"modified":"2026-01-27T10:18:49","modified_gmt":"2026-01-27T09:18:49","slug":"angekommen-in-der-karibik-laryssa-und-feemke-berichten","status":"publish","type":"post","link":"https:\/\/max-emden.de\/wordpress\/angekommen-in-der-karibik-laryssa-und-feemke-berichten\/","title":{"rendered":"Angekommen in der Karibik &#8211; Laryssa und Feemke berichten"},"content":{"rendered":"<figure id=\"attachment_20834\" aria-describedby=\"caption-attachment-20834\" style=\"width: 1200px\" class=\"wp-caption alignnone\"><a href=\"https:\/\/max-emden.de\/wordpress\/wp-content\/uploads\/2026\/01\/WhatsApp-Image-2026-01-12-at-18.38.52.jpeg\"><img fetchpriority=\"high\" decoding=\"async\" class=\"wp-image-20834 size-full\" src=\"https:\/\/max-emden.de\/wordpress\/wp-content\/uploads\/2026\/01\/WhatsApp-Image-2026-01-12-at-18.38.52.jpeg\" alt=\"\" width=\"1200\" height=\"960\" srcset=\"https:\/\/max-emden.de\/wordpress\/wp-content\/uploads\/2026\/01\/WhatsApp-Image-2026-01-12-at-18.38.52.jpeg 1200w, https:\/\/max-emden.de\/wordpress\/wp-content\/uploads\/2026\/01\/WhatsApp-Image-2026-01-12-at-18.38.52-300x240.jpeg 300w, https:\/\/max-emden.de\/wordpress\/wp-content\/uploads\/2026\/01\/WhatsApp-Image-2026-01-12-at-18.38.52-1024x819.jpeg 1024w, https:\/\/max-emden.de\/wordpress\/wp-content\/uploads\/2026\/01\/WhatsApp-Image-2026-01-12-at-18.38.52-768x614.jpeg 768w\" sizes=\"(max-width: 1200px) 100vw, 1200px\" \/><\/a><figcaption id=\"caption-attachment-20834\" class=\"wp-caption-text\"><em>Eine lange Reise, bevor endlich Martinique erreicht war.<\/em><\/figcaption><\/figure>\n<p>Hallo, wir sind Laryssa und Feemke aus dem 10. und 11. Jahrgang. Wir machen momentan einen Austausch auf Martinique.<br \/>\nUnser Flieger ging am Samstag um 11:25 Uhr in Hamburg. Ich (Laryssa) bin schon am Donnerstag nach Hamburg gefahren, da wir nicht riskieren wollten, dass wir es nicht p\u00fcnktlich schaffen aufgrund des Schneesturms. Die Autobahnen waren bis Hamburg auch relativ freiger\u00e4umt. Ab Hamburg allerdings waren die Stra\u00dfen eine Katastrophe &#8211; alles voll Schnee und Eis. Feemke war an dem Tag leider verhindert und konnte nicht mitkommen, also ist sie mit ihrem Vater am n\u00e4chsten Tag mit dem Zug nachgekommen. Leider hat sich das ziemlich lang gezogen: In Hude war der erste Halt, der etwa 1-2 Stunden gedauert hat und dann standen sie ewig in Bremen, bevor es weiter ging. Nachdem der Zug allerdings in Bremen losgefahren war, ging es dem Umst\u00e4nden entsprechend schnell. Sie sind morgens gegen 7:30 Uhr losgefahren und etwa 21 Uhr in Hamburg im Hotel angekommen&#8230;<\/p>\n<figure id=\"attachment_20835\" aria-describedby=\"caption-attachment-20835\" style=\"width: 900px\" class=\"wp-caption alignnone\"><a href=\"https:\/\/max-emden.de\/wordpress\/wp-content\/uploads\/2026\/01\/WhatsApp-Image-2026-01-12-at-18.40.03.jpeg\"><img decoding=\"async\" class=\"wp-image-20835 size-full\" src=\"https:\/\/max-emden.de\/wordpress\/wp-content\/uploads\/2026\/01\/WhatsApp-Image-2026-01-12-at-18.40.03.jpeg\" alt=\"\" width=\"900\" height=\"720\" srcset=\"https:\/\/max-emden.de\/wordpress\/wp-content\/uploads\/2026\/01\/WhatsApp-Image-2026-01-12-at-18.40.03.jpeg 900w, https:\/\/max-emden.de\/wordpress\/wp-content\/uploads\/2026\/01\/WhatsApp-Image-2026-01-12-at-18.40.03-300x240.jpeg 300w, https:\/\/max-emden.de\/wordpress\/wp-content\/uploads\/2026\/01\/WhatsApp-Image-2026-01-12-at-18.40.03-768x614.jpeg 768w\" sizes=\"(max-width: 900px) 100vw, 900px\" \/><\/a><figcaption id=\"caption-attachment-20835\" class=\"wp-caption-text\"><em>In der N\u00e4he des \u00c4quators&#8230;<\/em><\/figcaption><\/figure>\n<p>In Paris mussten wir dann umsteigen und noch etwa 8 weitere Stunden fliegen. Angekommen am Flughafen auf Martinique mussten wir noch eine Stunde auf unser Gep\u00e4ck warten. Als wir das dann endlich hatten, konnten wir rausgehen, wo unsere Gastfamilien auf uns gewartet haben und obwohl es schon 20 Uhr war, hatten wir trotzdem noch 25 Grad. Auf dem Parkplatz haben Feemke und ich uns dann getrennt und es ging weiter nach Hause zu den jeweiligen Gastfamilien. Am Abend ist dann nicht mehr viel passiert, wir haben gegessen und sind schlafen gegangen.<\/p>\n<figure id=\"attachment_20836\" aria-describedby=\"caption-attachment-20836\" style=\"width: 1200px\" class=\"wp-caption alignnone\"><a href=\"https:\/\/max-emden.de\/wordpress\/wp-content\/uploads\/2026\/01\/WhatsApp-Image-2026-01-13-at-13.48.44.jpeg\"><img decoding=\"async\" class=\"wp-image-20836 size-full\" src=\"https:\/\/max-emden.de\/wordpress\/wp-content\/uploads\/2026\/01\/WhatsApp-Image-2026-01-13-at-13.48.44.jpeg\" alt=\"\" width=\"1200\" height=\"960\" srcset=\"https:\/\/max-emden.de\/wordpress\/wp-content\/uploads\/2026\/01\/WhatsApp-Image-2026-01-13-at-13.48.44.jpeg 1200w, https:\/\/max-emden.de\/wordpress\/wp-content\/uploads\/2026\/01\/WhatsApp-Image-2026-01-13-at-13.48.44-300x240.jpeg 300w, https:\/\/max-emden.de\/wordpress\/wp-content\/uploads\/2026\/01\/WhatsApp-Image-2026-01-13-at-13.48.44-1024x819.jpeg 1024w, https:\/\/max-emden.de\/wordpress\/wp-content\/uploads\/2026\/01\/WhatsApp-Image-2026-01-13-at-13.48.44-768x614.jpeg 768w\" sizes=\"(max-width: 1200px) 100vw, 1200px\" \/><\/a><figcaption id=\"caption-attachment-20836\" class=\"wp-caption-text\"><em>&#8230; ist Sightseeing in Shorts auch im Januar kein Problem.<\/em><\/figcaption><\/figure>\n<p>Am ersten Tag hier sind wir zu der Brennerei des ber\u00fchmtesten Rums von Martinique gefahren und haben uns angeschaut, wie die Plantagen des Zuckerrohrs aussehen und die Schritte der Verarbeitung bis zum f\u00fcr den Verzehr geeigneten Rum. Danach sind wir in ein Museum \u00fcber den Ausbruch des Vulkans Montagne Pel\u00e9e gegangen. Als wir auch dort fertig waren, sind wir noch zum Strand gegangen, haben dort Volleyball gespielt, gegrillt und sind ganz viel geschwommen. Abends kam dann noch ein Freund, von unseren Austauschsch\u00fclern Ivy und P\u00e2ris, der ebenfalls eine Austauschsch\u00fclerin zuhause hat. Zusammen haben wir uns noch den Sonnenuntergang angesehen und sind anschlie\u00dfend nach Hause gegangen.<\/p>\n<figure id=\"attachment_20837\" aria-describedby=\"caption-attachment-20837\" style=\"width: 965px\" class=\"wp-caption alignnone\"><a href=\"https:\/\/max-emden.de\/wordpress\/wp-content\/uploads\/2026\/01\/WhatsApp-Image-2026-01-12-at-18.39.04.jpeg\"><img loading=\"lazy\" decoding=\"async\" class=\"wp-image-20837 size-full\" src=\"https:\/\/max-emden.de\/wordpress\/wp-content\/uploads\/2026\/01\/WhatsApp-Image-2026-01-12-at-18.39.04.jpeg\" alt=\"\" width=\"965\" height=\"772\" srcset=\"https:\/\/max-emden.de\/wordpress\/wp-content\/uploads\/2026\/01\/WhatsApp-Image-2026-01-12-at-18.39.04.jpeg 965w, https:\/\/max-emden.de\/wordpress\/wp-content\/uploads\/2026\/01\/WhatsApp-Image-2026-01-12-at-18.39.04-300x240.jpeg 300w, https:\/\/max-emden.de\/wordpress\/wp-content\/uploads\/2026\/01\/WhatsApp-Image-2026-01-12-at-18.39.04-768x614.jpeg 768w\" sizes=\"(max-width: 965px) 100vw, 965px\" \/><\/a><figcaption id=\"caption-attachment-20837\" class=\"wp-caption-text\"><em>Fast so sch\u00f6n wie ein ostfriesischer Winter &#8211; einer der unz\u00e4hligen Str\u00e4nde von Martinique.<\/em><\/figcaption><\/figure>\n<p>Gestern hatten wir unseren ersten Schultag und der Unterschied ist sehr stark zu merken. Zum einen ist der Schultag sehr lang und es gibt ganz andere F\u00e4cher, als an unserer Schule. Hier werden sehr viele F\u00e4cher vereint, wie z.B. Erdkunde und Geschichte oder Physik und Chemie. Auch, wenn der Schultag sehr lang ist (07:00 Uhr &#8211; 17:00 Uhr), ist er sehr gut auszuhalten, da die Klassenr\u00e4ume sehr gut gek\u00fchlt sind und es viele Pausen gibt.<\/p>\n<figure id=\"attachment_20838\" aria-describedby=\"caption-attachment-20838\" style=\"width: 1039px\" class=\"wp-caption alignnone\"><a href=\"https:\/\/max-emden.de\/wordpress\/wp-content\/uploads\/2026\/01\/WhatsApp-Image-2026-01-12-at-18.40.02.jpeg\"><img loading=\"lazy\" decoding=\"async\" class=\"wp-image-20838 size-full\" src=\"https:\/\/max-emden.de\/wordpress\/wp-content\/uploads\/2026\/01\/WhatsApp-Image-2026-01-12-at-18.40.02.jpeg\" alt=\"\" width=\"1039\" height=\"831\" srcset=\"https:\/\/max-emden.de\/wordpress\/wp-content\/uploads\/2026\/01\/WhatsApp-Image-2026-01-12-at-18.40.02.jpeg 1039w, https:\/\/max-emden.de\/wordpress\/wp-content\/uploads\/2026\/01\/WhatsApp-Image-2026-01-12-at-18.40.02-300x240.jpeg 300w, https:\/\/max-emden.de\/wordpress\/wp-content\/uploads\/2026\/01\/WhatsApp-Image-2026-01-12-at-18.40.02-1024x819.jpeg 1024w, https:\/\/max-emden.de\/wordpress\/wp-content\/uploads\/2026\/01\/WhatsApp-Image-2026-01-12-at-18.40.02-768x614.jpeg 768w\" sizes=\"(max-width: 1039px) 100vw, 1039px\" \/><\/a><figcaption id=\"caption-attachment-20838\" class=\"wp-caption-text\"><em>Feemke und Laryssa verbringen noch knapp drei Wochen in der Karibik. <\/em><\/figcaption><\/figure>\n<p>Wir freuen uns auf die weiteren Tage und alle Erlebnisse, die uns noch erwarten!<\/p>\n<p style=\"text-align: right;\"><em>Laryssa D\u00fcnh\u00f6lter (Jg.10) und Feemke Hensmann (Jg.11)<\/em><\/p>\n","protected":false},"excerpt":{"rendered":"<p>Hallo, wir sind Laryssa und Feemke aus dem 10. und 11. Jahrgang. Wir machen momentan einen Austausch auf Martinique. Unser Flieger ging am Samstag um<a class=\"moretag\" href=\"https:\/\/max-emden.de\/wordpress\/angekommen-in-der-karibik-laryssa-und-feemke-berichten\/\"> [&#8230;]<\/a><\/p>\n","protected":false},"author":3,"featured_media":20838,"comment_status":"closed","ping_status":"closed","sticky":false,"template":"","format":"standard","meta":{"footnotes":""},"categories":[106,5,31,82],"tags":[96],"class_list":["post-20833","post","type-post","status-publish","format-standard","has-post-thumbnail","hentry","category-aktuell","category-europaschule","category-franzoesisch","category-martinique-frankreich","tag-aktuell"],"_links":{"self":[{"href":"https:\/\/max-emden.de\/wordpress\/wp-json\/wp\/v2\/posts\/20833","targetHints":{"allow":["GET"]}}],"collection":[{"href":"https:\/\/max-emden.de\/wordpress\/wp-json\/wp\/v2\/posts"}],"about":[{"href":"https:\/\/max-emden.de\/wordpress\/wp-json\/wp\/v2\/types\/post"}],"author":[{"embeddable":true,"href":"https:\/\/max-emden.de\/wordpress\/wp-json\/wp\/v2\/users\/3"}],"replies":[{"embeddable":true,"href":"https:\/\/max-emden.de\/wordpress\/wp-json\/wp\/v2\/comments?post=20833"}],"version-history":[{"count":1,"href":"https:\/\/max-emden.de\/wordpress\/wp-json\/wp\/v2\/posts\/20833\/revisions"}],"predecessor-version":[{"id":20839,"href":"https:\/\/max-emden.de\/wordpress\/wp-json\/wp\/v2\/posts\/20833\/revisions\/20839"}],"wp:featuredmedia":[{"embeddable":true,"href":"https:\/\/max-emden.de\/wordpress\/wp-json\/wp\/v2\/media\/20838"}],"wp:attachment":[{"href":"https:\/\/max-emden.de\/wordpress\/wp-json\/wp\/v2\/media?parent=20833"}],"wp:term":[{"taxonomy":"category","embeddable":true,"href":"https:\/\/max-emden.de\/wordpress\/wp-json\/wp\/v2\/categories?post=20833"},{"taxonomy":"post_tag","embeddable":true,"href":"https:\/\/max-emden.de\/wordpress\/wp-json\/wp\/v2\/tags?post=20833"}],"curies":[{"name":"wp","href":"https:\/\/api.w.org\/{rel}","templated":true}]}}