{"id":2088,"date":"2016-04-02T12:57:11","date_gmt":"2016-04-02T12:57:11","guid":{"rendered":"http:\/\/max-emden.de\/wordpress\/?p=2088"},"modified":"2016-04-21T17:30:35","modified_gmt":"2016-04-21T17:30:35","slug":"von-profis-und-deren-scheitern-lernen","status":"publish","type":"post","link":"https:\/\/max-emden.de\/wordpress\/von-profis-und-deren-scheitern-lernen\/","title":{"rendered":"Von Profis und deren Scheitern lernen\u2026"},"content":{"rendered":"<p style=\"text-align: justify;\">Am Mittwoch, den 30.03. <em>\u2013 mitten in den Osterferien! \u2013<\/em> machten sich 14 Sch\u00fclerinnen und Sch\u00fcler der Impro-Theater-AG auf den Weg nach Oldenburg zum ImproFestival \u201eSpontanOL\u201c.<\/p>\n<p style=\"text-align: justify;\">Die Sch\u00fcler bekamen im Oldenburger Uni Theater (out) einen klaren Eindruck alternativer Theaterkonzepte \u2013 weg vom feingekleideten Besuch im Staatstheater. In dem kleinen Vorstellungsraum machte die Emder Gruppe ein Sechstel der Besucher aus.<!--more--><\/p>\n<p style=\"text-align: justify;\">Gezeigt wurde die Auftaktveranstaltung \u201eImpro Galactic\u201c von den \u00fcberregional bekannten Gruppen \u201eWat ihr wollt\u201c und \u201e12 Meter Hase\u201c. Thematisch wurde ein im Moment geschaffenes Logbuch in Sciencefiction-Manier abgearbeitet. Neben lustigen Gegebenheiten sorgten die Klang- und Soundeffekte sowie das unausweichliche Scheitern der Schauspieler f\u00fcr Lacher im gesamten Publikum, welches immer wieder aufgefordert war, die Geschichte durch Zurufe mitzugestalten.<\/p>\n<p style=\"text-align: justify;\">Da der letzte Zug in Richtung Emden leider nicht warten wollte, musste die Veranstaltung etwas fr\u00fchzeitig verlassen werden. Noch w\u00e4hrend der Zugfahrt wurde jedoch intensiv \u00fcber das Gesehene und Geh\u00f6rte diskutiert, um aus der Erfahrung f\u00fcr die n\u00e4chsten Proben zu lernen.<\/p>\n<p style=\"text-align: justify;\">Um 23.30 Uhr kam die Gruppe wieder wohlbehalten in Emden an, um die letzten Ferientage anzutreten. Dankenswerter Weise begleiteten neben Frau Hesse auch die beiden Sch\u00fclerm\u00fctter Frau M\u00fcller und Frau Finger unsere Gruppe.<\/p>\n<p>&nbsp;<\/p>\n<p style=\"text-align: right;\"><em><a href=\"https:\/\/max-emden.de\/wordpress\/wp-content\/uploads\/2016\/04\/IMG-20160331-WA0010.jpg\" rel=\"attachment wp-att-2091\"><img fetchpriority=\"high\" decoding=\"async\" class=\"size-medium wp-image-2091 aligncenter\" src=\"https:\/\/max-emden.de\/wordpress\/wp-content\/uploads\/2016\/04\/IMG-20160331-WA0010-300x225.jpg\" alt=\"Darstellendes_Spiel_Theaterbesuch_3\" width=\"300\" height=\"225\" srcset=\"https:\/\/max-emden.de\/wordpress\/wp-content\/uploads\/2016\/04\/IMG-20160331-WA0010-300x225.jpg 300w, https:\/\/max-emden.de\/wordpress\/wp-content\/uploads\/2016\/04\/IMG-20160331-WA0010-768x576.jpg 768w, https:\/\/max-emden.de\/wordpress\/wp-content\/uploads\/2016\/04\/IMG-20160331-WA0010-1024x768.jpg 1024w, https:\/\/max-emden.de\/wordpress\/wp-content\/uploads\/2016\/04\/IMG-20160331-WA0010.jpg 1600w\" sizes=\"(max-width: 300px) 100vw, 300px\" \/><\/a><\/em><\/p>\n<p style=\"text-align: right;\"><em>Text und Bilder: Matthias Frank<\/em><\/p>\n","protected":false},"excerpt":{"rendered":"<p>Am Mittwoch, den 30.03. \u2013 mitten in den Osterferien! \u2013 machten sich 14 Sch\u00fclerinnen und Sch\u00fcler der Impro-Theater-AG auf den Weg nach Oldenburg zum ImproFestival<a class=\"moretag\" href=\"https:\/\/max-emden.de\/wordpress\/von-profis-und-deren-scheitern-lernen\/\"> [&#8230;]<\/a><\/p>\n","protected":false},"author":1,"featured_media":2089,"comment_status":"closed","ping_status":"closed","sticky":false,"template":"","format":"standard","meta":{"footnotes":""},"categories":[79],"tags":[],"class_list":["post-2088","post","type-post","status-publish","format-standard","has-post-thumbnail","hentry","category-darstellendes-spiel"],"_links":{"self":[{"href":"https:\/\/max-emden.de\/wordpress\/wp-json\/wp\/v2\/posts\/2088","targetHints":{"allow":["GET"]}}],"collection":[{"href":"https:\/\/max-emden.de\/wordpress\/wp-json\/wp\/v2\/posts"}],"about":[{"href":"https:\/\/max-emden.de\/wordpress\/wp-json\/wp\/v2\/types\/post"}],"author":[{"embeddable":true,"href":"https:\/\/max-emden.de\/wordpress\/wp-json\/wp\/v2\/users\/1"}],"replies":[{"embeddable":true,"href":"https:\/\/max-emden.de\/wordpress\/wp-json\/wp\/v2\/comments?post=2088"}],"version-history":[{"count":8,"href":"https:\/\/max-emden.de\/wordpress\/wp-json\/wp\/v2\/posts\/2088\/revisions"}],"predecessor-version":[{"id":2210,"href":"https:\/\/max-emden.de\/wordpress\/wp-json\/wp\/v2\/posts\/2088\/revisions\/2210"}],"wp:featuredmedia":[{"embeddable":true,"href":"https:\/\/max-emden.de\/wordpress\/wp-json\/wp\/v2\/media\/2089"}],"wp:attachment":[{"href":"https:\/\/max-emden.de\/wordpress\/wp-json\/wp\/v2\/media?parent=2088"}],"wp:term":[{"taxonomy":"category","embeddable":true,"href":"https:\/\/max-emden.de\/wordpress\/wp-json\/wp\/v2\/categories?post=2088"},{"taxonomy":"post_tag","embeddable":true,"href":"https:\/\/max-emden.de\/wordpress\/wp-json\/wp\/v2\/tags?post=2088"}],"curies":[{"name":"wp","href":"https:\/\/api.w.org\/{rel}","templated":true}]}}