{"id":20989,"date":"2026-02-05T09:56:07","date_gmt":"2026-02-05T08:56:07","guid":{"rendered":"https:\/\/max-emden.de\/wordpress\/?p=20989"},"modified":"2026-02-05T09:56:07","modified_gmt":"2026-02-05T08:56:07","slug":"starke-leistungen-bei-der-mathematik-olympiade","status":"publish","type":"post","link":"https:\/\/max-emden.de\/wordpress\/starke-leistungen-bei-der-mathematik-olympiade\/","title":{"rendered":"Starke Leistungen bei der Mathematik-Olympiade"},"content":{"rendered":"<p data-start=\"126\" data-end=\"179\"><strong data-start=\"129\" data-end=\"179\">Starke Leistungen bei der Mathematik-Olympiade<\/strong><\/p>\n<p data-start=\"181\" data-end=\"467\">Am vergangenen Donnerstag wurden die Teilnehmer<span data-start=\"228\" data-end=\"346\">*innen der diesj\u00e4hrigen Mathematik-Olympiade an unserer Schule feierlich geehrt. Insgesamt erhielten 41 Sch\u00fcler<\/span>*innen eine Urkunde f\u00fcr ihre erfolgreiche Teilnahme \u2013 ein sch\u00f6ner Beleg f\u00fcr gro\u00dfes Engagement und mathematisches K\u00f6nnen.<\/p>\n<p data-start=\"469\" data-end=\"817\">Die Mathematik-Olympiade ist ein bundesweiter Wettbewerb, der jedes Jahr zahlreiche mathematisch interessierte und begabte Sch\u00fcler*innen zusammenbringt. In mehreren aufeinanderfolgenden Runden werden anspruchsvolle Knobel- und Denkaufgaben bearbeitet, die weit \u00fcber den regul\u00e4ren Unterricht hinausgehen und logisches sowie kreatives Denken f\u00f6rdern.<\/p>\n<p data-start=\"819\" data-end=\"937\">Die Fachgruppe Mathematik zeichnete au\u00dferdem die jeweils <span data-start=\"876\" data-end=\"912\">jahrgangsbesten Teilnehmer*innen<\/span> mit kleinen Preisen aus:<\/p>\n<ul data-start=\"939\" data-end=\"1174\">\n<li data-start=\"939\" data-end=\"974\">\n<p data-start=\"941\" data-end=\"974\"><strong data-start=\"941\" data-end=\"956\">Jahrgang 5:<\/strong> Maartje Schmitz<\/p>\n<\/li>\n<li data-start=\"975\" data-end=\"1005\">\n<p data-start=\"977\" data-end=\"1005\"><strong data-start=\"977\" data-end=\"992\">Jahrgang 6:<\/strong> Kira Wilts<\/p>\n<\/li>\n<li data-start=\"1006\" data-end=\"1040\">\n<p data-start=\"1008\" data-end=\"1040\"><strong data-start=\"1008\" data-end=\"1023\">Jahrgang 7:<\/strong> Leevke Schmitz<\/p>\n<\/li>\n<li data-start=\"1041\" data-end=\"1074\">\n<p data-start=\"1043\" data-end=\"1074\"><strong data-start=\"1043\" data-end=\"1058\">Jahrgang 8:<\/strong> Jonah Janssen<\/p>\n<\/li>\n<li data-start=\"1075\" data-end=\"1104\">\n<p data-start=\"1077\" data-end=\"1104\"><strong data-start=\"1077\" data-end=\"1092\">Jahrgang 9:<\/strong> Amina Sam<\/p>\n<\/li>\n<li data-start=\"1105\" data-end=\"1139\">\n<p data-start=\"1107\" data-end=\"1139\"><strong data-start=\"1107\" data-end=\"1123\">Jahrgang 11:<\/strong> Jakob Fritzen<\/p>\n<\/li>\n<li data-start=\"1140\" data-end=\"1174\">\n<p data-start=\"1142\" data-end=\"1174\"><strong data-start=\"1142\" data-end=\"1158\">Jahrgang 12:<\/strong> Nadja Strehle<\/p>\n<\/li>\n<\/ul>\n<p data-start=\"1176\" data-end=\"1461\"><a href=\"https:\/\/max-emden.de\/wordpress\/wp-content\/uploads\/2026\/02\/IMG_5816-scaled.jpeg\"><img fetchpriority=\"high\" decoding=\"async\" class=\"alignnone wp-image-20992 size-full\" src=\"https:\/\/max-emden.de\/wordpress\/wp-content\/uploads\/2026\/02\/IMG_5816-scaled-e1770281697997.jpeg\" alt=\"\" width=\"2250\" height=\"1463\" srcset=\"https:\/\/max-emden.de\/wordpress\/wp-content\/uploads\/2026\/02\/IMG_5816-scaled-e1770281697997.jpeg 2250w, https:\/\/max-emden.de\/wordpress\/wp-content\/uploads\/2026\/02\/IMG_5816-scaled-e1770281697997-300x195.jpeg 300w, https:\/\/max-emden.de\/wordpress\/wp-content\/uploads\/2026\/02\/IMG_5816-scaled-e1770281697997-1024x666.jpeg 1024w, https:\/\/max-emden.de\/wordpress\/wp-content\/uploads\/2026\/02\/IMG_5816-scaled-e1770281697997-768x499.jpeg 768w, https:\/\/max-emden.de\/wordpress\/wp-content\/uploads\/2026\/02\/IMG_5816-scaled-e1770281697997-1536x999.jpeg 1536w, https:\/\/max-emden.de\/wordpress\/wp-content\/uploads\/2026\/02\/IMG_5816-scaled-e1770281697997-2048x1332.jpeg 2048w\" sizes=\"(max-width: 2250px) 100vw, 2250px\" \/><\/a><\/p>\n<p data-start=\"1176\" data-end=\"1461\">In diesem Jahr gab es besonders viele gute Leistungen, von denen einige nur knapp den Einzug in die n\u00e4chste Wettbewerbsrunde verpassten. Eine besondere Ehrung erhielt <span data-start=\"1343\" data-end=\"1360\">Jonah Janssen<\/span>, der sich f\u00fcr die <span data-start=\"1379\" data-end=\"1394\">Landesrunde<\/span> qualifiziert hat und unsere Schule dort im Februar vertreten wird.<\/p>\n<p data-start=\"1463\" data-end=\"1623\">Die Fachgruppe Mathematik gratuliert allen Teilnehmer*innen herzlich zu ihren Erfolgen und w\u00fcnscht weiterhin viel Freude und Erfolg beim mathematischen Knobeln.<\/p>\n","protected":false},"excerpt":{"rendered":"<p>Starke Leistungen bei der Mathematik-Olympiade Am vergangenen Donnerstag wurden die Teilnehmer*innen der diesj\u00e4hrigen Mathematik-Olympiade an unserer Schule feierlich geehrt. Insgesamt erhielten 41 Sch\u00fcler*innen eine Urkunde<a class=\"moretag\" href=\"https:\/\/max-emden.de\/wordpress\/starke-leistungen-bei-der-mathematik-olympiade\/\"> [&#8230;]<\/a><\/p>\n","protected":false},"author":19,"featured_media":20992,"comment_status":"closed","ping_status":"closed","sticky":false,"template":"","format":"standard","meta":{"footnotes":""},"categories":[106,39],"tags":[],"class_list":["post-20989","post","type-post","status-publish","format-standard","has-post-thumbnail","hentry","category-aktuell","category-mathematik"],"_links":{"self":[{"href":"https:\/\/max-emden.de\/wordpress\/wp-json\/wp\/v2\/posts\/20989","targetHints":{"allow":["GET"]}}],"collection":[{"href":"https:\/\/max-emden.de\/wordpress\/wp-json\/wp\/v2\/posts"}],"about":[{"href":"https:\/\/max-emden.de\/wordpress\/wp-json\/wp\/v2\/types\/post"}],"author":[{"embeddable":true,"href":"https:\/\/max-emden.de\/wordpress\/wp-json\/wp\/v2\/users\/19"}],"replies":[{"embeddable":true,"href":"https:\/\/max-emden.de\/wordpress\/wp-json\/wp\/v2\/comments?post=20989"}],"version-history":[{"count":1,"href":"https:\/\/max-emden.de\/wordpress\/wp-json\/wp\/v2\/posts\/20989\/revisions"}],"predecessor-version":[{"id":20996,"href":"https:\/\/max-emden.de\/wordpress\/wp-json\/wp\/v2\/posts\/20989\/revisions\/20996"}],"wp:featuredmedia":[{"embeddable":true,"href":"https:\/\/max-emden.de\/wordpress\/wp-json\/wp\/v2\/media\/20992"}],"wp:attachment":[{"href":"https:\/\/max-emden.de\/wordpress\/wp-json\/wp\/v2\/media?parent=20989"}],"wp:term":[{"taxonomy":"category","embeddable":true,"href":"https:\/\/max-emden.de\/wordpress\/wp-json\/wp\/v2\/categories?post=20989"},{"taxonomy":"post_tag","embeddable":true,"href":"https:\/\/max-emden.de\/wordpress\/wp-json\/wp\/v2\/tags?post=20989"}],"curies":[{"name":"wp","href":"https:\/\/api.w.org\/{rel}","templated":true}]}}