{"id":21299,"date":"2026-03-14T17:42:01","date_gmt":"2026-03-14T16:42:01","guid":{"rendered":"https:\/\/max-emden.de\/wordpress\/?p=21299"},"modified":"2026-04-08T20:11:51","modified_gmt":"2026-04-08T18:11:51","slug":"14-ergometer-regatta-am-max-brachte-neue-schulrekorde","status":"publish","type":"post","link":"https:\/\/max-emden.de\/wordpress\/14-ergometer-regatta-am-max-brachte-neue-schulrekorde\/","title":{"rendered":"14. Ergometer-Regatta am Max brachte neue Schulrekorde"},"content":{"rendered":"<figure id=\"attachment_21301\" aria-describedby=\"caption-attachment-21301\" style=\"width: 1585px\" class=\"wp-caption alignnone\"><a href=\"https:\/\/max-emden.de\/wordpress\/wp-content\/uploads\/2026\/03\/K1024_20260312_131353.jpg\"><img fetchpriority=\"high\" decoding=\"async\" class=\"wp-image-21301 size-full\" src=\"https:\/\/max-emden.de\/wordpress\/wp-content\/uploads\/2026\/03\/K1024_20260312_131353-e1773506142880.jpg\" alt=\"\" width=\"1585\" height=\"720\" \/><\/a><figcaption id=\"caption-attachment-21301\" class=\"wp-caption-text\"><em>Die Siegerinnen und Sieger der 14. Ergometer-ReGaTta<\/em><\/figcaption><\/figure>\n<p data-start=\"96\" data-end=\"450\">Gro\u00dfe Begeisterung, spannende Rennen und beeindruckende Leistungen pr\u00e4gten am Donnerstag die 14. Ergometer-Regatta des Max-Windm\u00fcller-Gymnasiums. Besonders im f\u00fcnften Jahrgang wurden au\u00dfergew\u00f6hnliche Zeiten erzielt: Sowohl die Siegerin als auch der Sieger blieben unter der magischen Marke von einer Minute!<\/p>\n<figure id=\"attachment_21307\" aria-describedby=\"caption-attachment-21307\" style=\"width: 1663px\" class=\"wp-caption alignnone\"><a href=\"https:\/\/max-emden.de\/wordpress\/wp-content\/uploads\/2026\/03\/K1024_20260312_115518.jpg\"><img decoding=\"async\" class=\"wp-image-21307 size-full\" src=\"https:\/\/max-emden.de\/wordpress\/wp-content\/uploads\/2026\/03\/K1024_20260312_115518.jpg\" alt=\"\" width=\"1663\" height=\"768\" srcset=\"https:\/\/max-emden.de\/wordpress\/wp-content\/uploads\/2026\/03\/K1024_20260312_115518.jpg 1663w, https:\/\/max-emden.de\/wordpress\/wp-content\/uploads\/2026\/03\/K1024_20260312_115518-300x139.jpg 300w, https:\/\/max-emden.de\/wordpress\/wp-content\/uploads\/2026\/03\/K1024_20260312_115518-1024x473.jpg 1024w, https:\/\/max-emden.de\/wordpress\/wp-content\/uploads\/2026\/03\/K1024_20260312_115518-768x355.jpg 768w, https:\/\/max-emden.de\/wordpress\/wp-content\/uploads\/2026\/03\/K1024_20260312_115518-1536x709.jpg 1536w\" sizes=\"(max-width: 1663px) 100vw, 1663px\" \/><\/a><figcaption id=\"caption-attachment-21307\" class=\"wp-caption-text\"><em>Auch die Ruderpaten zeigten in einem Einlagerennen ihr K\u00f6nnen.<\/em><\/figcaption><\/figure>\n<p data-start=\"96\" data-end=\"450\">Im Jahrgangsfinale der Jungen setzte sich Clemens L\u00f6per mit einer sensationellen Zeit von 56,0 Sekunden durch. Damit gelang ihm das Kunstst\u00fcck, seine bereits starke Vorrundenzeit noch einmal um eine halbe Sekunde zu verbessern und zugleich einen neuen Schulrekord aufzustellen &#8211; so schnell war noch kein Junge vor ihm! Der bisherige Rekordhalter Robin-Lukas-Fischer hat \u00fcbrigens im vergangenen Jahr sein Abitur gemacht und hatte seinen Rekord von 57,3 Sekunden im Jahr 2017 aufgestellt.<\/p>\n<figure id=\"attachment_21308\" aria-describedby=\"caption-attachment-21308\" style=\"width: 1663px\" class=\"wp-caption alignnone\"><a href=\"https:\/\/max-emden.de\/wordpress\/wp-content\/uploads\/2026\/03\/K1024_20260312_131947.jpg\"><img decoding=\"async\" class=\"wp-image-21308 size-full\" src=\"https:\/\/max-emden.de\/wordpress\/wp-content\/uploads\/2026\/03\/K1024_20260312_131947.jpg\" alt=\"\" width=\"1663\" height=\"768\" srcset=\"https:\/\/max-emden.de\/wordpress\/wp-content\/uploads\/2026\/03\/K1024_20260312_131947.jpg 1663w, https:\/\/max-emden.de\/wordpress\/wp-content\/uploads\/2026\/03\/K1024_20260312_131947-300x139.jpg 300w, https:\/\/max-emden.de\/wordpress\/wp-content\/uploads\/2026\/03\/K1024_20260312_131947-1024x473.jpg 1024w, https:\/\/max-emden.de\/wordpress\/wp-content\/uploads\/2026\/03\/K1024_20260312_131947-768x355.jpg 768w, https:\/\/max-emden.de\/wordpress\/wp-content\/uploads\/2026\/03\/K1024_20260312_131947-1536x709.jpg 1536w\" sizes=\"(max-width: 1663px) 100vw, 1663px\" \/><\/a><figcaption id=\"caption-attachment-21308\" class=\"wp-caption-text\">Zum 14. Mal gab es Urkunden, Pokale und Medaillen!<\/figcaption><\/figure>\n<p data-start=\"452\" data-end=\"931\">Bei den M\u00e4dchen \u00fcberzeugte Merle Stiehm mit einer noch eindrucksvolleren Steigerung: Nach 1:02,1 Minuten in der Vorrunde steigerte sie sich im Finale auf 59,7 Sekunden und sicherte sich damit ebenfalls den Pokal f\u00fcr den Jahrgangssieg &#8211; ebenfalls eine der besten Zeiten in der Geschichte der Max-Ergometer-ReGaTta!<\/p>\n<figure id=\"attachment_21302\" aria-describedby=\"caption-attachment-21302\" style=\"width: 2445px\" class=\"wp-caption alignnone\"><a href=\"https:\/\/max-emden.de\/wordpress\/wp-content\/uploads\/2026\/03\/20260312_131644.jpg\"><img loading=\"lazy\" decoding=\"async\" class=\"wp-image-21302 size-full\" src=\"https:\/\/max-emden.de\/wordpress\/wp-content\/uploads\/2026\/03\/20260312_131644.jpg\" alt=\"\" width=\"2445\" height=\"1130\" srcset=\"https:\/\/max-emden.de\/wordpress\/wp-content\/uploads\/2026\/03\/20260312_131644.jpg 2445w, https:\/\/max-emden.de\/wordpress\/wp-content\/uploads\/2026\/03\/20260312_131644-300x139.jpg 300w, https:\/\/max-emden.de\/wordpress\/wp-content\/uploads\/2026\/03\/20260312_131644-1024x473.jpg 1024w, https:\/\/max-emden.de\/wordpress\/wp-content\/uploads\/2026\/03\/20260312_131644-768x355.jpg 768w, https:\/\/max-emden.de\/wordpress\/wp-content\/uploads\/2026\/03\/20260312_131644-1536x710.jpg 1536w, https:\/\/max-emden.de\/wordpress\/wp-content\/uploads\/2026\/03\/20260312_131644-2048x947.jpg 2048w\" sizes=\"(max-width: 2445px) 100vw, 2445px\" \/><\/a><figcaption id=\"caption-attachment-21302\" class=\"wp-caption-text\"><em>Die schnellsten Ruderer: Merle Stiehm und der neue Schulrekordinhaber Clemens L\u00f6per lagen am Ende ganz vorn.<\/em><\/figcaption><\/figure>\n<p data-start=\"933\" data-end=\"1183\">Doch nicht nur in den Einzelrennen gab es starke Leistungen. Nachdem die Klassen zuvor ihre schnellsten Fahrerinnen und Fahrer ermittelt hatten, traten diese anschlie\u00dfend als Vierer-Teams in den Staffelwettbewerben an. Bei den M\u00e4dchen setzte sich am Ende die Klasse 5a durch, w\u00e4hrend bei der Jungenstaffel die 5a vorne lag. Der Sieg in der Mixed-Staffel ging\u00a0 an die 5d.<\/p>\n<figure id=\"attachment_21303\" aria-describedby=\"caption-attachment-21303\" style=\"width: 1663px\" class=\"wp-caption alignnone\"><a href=\"https:\/\/max-emden.de\/wordpress\/wp-content\/uploads\/2026\/03\/K1024_20260312_1317410.jpg\"><img loading=\"lazy\" decoding=\"async\" class=\"wp-image-21303 size-full\" src=\"https:\/\/max-emden.de\/wordpress\/wp-content\/uploads\/2026\/03\/K1024_20260312_1317410.jpg\" alt=\"\" width=\"1663\" height=\"768\" srcset=\"https:\/\/max-emden.de\/wordpress\/wp-content\/uploads\/2026\/03\/K1024_20260312_1317410.jpg 1663w, https:\/\/max-emden.de\/wordpress\/wp-content\/uploads\/2026\/03\/K1024_20260312_1317410-300x139.jpg 300w, https:\/\/max-emden.de\/wordpress\/wp-content\/uploads\/2026\/03\/K1024_20260312_1317410-1024x473.jpg 1024w, https:\/\/max-emden.de\/wordpress\/wp-content\/uploads\/2026\/03\/K1024_20260312_1317410-768x355.jpg 768w, https:\/\/max-emden.de\/wordpress\/wp-content\/uploads\/2026\/03\/K1024_20260312_1317410-1536x709.jpg 1536w\" sizes=\"(max-width: 1663px) 100vw, 1663px\" \/><\/a><figcaption id=\"caption-attachment-21303\" class=\"wp-caption-text\"><em>Die M\u00e4dchen-Staffel der 5c freute sich \u00fcber ihren Sieg.<\/em><\/figcaption><\/figure>\n<p data-start=\"1373\" data-end=\"1734\">Eine besondere Neuerung gab es in diesem Jahr mit dem erstmals ausgetragenen Staffelcup. Hier traten jeweils neun Ruderinnen und Ruderer pro Klasse an. Eine Fahrtstrecke von insgesamt 2250 Metern und acht Wechsel sorgten f\u00fcr ein spannendes Rennen, an dessen Ende sich die 5a durchsetzen konnte. Ihr Klassenname wird k\u00fcnftig auf dem neuen Staffelcup-Pokal verewigt.<\/p>\n<figure id=\"attachment_21306\" aria-describedby=\"caption-attachment-21306\" style=\"width: 1662px\" class=\"wp-caption alignnone\"><a href=\"https:\/\/max-emden.de\/wordpress\/wp-content\/uploads\/2026\/03\/K1024_20260312_132757.jpg\"><img loading=\"lazy\" decoding=\"async\" class=\"wp-image-21306 size-full\" src=\"https:\/\/max-emden.de\/wordpress\/wp-content\/uploads\/2026\/03\/K1024_20260312_132757.jpg\" alt=\"\" width=\"1662\" height=\"768\" srcset=\"https:\/\/max-emden.de\/wordpress\/wp-content\/uploads\/2026\/03\/K1024_20260312_132757.jpg 1662w, https:\/\/max-emden.de\/wordpress\/wp-content\/uploads\/2026\/03\/K1024_20260312_132757-300x139.jpg 300w, https:\/\/max-emden.de\/wordpress\/wp-content\/uploads\/2026\/03\/K1024_20260312_132757-1024x473.jpg 1024w, https:\/\/max-emden.de\/wordpress\/wp-content\/uploads\/2026\/03\/K1024_20260312_132757-768x355.jpg 768w, https:\/\/max-emden.de\/wordpress\/wp-content\/uploads\/2026\/03\/K1024_20260312_132757-1536x710.jpg 1536w\" sizes=\"(max-width: 1662px) 100vw, 1662px\" \/><\/a><figcaption id=\"caption-attachment-21306\" class=\"wp-caption-text\"><em>Ein neuer Pokal f\u00fcr einen neuen Wettbewerb &#8211; der Staffel-Cup!<\/em><\/figcaption><\/figure>\n<p data-start=\"1736\" data-end=\"1931\">Dar\u00fcber hinaus ruderten die Klassen ihre Zeiten f\u00fcr den bundesweiten Wettbewerb \u201eSchnellste Klasse Deutschlands\u201c, der seit vielen Jahren von der Deutschen Ruderjugend ausgerichtet wird. Dabei werden die acht schnellsten Zeiten einer Klasse addiert, wobei es keine Geschlechtertrennung gibt. Im Jahrgang 5 erzielte die 5c mit 8:37,8 Minuten die schnellste Zeit, w\u00e4hrend in Jahrgang 6 die 6a mit 8:11,2 Minuten vorne lag.<\/p>\n<figure id=\"attachment_21304\" aria-describedby=\"caption-attachment-21304\" style=\"width: 1663px\" class=\"wp-caption alignnone\"><a href=\"https:\/\/max-emden.de\/wordpress\/wp-content\/uploads\/2026\/03\/K1024_20260312_124753.jpg\"><img loading=\"lazy\" decoding=\"async\" class=\"wp-image-21304 size-full\" src=\"https:\/\/max-emden.de\/wordpress\/wp-content\/uploads\/2026\/03\/K1024_20260312_124753.jpg\" alt=\"\" width=\"1663\" height=\"768\" srcset=\"https:\/\/max-emden.de\/wordpress\/wp-content\/uploads\/2026\/03\/K1024_20260312_124753.jpg 1663w, https:\/\/max-emden.de\/wordpress\/wp-content\/uploads\/2026\/03\/K1024_20260312_124753-300x139.jpg 300w, https:\/\/max-emden.de\/wordpress\/wp-content\/uploads\/2026\/03\/K1024_20260312_124753-1024x473.jpg 1024w, https:\/\/max-emden.de\/wordpress\/wp-content\/uploads\/2026\/03\/K1024_20260312_124753-768x355.jpg 768w, https:\/\/max-emden.de\/wordpress\/wp-content\/uploads\/2026\/03\/K1024_20260312_124753-1536x709.jpg 1536w\" sizes=\"(max-width: 1663px) 100vw, 1663px\" \/><\/a><figcaption id=\"caption-attachment-21304\" class=\"wp-caption-text\"><em>Spannung bei den Rennen.<\/em><\/figcaption><\/figure>\n<p data-start=\"1736\" data-end=\"1931\">Ein echtes Ausrufezeichen setzte die 7c: Acht starke Einzelleistungen f\u00fchrten zu einer hervorragenden Gesamtzeit von 7:04,7 Minuten &#8211; ein echtes Ausrufezeichen, denn noch nie gab es eine bessere Zeit! Der bisherige Rekord lag \u00fcbrigens bei 7:15,1 Minuten und stammte aus dem Jahr 2012. Alle Ergebnisse werden nun an die Deutsche Ruderjugend \u00fcbermittelt. Mit Spannung wird erwartet, auf welchen Pl\u00e4tzen sich die Ruderinnen und Ruderer des Max-Windm\u00fcller-Gymnasiums im bundesweiten Vergleich wiederfinden werden.<\/p>\n<figure id=\"attachment_21305\" aria-describedby=\"caption-attachment-21305\" style=\"width: 1662px\" class=\"wp-caption alignnone\"><a href=\"https:\/\/max-emden.de\/wordpress\/wp-content\/uploads\/2026\/03\/K1024_20260312_122517.jpg\"><img loading=\"lazy\" decoding=\"async\" class=\"wp-image-21305 size-full\" src=\"https:\/\/max-emden.de\/wordpress\/wp-content\/uploads\/2026\/03\/K1024_20260312_122517.jpg\" alt=\"\" width=\"1662\" height=\"768\" srcset=\"https:\/\/max-emden.de\/wordpress\/wp-content\/uploads\/2026\/03\/K1024_20260312_122517.jpg 1662w, https:\/\/max-emden.de\/wordpress\/wp-content\/uploads\/2026\/03\/K1024_20260312_122517-300x139.jpg 300w, https:\/\/max-emden.de\/wordpress\/wp-content\/uploads\/2026\/03\/K1024_20260312_122517-1024x473.jpg 1024w, https:\/\/max-emden.de\/wordpress\/wp-content\/uploads\/2026\/03\/K1024_20260312_122517-768x355.jpg 768w, https:\/\/max-emden.de\/wordpress\/wp-content\/uploads\/2026\/03\/K1024_20260312_122517-1536x710.jpg 1536w\" sizes=\"(max-width: 1662px) 100vw, 1662px\" \/><\/a><figcaption id=\"caption-attachment-21305\" class=\"wp-caption-text\"><em>Zum Schluss wurden die Staffeln ausgefahren.<\/em><\/figcaption><\/figure>\n<p data-start=\"2428\" data-end=\"2914\">M\u00f6glich gemacht wurde die Veranstaltung durch die enge Kooperation mit dem Emder Ruderverein sowie durch die tatkr\u00e4ftige Unterst\u00fctzung zahlreicher Ruderpatinnen und Ruderpaten, die den gesamten Vormittag vor Ort waren und die Klassen begleiteten:<br data-start=\"2682\" data-end=\"2685\" \/>Onno Trapp, Thade Heeren, Nina Wojcicka, Leevke Schmitz, Kaloyan Dobrev, Jonah Janssen, Johann Wildeboer, Hannah Diekmann, Anna-Sophie Arends, Melina Cornelius, Julia Dietrich, Frederik Jabin, Mieke Mattenklott und Beeke Siemens.<\/p>\n<p data-start=\"2916\" data-end=\"2980\" data-is-last-node=\"\" data-is-only-node=\"\">Herzlichen Dank f\u00fcr die gro\u00dfartige Unterst\u00fctzung!<\/p>\n<p data-start=\"2916\" data-end=\"2980\" data-is-last-node=\"\" data-is-only-node=\"\"><a href=\"https:\/\/max-emden.de\/wordpress\/wp-content\/uploads\/2026\/03\/Ergo-ReGaTta-Rennplan-2026-mit-Ergebnissen.pdf\">Ergo-ReGaTta Rennplan 2026 mit Ergebnissen<\/a><\/p>\n","protected":false},"excerpt":{"rendered":"<p>Gro\u00dfe Begeisterung, spannende Rennen und beeindruckende Leistungen pr\u00e4gten am Donnerstag die 14. Ergometer-Regatta des Max-Windm\u00fcller-Gymnasiums. Besonders im f\u00fcnften Jahrgang wurden au\u00dfergew\u00f6hnliche Zeiten erzielt: Sowohl die<a class=\"moretag\" href=\"https:\/\/max-emden.de\/wordpress\/14-ergometer-regatta-am-max-brachte-neue-schulrekorde\/\"> [&#8230;]<\/a><\/p>\n","protected":false},"author":3,"featured_media":21301,"comment_status":"closed","ping_status":"closed","sticky":false,"template":"","format":"standard","meta":{"footnotes":""},"categories":[106,64,13,1],"tags":[96],"class_list":["post-21299","post","type-post","status-publish","format-standard","has-post-thumbnail","hentry","category-aktuell","category-ergometer-regatta","category-rudergymnasium","category-uncategorized","tag-aktuell"],"_links":{"self":[{"href":"https:\/\/max-emden.de\/wordpress\/wp-json\/wp\/v2\/posts\/21299","targetHints":{"allow":["GET"]}}],"collection":[{"href":"https:\/\/max-emden.de\/wordpress\/wp-json\/wp\/v2\/posts"}],"about":[{"href":"https:\/\/max-emden.de\/wordpress\/wp-json\/wp\/v2\/types\/post"}],"author":[{"embeddable":true,"href":"https:\/\/max-emden.de\/wordpress\/wp-json\/wp\/v2\/users\/3"}],"replies":[{"embeddable":true,"href":"https:\/\/max-emden.de\/wordpress\/wp-json\/wp\/v2\/comments?post=21299"}],"version-history":[{"count":7,"href":"https:\/\/max-emden.de\/wordpress\/wp-json\/wp\/v2\/posts\/21299\/revisions"}],"predecessor-version":[{"id":21315,"href":"https:\/\/max-emden.de\/wordpress\/wp-json\/wp\/v2\/posts\/21299\/revisions\/21315"}],"wp:featuredmedia":[{"embeddable":true,"href":"https:\/\/max-emden.de\/wordpress\/wp-json\/wp\/v2\/media\/21301"}],"wp:attachment":[{"href":"https:\/\/max-emden.de\/wordpress\/wp-json\/wp\/v2\/media?parent=21299"}],"wp:term":[{"taxonomy":"category","embeddable":true,"href":"https:\/\/max-emden.de\/wordpress\/wp-json\/wp\/v2\/categories?post=21299"},{"taxonomy":"post_tag","embeddable":true,"href":"https:\/\/max-emden.de\/wordpress\/wp-json\/wp\/v2\/tags?post=21299"}],"curies":[{"name":"wp","href":"https:\/\/api.w.org\/{rel}","templated":true}]}}