{"id":21334,"date":"2026-03-18T18:38:09","date_gmt":"2026-03-18T17:38:09","guid":{"rendered":"https:\/\/max-emden.de\/wordpress\/?p=21334"},"modified":"2026-04-08T20:12:33","modified_gmt":"2026-04-08T18:12:33","slug":"max-erfolgreich-beim-wettbewerb-informatik-biber","status":"publish","type":"post","link":"https:\/\/max-emden.de\/wordpress\/max-erfolgreich-beim-wettbewerb-informatik-biber\/","title":{"rendered":"Max erfolgreich beim Wettbewerb &#8222;Informatik-Biber&#8220;"},"content":{"rendered":"<p>Das Max konnte auch in diesem Schuljahr einen neuen Teilnahme-Rekord beim Biber-Wettbewerb der Bundesweiten Informatikwettbewerbe (BWINF) aufstellen. Insgesamt nahmen 159 Sch\u00fclerinnen und Sch\u00fclern teil. Neben mehreren Informatikkursen der Jahrg\u00e4nge 9-13 beteiligte sich auch die Informatik-AG der Jahrg\u00e4nge 6-8.<\/p>\n<p><a href=\"https:\/\/max-emden.de\/wordpress\/wp-content\/uploads\/2026\/03\/20260317_212649-scaled.jpg\"><img fetchpriority=\"high\" decoding=\"async\" class=\"alignnone wp-image-21335 size-full\" src=\"https:\/\/max-emden.de\/wordpress\/wp-content\/uploads\/2026\/03\/20260317_212649-scaled.jpg\" alt=\"\" width=\"2560\" height=\"1965\" srcset=\"https:\/\/max-emden.de\/wordpress\/wp-content\/uploads\/2026\/03\/20260317_212649-scaled.jpg 2560w, https:\/\/max-emden.de\/wordpress\/wp-content\/uploads\/2026\/03\/20260317_212649-300x230.jpg 300w, https:\/\/max-emden.de\/wordpress\/wp-content\/uploads\/2026\/03\/20260317_212649-1024x786.jpg 1024w, https:\/\/max-emden.de\/wordpress\/wp-content\/uploads\/2026\/03\/20260317_212649-768x589.jpg 768w, https:\/\/max-emden.de\/wordpress\/wp-content\/uploads\/2026\/03\/20260317_212649-1536x1179.jpg 1536w, https:\/\/max-emden.de\/wordpress\/wp-content\/uploads\/2026\/03\/20260317_212649-2048x1572.jpg 2048w\" sizes=\"(max-width: 2560px) 100vw, 2560px\" \/><\/a><\/p>\n<p>Einen tollen ersten Preis erreichten dabei Tom Gr\u00f6nniger, Tom Poets (6d) und Benjamin Benner (8d) aus der Informatik-AG sowie Nadja Strehle (Leistungskurs, Jg.12).<br \/>\nBen Stange und Jana Arends (6c), Annika Fokken und Amelie Ble\u00df (10b), Johanna J\u00fcrgens und Jule Zwingmann (10c) sowie Maximilian Roskam und Leon Redenius (Leistungskurs, Jg.12) d\u00fcrfen sich \u00fcber einen zweiten Preis freuen.<\/p>\n<p>Die Fachgruppe Informatik gratuliert allen Teilnehmenden herzlich zu ihrem Erfolg!<\/p>\n<p style=\"text-align: right;\">(L<span title=\"meike.loermann@max-emden.net\" data-v-c40321a2=\"\" aria-hidden=\"true\">oermann 03\/26)<\/span><\/p>\n","protected":false},"excerpt":{"rendered":"<p>Das Max konnte auch in diesem Schuljahr einen neuen Teilnahme-Rekord beim Biber-Wettbewerb der Bundesweiten Informatikwettbewerbe (BWINF) aufstellen. Insgesamt nahmen 159 Sch\u00fclerinnen und Sch\u00fclern teil. Neben<a class=\"moretag\" href=\"https:\/\/max-emden.de\/wordpress\/max-erfolgreich-beim-wettbewerb-informatik-biber\/\"> [&#8230;]<\/a><\/p>\n","protected":false},"author":19,"featured_media":21335,"comment_status":"closed","ping_status":"closed","sticky":false,"template":"","format":"standard","meta":{"footnotes":""},"categories":[106,34],"tags":[],"class_list":["post-21334","post","type-post","status-publish","format-standard","has-post-thumbnail","hentry","category-aktuell","category-informatik"],"_links":{"self":[{"href":"https:\/\/max-emden.de\/wordpress\/wp-json\/wp\/v2\/posts\/21334","targetHints":{"allow":["GET"]}}],"collection":[{"href":"https:\/\/max-emden.de\/wordpress\/wp-json\/wp\/v2\/posts"}],"about":[{"href":"https:\/\/max-emden.de\/wordpress\/wp-json\/wp\/v2\/types\/post"}],"author":[{"embeddable":true,"href":"https:\/\/max-emden.de\/wordpress\/wp-json\/wp\/v2\/users\/19"}],"replies":[{"embeddable":true,"href":"https:\/\/max-emden.de\/wordpress\/wp-json\/wp\/v2\/comments?post=21334"}],"version-history":[{"count":1,"href":"https:\/\/max-emden.de\/wordpress\/wp-json\/wp\/v2\/posts\/21334\/revisions"}],"predecessor-version":[{"id":21336,"href":"https:\/\/max-emden.de\/wordpress\/wp-json\/wp\/v2\/posts\/21334\/revisions\/21336"}],"wp:featuredmedia":[{"embeddable":true,"href":"https:\/\/max-emden.de\/wordpress\/wp-json\/wp\/v2\/media\/21335"}],"wp:attachment":[{"href":"https:\/\/max-emden.de\/wordpress\/wp-json\/wp\/v2\/media?parent=21334"}],"wp:term":[{"taxonomy":"category","embeddable":true,"href":"https:\/\/max-emden.de\/wordpress\/wp-json\/wp\/v2\/categories?post=21334"},{"taxonomy":"post_tag","embeddable":true,"href":"https:\/\/max-emden.de\/wordpress\/wp-json\/wp\/v2\/tags?post=21334"}],"curies":[{"name":"wp","href":"https:\/\/api.w.org\/{rel}","templated":true}]}}