{"id":21361,"date":"2026-03-20T22:07:29","date_gmt":"2026-03-20T21:07:29","guid":{"rendered":"https:\/\/max-emden.de\/wordpress\/?p=21361"},"modified":"2026-04-16T09:41:47","modified_gmt":"2026-04-16T07:41:47","slug":"hallensportfest-mit-viel-ehrgeiz-und-teamgeist","status":"publish","type":"post","link":"https:\/\/max-emden.de\/wordpress\/hallensportfest-mit-viel-ehrgeiz-und-teamgeist\/","title":{"rendered":"Hallensportfest mit viel Ehrgeiz und Teamgeist"},"content":{"rendered":"<p>Kurz vor den Ferien fand am 18.03. das Hallensportfest statt, bei dem die Jahrg\u00e4nge 5<br \/>\nbis 10 in verschiedenen Sportarten an unterschiedlichen Austragungsorten in Emden<br \/>\ngegeneinander antraten. W\u00e4hrend der 5. Jahrgang in der BBS II V\u00f6lkerball spielte,<br \/>\nabsolvierte der 6. Jahrgang seine Fu\u00dfballspiele im Herrentor. Die Siebtkl\u00e4ssler*innen<br \/>\ntraten in der Max-Halle im Unihockey an, w\u00e4hrend der Jahrgang 8 ebenfalls in der BBS<br \/>\nII Handball spielte. Der 9. Jahrgang ma\u00df sich im Basketball am Gr\u00fcnen Weg und der<br \/>\n10. Jahrgang trug seine Volleyballspiele in Borssum aus. Die Motivation und Vorfreude<br \/>\nwaren in allen Klassenstufen sehr hoch, die Wettkampflaune ausgezeichnet. Alle<br \/>\nLehrkr\u00e4fte berichten im Folgenden von intensiven Wettk\u00e4mpfen und engen Spielen,<br \/>\naber auch von Fairness und R\u00fccksicht:<\/p>\n<p><strong>V\u00f6lkerball in Jahrgang 5<\/strong><br \/>\nEs wird erfahrungsgem\u00e4\u00df laut in der Halle, wenn vier f\u00fcnfte Klassen beim V\u00f6lkerball auf<br \/>\nje zwei Feldern gegeneinander antreten. Es fliegen Anfeuerungsrufe, taktische<br \/>\nAnweisungen und emotionale Ausrufe quasi sek\u00fcndlich \u00fcber die Felder. In diesem Jahr<br \/>\nwar dies nicht anders. Hervorzuheben ist allerdings, wie fair und vertr\u00e4glich die<br \/>\nSch\u00fclerinnen und Sch\u00fcler miteinander umgingen.<\/p>\n<p>Wenn auf zwei Feldern gleichzeitig je zwei B\u00e4lle durch die Gegend fliegen, kann es<br \/>\nschon mal hitzig und f\u00fcr die Schiedsrichter kaum \u00fcberschaubar werden. Umso<br \/>\nwichtiger ist ein fairer und r\u00fccksichtsvoller Umgang miteinander, damit der Spa\u00df am<br \/>\nSpiel und nicht Frust und \u00fcbertriebener Ehrgeiz \u00fcberhand nehmen. Das gelang den<br \/>\nvier Klassen hervorragend und so waren die f\u00fcnf Stunden Spielzeit i.d.R. gef\u00fcllt mit<br \/>\nfreudvollen, z.T. sehr engen und sich immer wieder wechselnden Spielsituationen.<br \/>\nSpannung war also garantiert, zumal die zwei Teams einer Klasse zum Schluss in eine<br \/>\ngemeinsame Klassenwertung eingingen.<\/p>\n<p><a href=\"https:\/\/max-emden.de\/wordpress\/wp-content\/uploads\/2026\/03\/Sportfest7.png\"><img fetchpriority=\"high\" decoding=\"async\" class=\"alignnone wp-image-21365 size-full\" src=\"https:\/\/max-emden.de\/wordpress\/wp-content\/uploads\/2026\/03\/Sportfest7.png\" alt=\"\" width=\"945\" height=\"562\" srcset=\"https:\/\/max-emden.de\/wordpress\/wp-content\/uploads\/2026\/03\/Sportfest7.png 945w, https:\/\/max-emden.de\/wordpress\/wp-content\/uploads\/2026\/03\/Sportfest7-300x178.png 300w, https:\/\/max-emden.de\/wordpress\/wp-content\/uploads\/2026\/03\/Sportfest7-768x457.png 768w\" sizes=\"(max-width: 945px) 100vw, 945px\" \/><\/a><\/p>\n<p>In der Vorrunde, in der im Modus \u201eJeder gegen Jeden\u201c jedes Team insgesamt sieben<br \/>\nMal antreten musste, wurden die Pl\u00e4tze der Finalspiele ermittelt.<br \/>\nDabei kristallisierten sich zum Schluss drei Spitzenteams heraus, die Kopf an Kopf um<br \/>\ndas Spiel um Platz 1 k\u00e4mpften. Letztlich setzten sich die Teams 5b-1 und 5c-2 als<br \/>\nVorrundensieger durch, ganz knapp vor dem Team der 5d-2.<br \/>\nIm kleinen Finale um Platz 7 kam es zwischen 5a-2 und 5b-2 zu einem Unentschieden,<br \/>\nsodass es zwei siebte Pl\u00e4tze gab. Im Spiel um Platz 5 setzte sich 5a-1 gegen 5d-1 durch.<br \/>\nDas erste gro\u00dfe Finale um Platz drei bestritten 5c-1 gegen die 5d-2. Hier konnte sich<br \/>\ndas Team der Klasse 5d durchsetzen.<br \/>\nDamit war klar, dass die drei besten Vorrundenteams auch die ersten drei Pl\u00e4tze in den<br \/>\nFinals best\u00e4tigen konnten. In einem hochklassigen und sehr wechselhaften Finale<br \/>\nkonnte sich letztlich das beste Vorrundenteam, 5b-1, gegen 5c-2 durchsetzen und die<br \/>\nTeamwertung f\u00fcr sich entscheiden.<br \/>\nSpannend wurde es noch einmal bei der Verk\u00fcndung der Klassenwertung: Hier lag<br \/>\naufgrund der besseren Platzierung des zweiten Teams die 5c ganz vorne, gefolgt von<br \/>\nder 5b auf einem zweiten, der 5d auf einem dritten und der 5a auf dem vierten Platz.<\/p>\n<p><a href=\"https:\/\/max-emden.de\/wordpress\/wp-content\/uploads\/2026\/03\/Sportfest6.png\"><img decoding=\"async\" class=\"alignnone wp-image-21370 size-full\" src=\"https:\/\/max-emden.de\/wordpress\/wp-content\/uploads\/2026\/03\/Sportfest6.png\" alt=\"\" width=\"945\" height=\"614\" srcset=\"https:\/\/max-emden.de\/wordpress\/wp-content\/uploads\/2026\/03\/Sportfest6.png 945w, https:\/\/max-emden.de\/wordpress\/wp-content\/uploads\/2026\/03\/Sportfest6-300x195.png 300w, https:\/\/max-emden.de\/wordpress\/wp-content\/uploads\/2026\/03\/Sportfest6-768x499.png 768w\" sizes=\"(max-width: 945px) 100vw, 945px\" \/><\/a><br \/>\nAllen Beteiligten einen gro\u00dfen Dank f\u00fcr die freudvolle und engagierte Atmosph\u00e4re.<br \/>\nDies war eine gelungene Vorlage f\u00fcr eine Wiederholung im n\u00e4chsten Jahr.<\/p>\n<p style=\"text-align: left;\"><strong>Fu\u00dfball in Klasse 6<\/strong><br \/>\nUnter der souver\u00e4nen Leitung unserer drei Schiedsrichter*innen Deike-Sophie Miege,<br \/>\nThees J\u00fcrrens und Jonas L\u00fcbben (JG 12) fanden heute Vormittag in der Herrentorhalle<br \/>\ndie diesj\u00e4hrigen Jahrgangsmeisterschaften Fu\u00dfball der 6. Klassen statt.<br \/>\nUnter den ohrenbet\u00e4ubenden Anfeuerungen der jeweiligen Klassenkamerad*innen<br \/>\nentwickelten sich zum Teil hochklassige, zumeist sehr spannende Duelle zwischen den<br \/>\nM\u00e4dchen-, den Jungen- und den Mixed-Mannschaften der vier teilnehmenden<br \/>\nKlassen.<\/p>\n<p style=\"text-align: left;\"><a href=\"https:\/\/max-emden.de\/wordpress\/wp-content\/uploads\/2026\/03\/Sportfest4.png\"><img decoding=\"async\" class=\"alignnone wp-image-21368 size-full\" src=\"https:\/\/max-emden.de\/wordpress\/wp-content\/uploads\/2026\/03\/Sportfest4.png\" alt=\"\" width=\"912\" height=\"531\" srcset=\"https:\/\/max-emden.de\/wordpress\/wp-content\/uploads\/2026\/03\/Sportfest4.png 912w, https:\/\/max-emden.de\/wordpress\/wp-content\/uploads\/2026\/03\/Sportfest4-300x175.png 300w, https:\/\/max-emden.de\/wordpress\/wp-content\/uploads\/2026\/03\/Sportfest4-768x447.png 768w\" sizes=\"(max-width: 912px) 100vw, 912px\" \/><\/a><br \/>\nDie Ergebnisse von zwei der drei Einzel-Turniere (Jungen, M\u00e4dchen, Mixed) waren,<br \/>\nzumindest was die Siegerteams betraf, eindeutige Angelegenheiten:<br \/>\nDie 6b hatte bei den Jungen und bei den Mixed-Teams mit je 3 Siegen aus drei Spielen<br \/>\nklar die Nase vorne und erzielte in beiden Wettbewerben die meisten Tore (+7 bei den<br \/>\nJungen, +8 bei den M\u00e4dchen).<br \/>\nBei den M\u00e4dchen-Teams musste hingegen der Taschenrechner her, so knapp ging es<br \/>\nzu:<br \/>\nAm Ende des Vormittags lagen gleich 3 Teams mit je 6 Punkten gleichauf (6a, 6b, 6c),<br \/>\nund 2 Teams verzeichneten auch noch das gleiche Torverh\u00e4ltnis von +3 (6b, 6c) und<br \/>\nsogar der Blick auf die Zahl der erzielten Tore (beide 5:2) brachte keine Klarheit, sodass<br \/>\nschlie\u00dflich der direkte Vergleich beider Mannschaften \u00fcber den Turniersieg<br \/>\nentscheiden musste. Und hier hatte die 6c ihr Spiel gegen die 6b mit 2:0 f\u00fcr sich<br \/>\nentschieden, sodass sie folglich in diesem Wettbewerb die Nase vorne hatte.<br \/>\nDie Addition der Teilergebnisse, aus der die Gesamtsieger-Klasse ermittelt wurde,<br \/>\nbrachte ein eindeutiges Ergebnis:<\/p>\n<ol>\n<li style=\"text-align: left;\"><strong>Platz: 6b<\/strong><\/li>\n<li style=\"text-align: left;\"><strong>Platz: 6c<\/strong><\/li>\n<li style=\"text-align: left;\"><strong>Platz: 6a<\/strong><\/li>\n<li style=\"text-align: left;\"><strong>Platz: 6d<\/strong><\/li>\n<\/ol>\n<p style=\"text-align: left;\">Die abschlie\u00dfende Siegerehrung wurde dann f\u00fcr die Gewinnerklasse zu einem<br \/>\nabsoluten Highlight, konnte die 6b doch ihre Urkunde, einen neuen Klassenball von<br \/>\nunserem Kooperationspartner Werder Bremen und Freikarten f\u00fcr die ganze Klassse f\u00fcr<br \/>\ndas Regionalligaspiel Kickers Emden gegen Werder Bremen 2 am 15.04. in Emden aus<br \/>\nden H\u00e4nden von Michael Igwe, Stammspieler der Regionalliga-Mannschaft und<br \/>\nTrainer unserer Kickers\/Max-Kooperations-AG entgegennehmen.<\/p>\n<p style=\"text-align: left;\"><a href=\"https:\/\/max-emden.de\/wordpress\/wp-content\/uploads\/2026\/03\/Sportfest5.png\"><img loading=\"lazy\" decoding=\"async\" class=\"alignnone wp-image-21369 size-full\" src=\"https:\/\/max-emden.de\/wordpress\/wp-content\/uploads\/2026\/03\/Sportfest5.png\" alt=\"\" width=\"912\" height=\"612\" srcset=\"https:\/\/max-emden.de\/wordpress\/wp-content\/uploads\/2026\/03\/Sportfest5.png 912w, https:\/\/max-emden.de\/wordpress\/wp-content\/uploads\/2026\/03\/Sportfest5-300x201.png 300w, https:\/\/max-emden.de\/wordpress\/wp-content\/uploads\/2026\/03\/Sportfest5-768x515.png 768w\" sizes=\"(max-width: 912px) 100vw, 912px\" \/><\/a><br \/>\nWir danken der Herrentorschule, die uns ihre Sporthalle f\u00fcr den Tag zur Verf\u00fcgung<br \/>\nstellte und ihren eigenen Sportunterricht in die Klassenr\u00e4ume verlegte.<br \/>\nHier die Ergebnisse im Einzelnen:<\/p>\n<p><a href=\"https:\/\/max-emden.de\/wordpress\/wp-content\/uploads\/2026\/03\/Bildschirmfoto-2026-03-20-um-21.49.07.png\"><img loading=\"lazy\" decoding=\"async\" class=\"alignnone wp-image-21362 size-medium\" src=\"https:\/\/max-emden.de\/wordpress\/wp-content\/uploads\/2026\/03\/Bildschirmfoto-2026-03-20-um-21.49.07-250x300.png\" alt=\"\" width=\"250\" height=\"300\" srcset=\"https:\/\/max-emden.de\/wordpress\/wp-content\/uploads\/2026\/03\/Bildschirmfoto-2026-03-20-um-21.49.07-250x300.png 250w, https:\/\/max-emden.de\/wordpress\/wp-content\/uploads\/2026\/03\/Bildschirmfoto-2026-03-20-um-21.49.07-855x1024.png 855w, https:\/\/max-emden.de\/wordpress\/wp-content\/uploads\/2026\/03\/Bildschirmfoto-2026-03-20-um-21.49.07-768x920.png 768w, https:\/\/max-emden.de\/wordpress\/wp-content\/uploads\/2026\/03\/Bildschirmfoto-2026-03-20-um-21.49.07.png 958w\" sizes=\"(max-width: 250px) 100vw, 250px\" \/><\/a><\/p>\n<p><a href=\"https:\/\/max-emden.de\/wordpress\/wp-content\/uploads\/2026\/03\/Bildschirmfoto-2026-03-20-um-21.49.41.png\"><img loading=\"lazy\" decoding=\"async\" class=\"alignnone wp-image-21363 size-large\" src=\"https:\/\/max-emden.de\/wordpress\/wp-content\/uploads\/2026\/03\/Bildschirmfoto-2026-03-20-um-21.49.41-e1774039834932-1024x252.png\" alt=\"\" width=\"747\" height=\"184\" srcset=\"https:\/\/max-emden.de\/wordpress\/wp-content\/uploads\/2026\/03\/Bildschirmfoto-2026-03-20-um-21.49.41-e1774039834932-1024x252.png 1024w, https:\/\/max-emden.de\/wordpress\/wp-content\/uploads\/2026\/03\/Bildschirmfoto-2026-03-20-um-21.49.41-e1774039834932-300x74.png 300w, https:\/\/max-emden.de\/wordpress\/wp-content\/uploads\/2026\/03\/Bildschirmfoto-2026-03-20-um-21.49.41-e1774039834932-768x189.png 768w, https:\/\/max-emden.de\/wordpress\/wp-content\/uploads\/2026\/03\/Bildschirmfoto-2026-03-20-um-21.49.41-e1774039834932.png 1262w\" sizes=\"(max-width: 747px) 100vw, 747px\" \/><\/a><\/p>\n<p><strong>Unihockey in Jahrgang 7<\/strong><br \/>\nDas Turnier der 7. Jahrg\u00e4nge, in dem die Sportart Unihockey im Mittelpunkt stand, bot<br \/>\nbot den teilnehmenden Klassen und Teilnehmenden einen spannenden und<br \/>\nintensiven Wettkampftag. Bereits in der Vorrunde zeigten alle Teams gro\u00dfen Einsatz<br \/>\nund k\u00e4mpften um jeden Ball. Die Spiele verliefen \u00fcberwiegend eng und torreich, was<br \/>\nden hohen Ehrgeiz der Mannschaften unterstrich.<\/p>\n<p><a href=\"https:\/\/max-emden.de\/wordpress\/wp-content\/uploads\/2026\/03\/Sportfest1.jpg\"><img loading=\"lazy\" decoding=\"async\" class=\"alignnone wp-image-21364 size-full\" src=\"https:\/\/max-emden.de\/wordpress\/wp-content\/uploads\/2026\/03\/Sportfest1.jpg\" alt=\"\" width=\"454\" height=\"210\" srcset=\"https:\/\/max-emden.de\/wordpress\/wp-content\/uploads\/2026\/03\/Sportfest1.jpg 454w, https:\/\/max-emden.de\/wordpress\/wp-content\/uploads\/2026\/03\/Sportfest1-300x139.jpg 300w\" sizes=\"(max-width: 454px) 100vw, 454px\" \/><\/a><br \/>\nIn der Gruppenphase setzten sich in Gruppe A vor allem die Teams 7c1 und 7b2 durch,<br \/>\nw\u00e4hrend in Gruppe B die Mannschaft 7a3 die st\u00e4rkste Leistung zeigte. Die<br \/>\nBegegnungen waren gepr\u00e4gt von schnellen Spielz\u00fcgen und vielen<br \/>\nTorabschl\u00fcssen. Auch in der Finalrunde blieb das Niveau hoch. Besonders spannend<br \/>\nverliefen die Halbfinalspiele sowie das Finale, in dem sich 7b2 knapp mit 4:3 gegen 7c1<br \/>\ndurchsetzen konnte und somit den Turniersieg sicherte.<\/p>\n<p><a href=\"https:\/\/max-emden.de\/wordpress\/wp-content\/uploads\/2026\/03\/Sportfest2.png\"><img loading=\"lazy\" decoding=\"async\" class=\"alignnone wp-image-21366 size-full\" src=\"https:\/\/max-emden.de\/wordpress\/wp-content\/uploads\/2026\/03\/Sportfest2.png\" alt=\"\" width=\"620\" height=\"620\" srcset=\"https:\/\/max-emden.de\/wordpress\/wp-content\/uploads\/2026\/03\/Sportfest2.png 620w, https:\/\/max-emden.de\/wordpress\/wp-content\/uploads\/2026\/03\/Sportfest2-300x300.png 300w, https:\/\/max-emden.de\/wordpress\/wp-content\/uploads\/2026\/03\/Sportfest2-150x150.png 150w\" sizes=\"(max-width: 620px) 100vw, 620px\" \/><\/a><br \/>\nNeben den sportlichen Leistungen war die Stimmung in der Halle durchweg sehr<br \/>\npositiv. Vor allem auf der Trib\u00fcne herrschte eine mitrei\u00dfende Atmosph\u00e4re:<br \/>\nMitsch\u00fclerinnen und Mitsch\u00fcler feuerten ihre Teams lautstark an und sorgten f\u00fcr<br \/>\nzus\u00e4tzliche Motivation auf dem Spielfeld.<br \/>\nErgebnisse in der \u00dcbersicht:<\/p>\n<ol>\n<li><strong>7b2<\/strong><\/li>\n<li><strong> 7c1<\/strong><\/li>\n<li><strong>7b1<\/strong><\/li>\n<li><strong> 7a3<\/strong><\/li>\n<li><strong>7a1<\/strong><\/li>\n<li><strong> 7a2<\/strong><\/li>\n<li><strong>7b3<\/strong><\/li>\n<li><strong> 7c2<\/strong><\/li>\n<\/ol>\n<p><a href=\"https:\/\/max-emden.de\/wordpress\/wp-content\/uploads\/2026\/03\/Sportfest3.png\"><img loading=\"lazy\" decoding=\"async\" class=\"alignnone wp-image-21367 size-full\" src=\"https:\/\/max-emden.de\/wordpress\/wp-content\/uploads\/2026\/03\/Sportfest3.png\" alt=\"\" width=\"945\" height=\"437\" srcset=\"https:\/\/max-emden.de\/wordpress\/wp-content\/uploads\/2026\/03\/Sportfest3.png 945w, https:\/\/max-emden.de\/wordpress\/wp-content\/uploads\/2026\/03\/Sportfest3-300x139.png 300w, https:\/\/max-emden.de\/wordpress\/wp-content\/uploads\/2026\/03\/Sportfest3-768x355.png 768w\" sizes=\"(max-width: 945px) 100vw, 945px\" \/><\/a><\/p>\n<p><strong>Handball in Jahrgang 8<\/strong><br \/>\nBeim diesj\u00e4hrigen Turnier der 8. Klassen stellte jede Klasse zwei Mannschaften. In der<br \/>\nVorrunde traten diese in zwei Gruppen gegeneinander an und lieferten sich<br \/>\nspannende Spiele um den Einzug in die Finalrunde.<br \/>\nIn Gruppe A konnten sich die Teams der 8b1 und der 8d1 durchsetzen. In Gruppe B<br \/>\nqualifizierten sich die 8c2 sowie die zweite Mannschaft der 8d f\u00fcr die n\u00e4chste Runde.<br \/>\nIn intensiv gef\u00fchrten und hart umk\u00e4mpften Finalrunden setze sich die Klasse 8d durch.<br \/>\nIm Finale kam es schlie\u00dflich zu einem besonderen Duell: Beide Teams der 8d trafen<br \/>\naufeinander und spielten den Turniersieg unter sich aus. Dabei setzte sich die erste<br \/>\nMannschaft der 8d durch und sicherte sich den ersten Platz.<br \/>\nDen dritten Platz belegte die 8c2, w\u00e4hrend die 8b1 den vierten Rang erreichte.<br \/>\nIn der Gesamtwertung der Klassen ergab sich folgendes Ergebnis:<\/p>\n<ol>\n<li><strong>Platz: 8d<\/strong><\/li>\n<li><strong>Platz: 8b<\/strong><\/li>\n<li><strong>Platz: 8c<\/strong><\/li>\n<li><strong>Platz: 8a<\/strong><\/li>\n<\/ol>\n<p>Ein besonderer Dank gilt den Helfern Ole Heinks, der sich extra einen Tag von seinem<br \/>\nPraktikum freistellen lie\u00df, sowie Tomke Boes, die engagiert das Schiedsgericht<br \/>\n\u00fcbernahmen.<\/p>\n<p><strong>Basketball in Jahrgang 9<\/strong><br \/>\nGespielt wurden aufgrund nur weniger M\u00e4dchen in einer Klasse 2 Turniere: Ein Jungen-<br \/>\nTurnier und ein Mixed-Turnier mit 3 M\u00e4dchen auf dem Feld. Der Gesamtsieger aus<br \/>\nbeiden Turnieren wurde die <strong>9d mit 12 Punkten<\/strong>. Die 9a und 9b waren mit 6 Punkten<br \/>\npunktgleich, aufgrund des besseren Korbverh\u00e4ltnisses wurde die 9a zweiter, vierter<br \/>\nwurde die 9c. Es war ein faires Turnier mit einigen knappen Begegnungen.<\/p>\n<p><a href=\"https:\/\/max-emden.de\/wordpress\/wp-content\/uploads\/2026\/03\/Sportfest8-scaled.jpg\"><img loading=\"lazy\" decoding=\"async\" class=\"alignnone wp-image-21371 size-full\" src=\"https:\/\/max-emden.de\/wordpress\/wp-content\/uploads\/2026\/03\/Sportfest8-scaled.jpg\" alt=\"\" width=\"2560\" height=\"1920\" srcset=\"https:\/\/max-emden.de\/wordpress\/wp-content\/uploads\/2026\/03\/Sportfest8-scaled.jpg 2560w, https:\/\/max-emden.de\/wordpress\/wp-content\/uploads\/2026\/03\/Sportfest8-300x225.jpg 300w, https:\/\/max-emden.de\/wordpress\/wp-content\/uploads\/2026\/03\/Sportfest8-1024x768.jpg 1024w, https:\/\/max-emden.de\/wordpress\/wp-content\/uploads\/2026\/03\/Sportfest8-768x576.jpg 768w, https:\/\/max-emden.de\/wordpress\/wp-content\/uploads\/2026\/03\/Sportfest8-1536x1152.jpg 1536w, https:\/\/max-emden.de\/wordpress\/wp-content\/uploads\/2026\/03\/Sportfest8-2048x1536.jpg 2048w\" sizes=\"(max-width: 2560px) 100vw, 2560px\" \/><\/a><br \/>\nLobend zu erw\u00e4hnen ist das 9b Mixed-Team, das das ganze Turnier aufgrund fehlender<br \/>\nSch\u00fclerinnen nur mit 4 Personen auf dem Feld ohne Auswechselspieler bestritten hat<br \/>\nund nicht einmal letzter wurde.<\/p>\n<p><strong>Volleyball in Jahrgang 10<\/strong><br \/>\nDas Volleyballturnier fand in der Halle von BW Borssum in friedlicher, fast chilliger<br \/>\nAtmosph\u00e4re statt. Gespielt wurde vier gegen vier in 2 unterschiedlichen Turnierformen.<br \/>\nJede Klasse konnte Leistungsteams f\u00fcr das sogenannte \u201eLeistungsturnier\u201c melden,<br \/>\nwobei die Klasse 10b gleich drei Mannschaften aufstellte und vielleicht deshalb<br \/>\nletztlich ohne Urkunde nach Hause ging. Abger\u00e4umt hat die 10a, die beim<br \/>\nLeistungsturnier sowohl den 1. auch den 3. Platz belegte (die 10 c belegte hier den 2.<br \/>\nPlatz). Auch im sogenannten \u201eSchleifchenturnier\u201c belegten Max und Frederik aus der<br \/>\n10 a den 1. Platz. Also voller sportlicher Erfolg f\u00fcr die 10a! Das \u201eSchleifchenturnier\u201c<br \/>\n(Schleifchenturnier, weil die unterschiedlichen Schleifchenfarben f\u00fcr angemeldete<br \/>\nfeste Paarungen aus den unterschiedlichen Klassen bestehen und zugelost werden)<br \/>\nist eine Neuerung in der Organisation. Paare, die nicht im \u201eLeistungsturnier\u201c spielen,<br \/>\nwerden einander zugelost und so entstehen Mannschaften, aus unterschiedlichen<br \/>\nKlassen, die mit- und gegeneinander ein Turnier spielen. Dabei nehmen die Paare<br \/>\njeweils die Gewinnpunkte mit. Und \u2026 das Paar mit den meisten Punkten\u2026 gewinnt das<br \/>\nTurnier! Letztlich wurde viel Volleyball gespielt, selbst die Spielpausen wurden<br \/>\nerfreulicherweise zum Spiel in der Runde genutzt, einige hatten ein kleines Picknick<br \/>\ndabei und nicht immer gewannen die besten Techniker! Danke allen Helferlein aus 12<br \/>\nund 13, die zum Gelingen des Turnieres beitragen haben!<\/p>\n","protected":false},"excerpt":{"rendered":"<p>Kurz vor den Ferien fand am 18.03. das Hallensportfest statt, bei dem die Jahrg\u00e4nge 5 bis 10 in verschiedenen Sportarten an unterschiedlichen Austragungsorten in Emden<a class=\"moretag\" href=\"https:\/\/max-emden.de\/wordpress\/hallensportfest-mit-viel-ehrgeiz-und-teamgeist\/\"> [&#8230;]<\/a><\/p>\n","protected":false},"author":19,"featured_media":21369,"comment_status":"closed","ping_status":"closed","sticky":false,"template":"","format":"standard","meta":{"footnotes":""},"categories":[106,52],"tags":[],"class_list":["post-21361","post","type-post","status-publish","format-standard","has-post-thumbnail","hentry","category-aktuell","category-sport"],"_links":{"self":[{"href":"https:\/\/max-emden.de\/wordpress\/wp-json\/wp\/v2\/posts\/21361","targetHints":{"allow":["GET"]}}],"collection":[{"href":"https:\/\/max-emden.de\/wordpress\/wp-json\/wp\/v2\/posts"}],"about":[{"href":"https:\/\/max-emden.de\/wordpress\/wp-json\/wp\/v2\/types\/post"}],"author":[{"embeddable":true,"href":"https:\/\/max-emden.de\/wordpress\/wp-json\/wp\/v2\/users\/19"}],"replies":[{"embeddable":true,"href":"https:\/\/max-emden.de\/wordpress\/wp-json\/wp\/v2\/comments?post=21361"}],"version-history":[{"count":3,"href":"https:\/\/max-emden.de\/wordpress\/wp-json\/wp\/v2\/posts\/21361\/revisions"}],"predecessor-version":[{"id":21511,"href":"https:\/\/max-emden.de\/wordpress\/wp-json\/wp\/v2\/posts\/21361\/revisions\/21511"}],"wp:featuredmedia":[{"embeddable":true,"href":"https:\/\/max-emden.de\/wordpress\/wp-json\/wp\/v2\/media\/21369"}],"wp:attachment":[{"href":"https:\/\/max-emden.de\/wordpress\/wp-json\/wp\/v2\/media?parent=21361"}],"wp:term":[{"taxonomy":"category","embeddable":true,"href":"https:\/\/max-emden.de\/wordpress\/wp-json\/wp\/v2\/categories?post=21361"},{"taxonomy":"post_tag","embeddable":true,"href":"https:\/\/max-emden.de\/wordpress\/wp-json\/wp\/v2\/tags?post=21361"}],"curies":[{"name":"wp","href":"https:\/\/api.w.org\/{rel}","templated":true}]}}