{"id":21574,"date":"2026-04-26T20:17:08","date_gmt":"2026-04-26T18:17:08","guid":{"rendered":"https:\/\/max-emden.de\/wordpress\/?p=21574"},"modified":"2026-04-26T20:17:40","modified_gmt":"2026-04-26T18:17:40","slug":"21574-2","status":"publish","type":"post","link":"https:\/\/max-emden.de\/wordpress\/21574-2\/","title":{"rendered":"Einladung: UNESCO-Projektschulen und Arolsen Archives starten deutschlandweit gemeinsame Initiative"},"content":{"rendered":"<p><a href=\"https:\/\/max-emden.de\/wordpress\/wp-content\/uploads\/2026\/04\/everynamecounts-Symbolbild.jpeg\"><img fetchpriority=\"high\" decoding=\"async\" class=\"alignnone size-full wp-image-21575\" src=\"https:\/\/max-emden.de\/wordpress\/wp-content\/uploads\/2026\/04\/everynamecounts-Symbolbild.jpeg\" alt=\"\" width=\"2000\" height=\"924\" srcset=\"https:\/\/max-emden.de\/wordpress\/wp-content\/uploads\/2026\/04\/everynamecounts-Symbolbild.jpeg 2000w, https:\/\/max-emden.de\/wordpress\/wp-content\/uploads\/2026\/04\/everynamecounts-Symbolbild-300x139.jpeg 300w, https:\/\/max-emden.de\/wordpress\/wp-content\/uploads\/2026\/04\/everynamecounts-Symbolbild-1024x473.jpeg 1024w, https:\/\/max-emden.de\/wordpress\/wp-content\/uploads\/2026\/04\/everynamecounts-Symbolbild-768x355.jpeg 768w, https:\/\/max-emden.de\/wordpress\/wp-content\/uploads\/2026\/04\/everynamecounts-Symbolbild-1536x710.jpeg 1536w\" sizes=\"(max-width: 2000px) 100vw, 2000px\" \/><\/a><\/p>\n<p>Liebe Schulgemeinschaft des Max-Windm\u00fcller-Gymnasiums,<\/p>\n<p>in den kommenden beiden Wochen haben wir als gesamte Schulgemeinschaft einer UNESCO-Projektschule die besondere Gelegenheit, uns an einer internationalen Initiative zu beteiligen und dabei aktiv einen Beitrag zur Erinnerungskultur zu leisten, denn die UNESCO-Projektschulen und Arolsen Archives starten deutschlandweit eine gemeinsame Initiative (mehr dar\u00fcber: <a href=\"https:\/\/max-emden.de\/wordpress\/wp-content\/uploads\/2026\/04\/260420_Pressemitteilung_UNESCO_Schulen_Everynamecounts.pdf\">260420_Pressemitteilung_UNESCO_Schulen_Everynamecounts<\/a>).<\/p>\n<p>Im Rahmen der Aktion #everynamecounts der Arolsen Archives werden historische Dokumente digitalisiert \u2013 in diesem Jahr insbesondere die Frageb\u00f6gen von \u00dcberlebenden des Konzentrationslagers Buchenwald. Ziel ist es, diese wichtigen Zeugnisse zug\u00e4nglich zu machen und damit die Geschichten der Menschen hinter den Dokumenten zu bewahren.<\/p>\n<p>Ein gro\u00dfer Teil der \u00fcber 56.000 Frageb\u00f6gen ist bereits erfasst. Bis zum 8. Mai, dem Jahrestag der Befreiung vom Nationalsozialismus, soll die vollst\u00e4ndige Digitalisierung erreicht werden. Hier k\u00f6nnen wir gemeinsam einen wichtigen Beitrag leisten.<\/p>\n<p>F\u00fcr uns als Max-Windm\u00fcller-Gymnasium hat diese Aktion in diesem Jahr eine ganz besondere Bedeutung: Max Windm\u00fcller selbst war H\u00e4ftling im Konzentrationslager Buchenwald, bevor er auf einen Todesmarsch gezwungen wurde, bei dem er schlie\u00dflich am 21.4.1945 ermordet wurde.<\/p>\n<p>Wir m\u00f6chten Sie und euch alle herzlich einladen, sich an der Aktion des bundesdeutschen Netzwerkes der UNESCO-Projektschulen zu beteiligen \u2013 sei es im Unterricht, zu Hause oder gemeinsam als Familie. Jede digitalisierte Karte tr\u00e4gt dazu bei, die Geschichte eines Menschen sichtbar zu machen.<\/p>\n<p>F\u00fcr eine gemeinsame Teilnahme im Rahmen unseres Schulnetzwerks nutzen Sie bitte folgenden Link:<\/p>\n<p><a href=\"https:\/\/everynamecounts.arolsen-archives.org\/?group_id=gr_JpmFaeemoDiuaoNck9waX\">https:\/\/everynamecounts.arolsen-archives.org\/?group_id=gr_JpmFaeemoDiuaoNck9waX<\/a><\/p>\n<p>Herzlichen Dank an alle, die sich beteiligen!<\/p>\n<p>Mit freundlichen Gr\u00fc\u00dfen<\/p>\n<p>Kai Gembler<\/p>\n<p>&nbsp;<\/p>\n","protected":false},"excerpt":{"rendered":"<p>Liebe Schulgemeinschaft des Max-Windm\u00fcller-Gymnasiums, in den kommenden beiden Wochen haben wir als gesamte Schulgemeinschaft einer UNESCO-Projektschule die besondere Gelegenheit, uns an einer internationalen Initiative zu<a class=\"moretag\" href=\"https:\/\/max-emden.de\/wordpress\/21574-2\/\"> [&#8230;]<\/a><\/p>\n","protected":false},"author":3,"featured_media":21575,"comment_status":"closed","ping_status":"closed","sticky":false,"template":"","format":"standard","meta":{"footnotes":""},"categories":[106,117,9,15,89],"tags":[96],"class_list":["post-21574","post","type-post","status-publish","format-standard","has-post-thumbnail","hentry","category-aktuell","category-keep-the-memory-alive","category-max-windmueller","category-soziale-lernen","category-unesco","tag-aktuell"],"_links":{"self":[{"href":"https:\/\/max-emden.de\/wordpress\/wp-json\/wp\/v2\/posts\/21574","targetHints":{"allow":["GET"]}}],"collection":[{"href":"https:\/\/max-emden.de\/wordpress\/wp-json\/wp\/v2\/posts"}],"about":[{"href":"https:\/\/max-emden.de\/wordpress\/wp-json\/wp\/v2\/types\/post"}],"author":[{"embeddable":true,"href":"https:\/\/max-emden.de\/wordpress\/wp-json\/wp\/v2\/users\/3"}],"replies":[{"embeddable":true,"href":"https:\/\/max-emden.de\/wordpress\/wp-json\/wp\/v2\/comments?post=21574"}],"version-history":[{"count":2,"href":"https:\/\/max-emden.de\/wordpress\/wp-json\/wp\/v2\/posts\/21574\/revisions"}],"predecessor-version":[{"id":21578,"href":"https:\/\/max-emden.de\/wordpress\/wp-json\/wp\/v2\/posts\/21574\/revisions\/21578"}],"wp:featuredmedia":[{"embeddable":true,"href":"https:\/\/max-emden.de\/wordpress\/wp-json\/wp\/v2\/media\/21575"}],"wp:attachment":[{"href":"https:\/\/max-emden.de\/wordpress\/wp-json\/wp\/v2\/media?parent=21574"}],"wp:term":[{"taxonomy":"category","embeddable":true,"href":"https:\/\/max-emden.de\/wordpress\/wp-json\/wp\/v2\/categories?post=21574"},{"taxonomy":"post_tag","embeddable":true,"href":"https:\/\/max-emden.de\/wordpress\/wp-json\/wp\/v2\/tags?post=21574"}],"curies":[{"name":"wp","href":"https:\/\/api.w.org\/{rel}","templated":true}]}}