{"id":21587,"date":"2026-04-27T17:57:48","date_gmt":"2026-04-27T15:57:48","guid":{"rendered":"https:\/\/max-emden.de\/wordpress\/?p=21587"},"modified":"2026-04-27T18:48:15","modified_gmt":"2026-04-27T16:48:15","slug":"einladung-zu-susanne-siegert-lesung-und-gespraech-am-5-5-2026","status":"publish","type":"post","link":"https:\/\/max-emden.de\/wordpress\/einladung-zu-susanne-siegert-lesung-und-gespraech-am-5-5-2026\/","title":{"rendered":"Susanne Siegert &#8211; Eonladung zu Lesung und Gespr\u00e4ch am 5.5.2026"},"content":{"rendered":"<figure id=\"attachment_21590\" aria-describedby=\"caption-attachment-21590\" style=\"width: 1152px\" class=\"wp-caption alignnone\"><a href=\"https:\/\/max-emden.de\/wordpress\/wp-content\/uploads\/2026\/04\/K1024_PIP_urheber7903.jpg\"><img fetchpriority=\"high\" decoding=\"async\" class=\"wp-image-21590 size-full\" src=\"https:\/\/max-emden.de\/wordpress\/wp-content\/uploads\/2026\/04\/K1024_PIP_urheber7903.jpg\" alt=\"\" width=\"1152\" height=\"768\" srcset=\"https:\/\/max-emden.de\/wordpress\/wp-content\/uploads\/2026\/04\/K1024_PIP_urheber7903.jpg 1152w, https:\/\/max-emden.de\/wordpress\/wp-content\/uploads\/2026\/04\/K1024_PIP_urheber7903-300x200.jpg 300w, https:\/\/max-emden.de\/wordpress\/wp-content\/uploads\/2026\/04\/K1024_PIP_urheber7903-1024x683.jpg 1024w, https:\/\/max-emden.de\/wordpress\/wp-content\/uploads\/2026\/04\/K1024_PIP_urheber7903-768x512.jpg 768w\" sizes=\"(max-width: 1152px) 100vw, 1152px\" \/><\/a><figcaption id=\"caption-attachment-21590\" class=\"wp-caption-text\"><em>Kommt am 5. Mai 2026 nach Emden: Susanne Siegert (Bild \u00a9 Ina Lebedjew)<\/em><\/figcaption><\/figure>\n<p data-start=\"0\" data-end=\"511\">F\u00fcr viele junge Menschen findet historische Aufkl\u00e4rung heute nicht mehr nur im Unterricht statt, sondern zunehmend auch in den sozialen Medien. Unter dem Namen \u201eKeine Erinnerungskultur\u201c betreibt <span class=\"hover:entity-accent entity-underline inline cursor-pointer align-baseline\"><span class=\"whitespace-normal\">Susanne Siegert<\/span><\/span> erfolgreiche Kan\u00e4le auf TikTok und Instagram, auf denen sie \u00fcber den Nationalsozialismus, die Shoah und neue Formen des Gedenkens informiert. Mit ihrer Arbeit erreicht sie ein gro\u00dfes Publikum und geh\u00f6rt zu den bekanntesten Stimmen der digitalen Erinnerungskultur in Deutschland.<\/p>\n<p data-start=\"513\" data-end=\"1005\">Mit ihrem Buch <span class=\"hover:entity-accent entity-underline inline cursor-pointer align-baseline\"><span class=\"whitespace-normal\">Gedenken neu denken<\/span><\/span> pl\u00e4diert sie f\u00fcr eine Weiterentwicklung der bisherigen Gedenkarbeit. Im Zentrum steht dabei die Frage, wie Erinnerung heute gestaltet werden kann: weg von einer rein r\u00fcckblickenden Perspektive hin zu einer pluralistischen, aktiven Auseinandersetzung. Sie thematisiert dabei auch weniger bekannte NS-Verbrechen, bislang wenig beachtete Orte sowie vernachl\u00e4ssigte Opfergruppen und betont die Verantwortung der Nachfahren der T\u00e4tergeneration.<\/p>\n<p data-start=\"513\" data-end=\"1005\"><a href=\"https:\/\/max-emden.de\/wordpress\/wp-content\/uploads\/2026\/04\/K1024_ANS_9783492065450_2D.jpg\"><img decoding=\"async\" class=\"alignnone size-full wp-image-21591\" src=\"https:\/\/max-emden.de\/wordpress\/wp-content\/uploads\/2026\/04\/K1024_ANS_9783492065450_2D.jpg\" alt=\"\" width=\"768\" height=\"1223\" srcset=\"https:\/\/max-emden.de\/wordpress\/wp-content\/uploads\/2026\/04\/K1024_ANS_9783492065450_2D.jpg 768w, https:\/\/max-emden.de\/wordpress\/wp-content\/uploads\/2026\/04\/K1024_ANS_9783492065450_2D-188x300.jpg 188w, https:\/\/max-emden.de\/wordpress\/wp-content\/uploads\/2026\/04\/K1024_ANS_9783492065450_2D-643x1024.jpg 643w\" sizes=\"(max-width: 768px) 100vw, 768px\" \/><\/a><\/p>\n<p data-start=\"1007\" data-end=\"1256\">Am <strong data-start=\"1010\" data-end=\"1034\">Dienstag, 05.05.2026<\/strong>, ist Susanne Siegert in Emden zu Gast. Unter dem Titel <strong data-start=\"1090\" data-end=\"1115\">\u201eGedenken neu denken\u201c<\/strong> liest sie von <strong data-start=\"1130\" data-end=\"1153\">19:00 bis 21:00 Uhr<\/strong> im Forum der Volkshochschule aus ihrem Buch und l\u00e4dt im Anschluss zum Gespr\u00e4ch und zur Diskussion ein. Moderiert wird die Veranstaltung von <span class=\"hover:entity-accent entity-underline inline cursor-pointer align-baseline\"><span class=\"whitespace-normal\">Kai Gembler<\/span><\/span>, Lehrer am Max und Vorsitzender der <span class=\"hover:entity-accent entity-underline inline cursor-pointer align-baseline\"><span class=\"whitespace-normal\">Max-Windm\u00fcller-Gesellschaft<\/span><\/span>.<\/p>\n<p data-start=\"1395\" data-end=\"1628\">Die Veranstaltung ist Teil der Vortragsreihe \u201eVielfalt sicher begegnen\u201c und wird im Rahmen der Emder Partnerschaft f\u00fcr Demokratie gef\u00f6rdert durch das <span class=\"hover:entity-accent entity-underline inline cursor-pointer align-baseline\"><span class=\"whitespace-normal\">Bundesministerium f\u00fcr Bildung, Familie, Senioren, Frauen und Jugend<\/span><\/span> sowie das Bundesprogramm \u201eDemokratie leben!\u201c.<\/p>\n<p><strong>In K\u00fcrze: <\/strong><\/p>\n<p><strong>Susanne Siegert: Gedenken neu denken<\/strong><\/p>\n<p><strong>Lesung und Gespr\u00e4ch<\/strong><\/p>\n<p><strong>Datum: 5.5.2026 um 19 Uhr<\/strong><\/p>\n<p><strong>Ort: VHS-Forum Emden<\/strong><\/p>\n<p><strong>Eintritt:<\/strong> frei<br \/>\n<strong>Anmeldung erforderlich:<\/strong> telefonisch unter 04921 9155-0 oder per Mail an info@vhs-emden.de (Kurs-Nr.: 2615102)<\/p>\n<p>Eine Veranstaltung der Vortragsreihe \u201eVielfalt sicher begegnen\u201c der Max-Windm\u00fcller-Gesellschaft Emden e.V.\u00a0Die\u00a0Reihe\u00a0ist Teil der Emder Partnerschaft f\u00fcr Demokratie und wird gef\u00f6rdert vom Bundesministerium f\u00fcr Bildung, Familie, Senioren, Frauen und Jugend im Rahmen des Bundesprogramms &#8222;Demokratie leben!&#8220;.<\/p>\n<p><a href=\"https:\/\/max-emden.de\/wordpress\/wp-content\/uploads\/2026\/04\/BMBFSFJ_DL_mitFoerderzusatz.png\"><img decoding=\"async\" class=\"alignnone size-full wp-image-21498\" src=\"https:\/\/max-emden.de\/wordpress\/wp-content\/uploads\/2026\/04\/BMBFSFJ_DL_mitFoerderzusatz.png\" alt=\"\" width=\"1677\" height=\"568\" srcset=\"https:\/\/max-emden.de\/wordpress\/wp-content\/uploads\/2026\/04\/BMBFSFJ_DL_mitFoerderzusatz.png 1677w, https:\/\/max-emden.de\/wordpress\/wp-content\/uploads\/2026\/04\/BMBFSFJ_DL_mitFoerderzusatz-300x102.png 300w, https:\/\/max-emden.de\/wordpress\/wp-content\/uploads\/2026\/04\/BMBFSFJ_DL_mitFoerderzusatz-1024x347.png 1024w, https:\/\/max-emden.de\/wordpress\/wp-content\/uploads\/2026\/04\/BMBFSFJ_DL_mitFoerderzusatz-768x260.png 768w, https:\/\/max-emden.de\/wordpress\/wp-content\/uploads\/2026\/04\/BMBFSFJ_DL_mitFoerderzusatz-1536x520.png 1536w\" sizes=\"(max-width: 1677px) 100vw, 1677px\" \/><\/a><\/p>\n<p class=\"yiv5265935573MsoNormal\">\n","protected":false},"excerpt":{"rendered":"<p>F\u00fcr viele junge Menschen findet historische Aufkl\u00e4rung heute nicht mehr nur im Unterricht statt, sondern zunehmend auch in den sozialen Medien. Unter dem Namen \u201eKeine<a class=\"moretag\" href=\"https:\/\/max-emden.de\/wordpress\/einladung-zu-susanne-siegert-lesung-und-gespraech-am-5-5-2026\/\"> [&#8230;]<\/a><\/p>\n","protected":false},"author":3,"featured_media":21590,"comment_status":"closed","ping_status":"closed","sticky":false,"template":"","format":"standard","meta":{"footnotes":""},"categories":[106,117,1,89],"tags":[96],"class_list":["post-21587","post","type-post","status-publish","format-standard","has-post-thumbnail","hentry","category-aktuell","category-keep-the-memory-alive","category-uncategorized","category-unesco","tag-aktuell"],"_links":{"self":[{"href":"https:\/\/max-emden.de\/wordpress\/wp-json\/wp\/v2\/posts\/21587","targetHints":{"allow":["GET"]}}],"collection":[{"href":"https:\/\/max-emden.de\/wordpress\/wp-json\/wp\/v2\/posts"}],"about":[{"href":"https:\/\/max-emden.de\/wordpress\/wp-json\/wp\/v2\/types\/post"}],"author":[{"embeddable":true,"href":"https:\/\/max-emden.de\/wordpress\/wp-json\/wp\/v2\/users\/3"}],"replies":[{"embeddable":true,"href":"https:\/\/max-emden.de\/wordpress\/wp-json\/wp\/v2\/comments?post=21587"}],"version-history":[{"count":6,"href":"https:\/\/max-emden.de\/wordpress\/wp-json\/wp\/v2\/posts\/21587\/revisions"}],"predecessor-version":[{"id":21595,"href":"https:\/\/max-emden.de\/wordpress\/wp-json\/wp\/v2\/posts\/21587\/revisions\/21595"}],"wp:featuredmedia":[{"embeddable":true,"href":"https:\/\/max-emden.de\/wordpress\/wp-json\/wp\/v2\/media\/21590"}],"wp:attachment":[{"href":"https:\/\/max-emden.de\/wordpress\/wp-json\/wp\/v2\/media?parent=21587"}],"wp:term":[{"taxonomy":"category","embeddable":true,"href":"https:\/\/max-emden.de\/wordpress\/wp-json\/wp\/v2\/categories?post=21587"},{"taxonomy":"post_tag","embeddable":true,"href":"https:\/\/max-emden.de\/wordpress\/wp-json\/wp\/v2\/tags?post=21587"}],"curies":[{"name":"wp","href":"https:\/\/api.w.org\/{rel}","templated":true}]}}