{"id":21598,"date":"2026-04-28T18:54:57","date_gmt":"2026-04-28T16:54:57","guid":{"rendered":"https:\/\/max-emden.de\/wordpress\/?p=21598"},"modified":"2026-04-28T19:00:04","modified_gmt":"2026-04-28T17:00:04","slug":"erasmus-erstmals-besuch-aus-italien-am-max","status":"publish","type":"post","link":"https:\/\/max-emden.de\/wordpress\/erasmus-erstmals-besuch-aus-italien-am-max\/","title":{"rendered":"ERASMUS+: Erstmals Besuch aus Italien am Max!"},"content":{"rendered":"<figure id=\"attachment_21599\" aria-describedby=\"caption-attachment-21599\" style=\"width: 2048px\" class=\"wp-caption alignnone\"><a href=\"https:\/\/max-emden.de\/wordpress\/wp-content\/uploads\/2026\/04\/WhatsApp-Image-2026-04-24-at-16.21.37-2.jpeg\"><img fetchpriority=\"high\" decoding=\"async\" class=\"wp-image-21599 size-full\" src=\"https:\/\/max-emden.de\/wordpress\/wp-content\/uploads\/2026\/04\/WhatsApp-Image-2026-04-24-at-16.21.37-2.jpeg\" alt=\"\" width=\"2048\" height=\"2048\" srcset=\"https:\/\/max-emden.de\/wordpress\/wp-content\/uploads\/2026\/04\/WhatsApp-Image-2026-04-24-at-16.21.37-2.jpeg 2048w, https:\/\/max-emden.de\/wordpress\/wp-content\/uploads\/2026\/04\/WhatsApp-Image-2026-04-24-at-16.21.37-2-300x300.jpeg 300w, https:\/\/max-emden.de\/wordpress\/wp-content\/uploads\/2026\/04\/WhatsApp-Image-2026-04-24-at-16.21.37-2-1024x1024.jpeg 1024w, https:\/\/max-emden.de\/wordpress\/wp-content\/uploads\/2026\/04\/WhatsApp-Image-2026-04-24-at-16.21.37-2-150x150.jpeg 150w, https:\/\/max-emden.de\/wordpress\/wp-content\/uploads\/2026\/04\/WhatsApp-Image-2026-04-24-at-16.21.37-2-768x768.jpeg 768w, https:\/\/max-emden.de\/wordpress\/wp-content\/uploads\/2026\/04\/WhatsApp-Image-2026-04-24-at-16.21.37-2-1536x1536.jpeg 1536w\" sizes=\"(max-width: 2048px) 100vw, 2048px\" \/><\/a><figcaption id=\"caption-attachment-21599\" class=\"wp-caption-text\"><em>Quasi italienische Verh\u00e4ltnisse &#8211; zumindest was den Sonnenschein anging &#8211; gab es beim Ausflug nach Borkum.<\/em><\/figcaption><\/figure>\n<p>Von Montag bis Donnerstag hatte das MAX G\u00e4ste aus Carcare, Ligurien, Italien. Der Besuch war der erste direkte physische Kontakt zwischen den beiden Schulen. Dieser verlief aber so, als ob man sich schon seit Ewigkeiten kennen w\u00fcrde. Der Nachname des betreuenden Lehrers aus Italien Simone Pellegrini k\u00f6nnte auf Deutsch in einer Sekund\u00e4rbedeutung mit \u201efremd\u201c \u00fcbersetzt werden, was also definitiv unpassend ist: Mit ihm und seiner Kollegin Antonietta Musante waren sofort alle Beteiligten vertraut und \u201eper Du\u201c, wie man zu sagen pflegt.<\/p>\n<figure id=\"attachment_21600\" aria-describedby=\"caption-attachment-21600\" style=\"width: 2048px\" class=\"wp-caption alignnone\"><a href=\"https:\/\/max-emden.de\/wordpress\/wp-content\/uploads\/2026\/04\/WhatsApp-Image-2026-04-24-at-16.21.37-1.jpeg\"><img decoding=\"async\" class=\"wp-image-21600 size-full\" src=\"https:\/\/max-emden.de\/wordpress\/wp-content\/uploads\/2026\/04\/WhatsApp-Image-2026-04-24-at-16.21.37-1.jpeg\" alt=\"\" width=\"2048\" height=\"2048\" srcset=\"https:\/\/max-emden.de\/wordpress\/wp-content\/uploads\/2026\/04\/WhatsApp-Image-2026-04-24-at-16.21.37-1.jpeg 2048w, https:\/\/max-emden.de\/wordpress\/wp-content\/uploads\/2026\/04\/WhatsApp-Image-2026-04-24-at-16.21.37-1-300x300.jpeg 300w, https:\/\/max-emden.de\/wordpress\/wp-content\/uploads\/2026\/04\/WhatsApp-Image-2026-04-24-at-16.21.37-1-1024x1024.jpeg 1024w, https:\/\/max-emden.de\/wordpress\/wp-content\/uploads\/2026\/04\/WhatsApp-Image-2026-04-24-at-16.21.37-1-150x150.jpeg 150w, https:\/\/max-emden.de\/wordpress\/wp-content\/uploads\/2026\/04\/WhatsApp-Image-2026-04-24-at-16.21.37-1-768x768.jpeg 768w, https:\/\/max-emden.de\/wordpress\/wp-content\/uploads\/2026\/04\/WhatsApp-Image-2026-04-24-at-16.21.37-1-1536x1536.jpeg 1536w\" sizes=\"(max-width: 2048px) 100vw, 2048px\" \/><\/a><figcaption id=\"caption-attachment-21600\" class=\"wp-caption-text\"><em>Die noch k\u00fchle Nordsee r\u00fcckte alle Illusionen dann zurecht: Die Adria ist dann doch etwas angenehmer temperiert. <\/em><\/figcaption><\/figure>\n<p>Das Programm war ein f\u00fcr alle gelungener Mix aus Schule, Kultur, Projektarbeit, Sport und Freizeit. Nach der Begr\u00fc\u00dfung in der Schule haben unsere G\u00e4ste die a Lasco Bibliothek besichtigt und sich mit ihren deutschen Partnersch\u00fclern in einer Stadtrallye durch Emden ger\u00e4tselt.<\/p>\n<figure id=\"attachment_21601\" aria-describedby=\"caption-attachment-21601\" style=\"width: 2048px\" class=\"wp-caption alignnone\"><a href=\"https:\/\/max-emden.de\/wordpress\/wp-content\/uploads\/2026\/04\/WhatsApp-Image-2026-04-24-at-16.21.37.jpeg\"><img decoding=\"async\" class=\"wp-image-21601 size-full\" src=\"https:\/\/max-emden.de\/wordpress\/wp-content\/uploads\/2026\/04\/WhatsApp-Image-2026-04-24-at-16.21.37.jpeg\" alt=\"\" width=\"2048\" height=\"2048\" srcset=\"https:\/\/max-emden.de\/wordpress\/wp-content\/uploads\/2026\/04\/WhatsApp-Image-2026-04-24-at-16.21.37.jpeg 2048w, https:\/\/max-emden.de\/wordpress\/wp-content\/uploads\/2026\/04\/WhatsApp-Image-2026-04-24-at-16.21.37-300x300.jpeg 300w, https:\/\/max-emden.de\/wordpress\/wp-content\/uploads\/2026\/04\/WhatsApp-Image-2026-04-24-at-16.21.37-1024x1024.jpeg 1024w, https:\/\/max-emden.de\/wordpress\/wp-content\/uploads\/2026\/04\/WhatsApp-Image-2026-04-24-at-16.21.37-150x150.jpeg 150w, https:\/\/max-emden.de\/wordpress\/wp-content\/uploads\/2026\/04\/WhatsApp-Image-2026-04-24-at-16.21.37-768x768.jpeg 768w, https:\/\/max-emden.de\/wordpress\/wp-content\/uploads\/2026\/04\/WhatsApp-Image-2026-04-24-at-16.21.37-1536x1536.jpeg 1536w\" sizes=\"(max-width: 2048px) 100vw, 2048px\" \/><\/a><figcaption id=\"caption-attachment-21601\" class=\"wp-caption-text\"><em>Gruppenfoto am Bahnhof der Insel.<\/em><\/figcaption><\/figure>\n<p>Dienstag haben wir uns mit unserem eigentlichen Thema, dem Hochwasserschutz, im Emssperrwerk Gandersum auseinandergesetzt, und nachmittags auf gutem Niveau (der Verfasser wurde in seiner Gruppe ehrenvoller Letzter) gebowlt.<\/p>\n<figure id=\"attachment_21602\" aria-describedby=\"caption-attachment-21602\" style=\"width: 2048px\" class=\"wp-caption alignnone\"><a href=\"https:\/\/max-emden.de\/wordpress\/wp-content\/uploads\/2026\/04\/WhatsApp-Image-2026-04-24-at-16.24.00.jpeg\"><img loading=\"lazy\" decoding=\"async\" class=\"wp-image-21602 size-full\" src=\"https:\/\/max-emden.de\/wordpress\/wp-content\/uploads\/2026\/04\/WhatsApp-Image-2026-04-24-at-16.24.00.jpeg\" alt=\"\" width=\"2048\" height=\"2048\" srcset=\"https:\/\/max-emden.de\/wordpress\/wp-content\/uploads\/2026\/04\/WhatsApp-Image-2026-04-24-at-16.24.00.jpeg 2048w, https:\/\/max-emden.de\/wordpress\/wp-content\/uploads\/2026\/04\/WhatsApp-Image-2026-04-24-at-16.24.00-300x300.jpeg 300w, https:\/\/max-emden.de\/wordpress\/wp-content\/uploads\/2026\/04\/WhatsApp-Image-2026-04-24-at-16.24.00-1024x1024.jpeg 1024w, https:\/\/max-emden.de\/wordpress\/wp-content\/uploads\/2026\/04\/WhatsApp-Image-2026-04-24-at-16.24.00-150x150.jpeg 150w, https:\/\/max-emden.de\/wordpress\/wp-content\/uploads\/2026\/04\/WhatsApp-Image-2026-04-24-at-16.24.00-768x768.jpeg 768w, https:\/\/max-emden.de\/wordpress\/wp-content\/uploads\/2026\/04\/WhatsApp-Image-2026-04-24-at-16.24.00-1536x1536.jpeg 1536w\" sizes=\"(max-width: 2048px) 100vw, 2048px\" \/><\/a><figcaption id=\"caption-attachment-21602\" class=\"wp-caption-text\"><em>Teambuilding beim gemeinsamen Sport.<\/em><\/figcaption><\/figure>\n<p>Mittwoch stand Unterricht (Dank an Reinke Eiben und Tobias Knebel!), Sport, Spiel und viel Spa\u00df (Dank an Severin Tillmann!), Projektarbeit und abends das begeisternde Schulkonzert (Dank an die Fachgruppe Musik!) auf dem Plan.<\/p>\n<figure id=\"attachment_21603\" aria-describedby=\"caption-attachment-21603\" style=\"width: 1600px\" class=\"wp-caption alignnone\"><a href=\"https:\/\/max-emden.de\/wordpress\/wp-content\/uploads\/2026\/04\/WhatsApp-Image-2026-04-24-at-16.24.02.jpeg\"><img loading=\"lazy\" decoding=\"async\" class=\"wp-image-21603 size-full\" src=\"https:\/\/max-emden.de\/wordpress\/wp-content\/uploads\/2026\/04\/WhatsApp-Image-2026-04-24-at-16.24.02.jpeg\" alt=\"\" width=\"1600\" height=\"1200\" srcset=\"https:\/\/max-emden.de\/wordpress\/wp-content\/uploads\/2026\/04\/WhatsApp-Image-2026-04-24-at-16.24.02.jpeg 1600w, https:\/\/max-emden.de\/wordpress\/wp-content\/uploads\/2026\/04\/WhatsApp-Image-2026-04-24-at-16.24.02-300x225.jpeg 300w, https:\/\/max-emden.de\/wordpress\/wp-content\/uploads\/2026\/04\/WhatsApp-Image-2026-04-24-at-16.24.02-1024x768.jpeg 1024w, https:\/\/max-emden.de\/wordpress\/wp-content\/uploads\/2026\/04\/WhatsApp-Image-2026-04-24-at-16.24.02-768x576.jpeg 768w, https:\/\/max-emden.de\/wordpress\/wp-content\/uploads\/2026\/04\/WhatsApp-Image-2026-04-24-at-16.24.02-1536x1152.jpeg 1536w\" sizes=\"(max-width: 1600px) 100vw, 1600px\" \/><\/a><figcaption id=\"caption-attachment-21603\" class=\"wp-caption-text\"><em>Besuch des Emssperrwerks.<\/em><\/figcaption><\/figure>\n<p>Den kr\u00f6nenden Abschluss stellte eine Exkursion nach Borkum bei herrlichstem Wetter dar. Dort in den sonnigen D\u00fcnen wurde die neue Sportart Massenvolleyball erfunden, einziger Wermutstropfen war, dass es den Robben offenbar auf den Sandb\u00e4nken schon zu warm war, und sie sich in der k\u00fchlen Nordsee versteckten. Der innige Abschied ist uns nicht ganz so schwer gefallen, weil wir alle uns noch vor den Herbstferien in Carcare wiedersehen wollen.<\/p>\n","protected":false},"excerpt":{"rendered":"<p>Von Montag bis Donnerstag hatte das MAX G\u00e4ste aus Carcare, Ligurien, Italien. Der Besuch war der erste direkte physische Kontakt zwischen den beiden Schulen. Dieser<a class=\"moretag\" href=\"https:\/\/max-emden.de\/wordpress\/erasmus-erstmals-besuch-aus-italien-am-max\/\"> [&#8230;]<\/a><\/p>\n","protected":false},"author":3,"featured_media":21601,"comment_status":"closed","ping_status":"closed","sticky":false,"template":"","format":"standard","meta":{"footnotes":""},"categories":[106,92,5,89],"tags":[96],"class_list":["post-21598","post","type-post","status-publish","format-standard","has-post-thumbnail","hentry","category-aktuell","category-erasmus","category-europaschule","category-unesco","tag-aktuell"],"_links":{"self":[{"href":"https:\/\/max-emden.de\/wordpress\/wp-json\/wp\/v2\/posts\/21598","targetHints":{"allow":["GET"]}}],"collection":[{"href":"https:\/\/max-emden.de\/wordpress\/wp-json\/wp\/v2\/posts"}],"about":[{"href":"https:\/\/max-emden.de\/wordpress\/wp-json\/wp\/v2\/types\/post"}],"author":[{"embeddable":true,"href":"https:\/\/max-emden.de\/wordpress\/wp-json\/wp\/v2\/users\/3"}],"replies":[{"embeddable":true,"href":"https:\/\/max-emden.de\/wordpress\/wp-json\/wp\/v2\/comments?post=21598"}],"version-history":[{"count":3,"href":"https:\/\/max-emden.de\/wordpress\/wp-json\/wp\/v2\/posts\/21598\/revisions"}],"predecessor-version":[{"id":21607,"href":"https:\/\/max-emden.de\/wordpress\/wp-json\/wp\/v2\/posts\/21598\/revisions\/21607"}],"wp:featuredmedia":[{"embeddable":true,"href":"https:\/\/max-emden.de\/wordpress\/wp-json\/wp\/v2\/media\/21601"}],"wp:attachment":[{"href":"https:\/\/max-emden.de\/wordpress\/wp-json\/wp\/v2\/media?parent=21598"}],"wp:term":[{"taxonomy":"category","embeddable":true,"href":"https:\/\/max-emden.de\/wordpress\/wp-json\/wp\/v2\/categories?post=21598"},{"taxonomy":"post_tag","embeddable":true,"href":"https:\/\/max-emden.de\/wordpress\/wp-json\/wp\/v2\/tags?post=21598"}],"curies":[{"name":"wp","href":"https:\/\/api.w.org\/{rel}","templated":true}]}}