{"id":21617,"date":"2026-04-30T10:16:10","date_gmt":"2026-04-30T08:16:10","guid":{"rendered":"https:\/\/max-emden.de\/wordpress\/?p=21617"},"modified":"2026-04-30T10:17:09","modified_gmt":"2026-04-30T08:17:09","slug":"zwischen-liebe-verlust-und-erinnerung-thomas-brechenmacher-stellt-cilly-und-henri-vor","status":"publish","type":"post","link":"https:\/\/max-emden.de\/wordpress\/zwischen-liebe-verlust-und-erinnerung-thomas-brechenmacher-stellt-cilly-und-henri-vor\/","title":{"rendered":"Zwischen Liebe, Verlust und Erinnerung: Thomas Brechenmacher stellt &#8222;Cilly und Henri&#8220; vor"},"content":{"rendered":"<figure id=\"attachment_21619\" aria-describedby=\"caption-attachment-21619\" style=\"width: 2000px\" class=\"wp-caption alignnone\"><a href=\"https:\/\/max-emden.de\/wordpress\/wp-content\/uploads\/2026\/04\/WhatsApp-Image-2026-04-30-at-09.52.15-1.jpeg\"><img fetchpriority=\"high\" decoding=\"async\" class=\"wp-image-21619 size-full\" src=\"https:\/\/max-emden.de\/wordpress\/wp-content\/uploads\/2026\/04\/WhatsApp-Image-2026-04-30-at-09.52.15-1.jpeg\" alt=\"\" width=\"2000\" height=\"1126\" srcset=\"https:\/\/max-emden.de\/wordpress\/wp-content\/uploads\/2026\/04\/WhatsApp-Image-2026-04-30-at-09.52.15-1.jpeg 2000w, https:\/\/max-emden.de\/wordpress\/wp-content\/uploads\/2026\/04\/WhatsApp-Image-2026-04-30-at-09.52.15-1-300x169.jpeg 300w, https:\/\/max-emden.de\/wordpress\/wp-content\/uploads\/2026\/04\/WhatsApp-Image-2026-04-30-at-09.52.15-1-1024x577.jpeg 1024w, https:\/\/max-emden.de\/wordpress\/wp-content\/uploads\/2026\/04\/WhatsApp-Image-2026-04-30-at-09.52.15-1-768x432.jpeg 768w, https:\/\/max-emden.de\/wordpress\/wp-content\/uploads\/2026\/04\/WhatsApp-Image-2026-04-30-at-09.52.15-1-1536x865.jpeg 1536w\" sizes=\"(max-width: 2000px) 100vw, 2000px\" \/><\/a><figcaption id=\"caption-attachment-21619\" class=\"wp-caption-text\"><em>Stellte sein Buch &#8222;Cilly und Henri&#8220; vor: Prof. Dr. Thomas Brechenmacher.<\/em><\/figcaption><\/figure>\n<p class=\"isSelectedEnd\">Eine besondere Liebesgeschichte stand in der vergangenen Woche in Emden im Mittelpunkt: Professor Dr. Thomas Brechenmacher stellte sein Buch <em>Cilly und Henry<\/em> vor \u2013 ein Werk, das weit mehr ist als die Erz\u00e4hlung einer jungen Liebe. Anl\u00e4sslich des Jahrestages der Ermordung Max Windm\u00fcllers (21. April) war Brechenmacher zun\u00e4chst in der Neuen Kirche und anschlie\u00dfend am Freitag auch am Max-Windm\u00fcller-Gymnasium zu Gast.<\/p>\n<figure id=\"attachment_21620\" aria-describedby=\"caption-attachment-21620\" style=\"width: 2000px\" class=\"wp-caption alignnone\"><a href=\"https:\/\/max-emden.de\/wordpress\/wp-content\/uploads\/2026\/04\/WhatsApp-Image-2026-04-30-at-09.52.13-1.jpeg\"><img decoding=\"async\" class=\"wp-image-21620 size-full\" src=\"https:\/\/max-emden.de\/wordpress\/wp-content\/uploads\/2026\/04\/WhatsApp-Image-2026-04-30-at-09.52.13-1.jpeg\" alt=\"\" width=\"2000\" height=\"1126\" srcset=\"https:\/\/max-emden.de\/wordpress\/wp-content\/uploads\/2026\/04\/WhatsApp-Image-2026-04-30-at-09.52.13-1.jpeg 2000w, https:\/\/max-emden.de\/wordpress\/wp-content\/uploads\/2026\/04\/WhatsApp-Image-2026-04-30-at-09.52.13-1-300x169.jpeg 300w, https:\/\/max-emden.de\/wordpress\/wp-content\/uploads\/2026\/04\/WhatsApp-Image-2026-04-30-at-09.52.13-1-1024x577.jpeg 1024w, https:\/\/max-emden.de\/wordpress\/wp-content\/uploads\/2026\/04\/WhatsApp-Image-2026-04-30-at-09.52.13-1-768x432.jpeg 768w, https:\/\/max-emden.de\/wordpress\/wp-content\/uploads\/2026\/04\/WhatsApp-Image-2026-04-30-at-09.52.13-1-1536x865.jpeg 1536w\" sizes=\"(max-width: 2000px) 100vw, 2000px\" \/><\/a><figcaption id=\"caption-attachment-21620\" class=\"wp-caption-text\"><em>Sch\u00fclersprecherin Rieke G\u00f6temann hielt anl\u00e4sslich des Jahrestages der Ermordung Max Windm\u00fcllers eine zum Nachdenken anregende Rede.<\/em><\/figcaption><\/figure>\n<p class=\"isSelectedEnd\">Im Zentrum des Buches steht die Beziehung zwischen C\u00e4cilie \u201eCilly\u201c Windm\u00fcller und Henri Nannen, dem sp\u00e4teren Gr\u00fcnder und Stifter der Kunsthalle Emden. Ihre Geschichte er\u00f6ffnet nicht nur einen sehr pers\u00f6nlichen Blick auf die Gef\u00fchle zweier junger Menschen, sondern zeichnet zugleich eindrucksvoll die politischen und gesellschaftlichen Umbr\u00fcche der NS-Zeit nach \u2013 auch und gerade in Emden. Mit gerade einmal 20 Jahren &#8211; beide wurden 1913 geboren &#8211; entwickelten die Leben von Cilly und Henri in Richtungen, die unterschiedlicher nicht sein k\u00f6nnten: W\u00e4hrend Henri versuchte, innerhalb der neuen politischen Verh\u00e4ltnisse seinen eigenen Weg in Studium und Karriere zu finden, reflektierte Cilly in ihren Briefen immer wieder eindringlich ihre eigene Lage, die Sorgen um ihre Familie und die zunehmende Verfolgung durch das NS-Regime, die das Leben immer mehr erschwerten und schlie\u00dflich zur Flucht Cillys in das damalige britische Mandatsgebiet Pal\u00e4stina f\u00fchrten.<\/p>\n<figure id=\"attachment_21621\" aria-describedby=\"caption-attachment-21621\" style=\"width: 2000px\" class=\"wp-caption alignnone\"><a href=\"https:\/\/max-emden.de\/wordpress\/wp-content\/uploads\/2026\/04\/WhatsApp-Image-2026-04-30-at-09.52.14.jpeg\"><img decoding=\"async\" class=\"wp-image-21621 size-full\" src=\"https:\/\/max-emden.de\/wordpress\/wp-content\/uploads\/2026\/04\/WhatsApp-Image-2026-04-30-at-09.52.14.jpeg\" alt=\"\" width=\"2000\" height=\"1126\" srcset=\"https:\/\/max-emden.de\/wordpress\/wp-content\/uploads\/2026\/04\/WhatsApp-Image-2026-04-30-at-09.52.14.jpeg 2000w, https:\/\/max-emden.de\/wordpress\/wp-content\/uploads\/2026\/04\/WhatsApp-Image-2026-04-30-at-09.52.14-300x169.jpeg 300w, https:\/\/max-emden.de\/wordpress\/wp-content\/uploads\/2026\/04\/WhatsApp-Image-2026-04-30-at-09.52.14-1024x577.jpeg 1024w, https:\/\/max-emden.de\/wordpress\/wp-content\/uploads\/2026\/04\/WhatsApp-Image-2026-04-30-at-09.52.14-768x432.jpeg 768w, https:\/\/max-emden.de\/wordpress\/wp-content\/uploads\/2026\/04\/WhatsApp-Image-2026-04-30-at-09.52.14-1536x865.jpeg 1536w\" sizes=\"(max-width: 2000px) 100vw, 2000px\" \/><\/a><figcaption id=\"caption-attachment-21621\" class=\"wp-caption-text\"><em>Die Max-Sch\u00fclerinnen Johanna J\u00fcrgens und Freyja H\u00fcsing sorgten ebenso f\u00fcr musikalische Begleitung&#8230;<\/em><\/figcaption><\/figure>\n<p class=\"isSelectedEnd\">Musikalisch begleitet wurde die Veranstaltung durch Freyja H\u00fcsing und Johanna J\u00fcrgens als Fl\u00f6tenduo sowie Felix K\u00f6tter am Fl\u00fcgel, die dem Abend einen stimmungsvollen Rahmen verliehen.<\/p>\n<figure id=\"attachment_21622\" aria-describedby=\"caption-attachment-21622\" style=\"width: 2048px\" class=\"wp-caption alignnone\"><a style=\"font-weight: bold;\" href=\"https:\/\/max-emden.de\/wordpress\/wp-content\/uploads\/2026\/04\/WhatsApp-Image-2026-04-22-at-20.07.30.jpeg\"><img loading=\"lazy\" decoding=\"async\" class=\"wp-image-21622 size-full\" src=\"https:\/\/max-emden.de\/wordpress\/wp-content\/uploads\/2026\/04\/WhatsApp-Image-2026-04-22-at-20.07.30-e1777536170359.jpeg\" alt=\"\" width=\"2048\" height=\"1470\" srcset=\"https:\/\/max-emden.de\/wordpress\/wp-content\/uploads\/2026\/04\/WhatsApp-Image-2026-04-22-at-20.07.30-e1777536170359.jpeg 2048w, https:\/\/max-emden.de\/wordpress\/wp-content\/uploads\/2026\/04\/WhatsApp-Image-2026-04-22-at-20.07.30-e1777536170359-300x215.jpeg 300w, https:\/\/max-emden.de\/wordpress\/wp-content\/uploads\/2026\/04\/WhatsApp-Image-2026-04-22-at-20.07.30-e1777536170359-1024x735.jpeg 1024w, https:\/\/max-emden.de\/wordpress\/wp-content\/uploads\/2026\/04\/WhatsApp-Image-2026-04-22-at-20.07.30-e1777536170359-768x551.jpeg 768w, https:\/\/max-emden.de\/wordpress\/wp-content\/uploads\/2026\/04\/WhatsApp-Image-2026-04-22-at-20.07.30-e1777536170359-1536x1103.jpeg 1536w, https:\/\/max-emden.de\/wordpress\/wp-content\/uploads\/2026\/04\/WhatsApp-Image-2026-04-22-at-20.07.30-e1777536170359-120x85.jpeg 120w\" sizes=\"(max-width: 2048px) 100vw, 2048px\" \/><\/a><figcaption id=\"caption-attachment-21622\" class=\"wp-caption-text\">&#8230; wie Felix K\u00f6tter am Fl\u00fcgel.<\/figcaption><\/figure>\n<p><span style=\"font-size: 16px;\">\u00dcber Jahre hinweg hielten Cilly und Henry durch Briefe Kontakt. Diese Korrespondenz, von der heute nur noch Cillys Briefe erhalten sind, gew\u00e4hrt ber\u00fchrende Einblicke in Hoffnung, Sehnsucht und Unsicherheit in einer Zeit wachsender Bedrohung: Brechenmacher machte in seinem Vortrag deutlich, wie stark Cilly die Ver\u00e4nderungen ihrer Zeit wahrnahm und wie bewusst sie die Gefahren einsch\u00e4tzte. Gerade diese pers\u00f6nliche Perspektive macht das Buch zu einem eindrucksvollen Zeitdokument, das historische Entwicklungen auf bewegende Weise greifbar werden l\u00e4sst.<\/span><\/p>\n<figure id=\"attachment_21625\" aria-describedby=\"caption-attachment-21625\" style=\"width: 1302px\" class=\"wp-caption alignnone\"><a href=\"https:\/\/max-emden.de\/wordpress\/wp-content\/uploads\/2026\/04\/WhatsApp-Image-2026-04-22-at-20.16.28.jpeg\"><img loading=\"lazy\" decoding=\"async\" class=\"wp-image-21625 size-full\" src=\"https:\/\/max-emden.de\/wordpress\/wp-content\/uploads\/2026\/04\/WhatsApp-Image-2026-04-22-at-20.16.28-e1777536666808.jpeg\" alt=\"\" width=\"1302\" height=\"674\" srcset=\"https:\/\/max-emden.de\/wordpress\/wp-content\/uploads\/2026\/04\/WhatsApp-Image-2026-04-22-at-20.16.28-e1777536666808.jpeg 1302w, https:\/\/max-emden.de\/wordpress\/wp-content\/uploads\/2026\/04\/WhatsApp-Image-2026-04-22-at-20.16.28-e1777536666808-300x155.jpeg 300w, https:\/\/max-emden.de\/wordpress\/wp-content\/uploads\/2026\/04\/WhatsApp-Image-2026-04-22-at-20.16.28-e1777536666808-1024x530.jpeg 1024w, https:\/\/max-emden.de\/wordpress\/wp-content\/uploads\/2026\/04\/WhatsApp-Image-2026-04-22-at-20.16.28-e1777536666808-768x398.jpeg 768w\" sizes=\"(max-width: 1302px) 100vw, 1302px\" \/><\/a><figcaption id=\"caption-attachment-21625\" class=\"wp-caption-text\"><em>Lea Gerdhabing, Rieke G\u00f6temann und Kai Gembler im Gespr\u00e4ch mit Prof. Dr. Thomas Brechenmacher.<\/em><\/figcaption><\/figure>\n<p class=\"isSelectedEnd\">Im Anschluss an die Lesung in der Neuen Kirche diskutierten die Sch\u00fclerinnen Rieke G\u00f6temann und Lea Gerdhabing gemeinsam mit Kai Gembler, dem Vorsitzenden der Max-Windm\u00fcller-Gesellschaft, \u00fcber die Bedeutung der vorgestellten Geschichte &#8211; vor allem f\u00fcr die Gegenwart. Brechenmacher betonte, dass dieses Beispiel f\u00fcr ihn eindrucksvoll zeige, wie schnell sich die Situation \u00e4ndern k\u00f6nne &#8211; eine Mahnung in politisch unsicheren Zeiten wie den heutigen.<\/p>\n<figure id=\"attachment_21623\" aria-describedby=\"caption-attachment-21623\" style=\"width: 1920px\" class=\"wp-caption alignnone\"><a href=\"https:\/\/max-emden.de\/wordpress\/wp-content\/uploads\/2026\/04\/WhatsApp-Image-2026-04-24-at-15.10.59-scaled.jpeg\"><img loading=\"lazy\" decoding=\"async\" class=\"wp-image-21623 size-full\" src=\"https:\/\/max-emden.de\/wordpress\/wp-content\/uploads\/2026\/04\/WhatsApp-Image-2026-04-24-at-15.10.59-scaled-e1777536141872.jpeg\" alt=\"\" width=\"1920\" height=\"1003\" srcset=\"https:\/\/max-emden.de\/wordpress\/wp-content\/uploads\/2026\/04\/WhatsApp-Image-2026-04-24-at-15.10.59-scaled-e1777536141872.jpeg 1920w, https:\/\/max-emden.de\/wordpress\/wp-content\/uploads\/2026\/04\/WhatsApp-Image-2026-04-24-at-15.10.59-scaled-e1777536141872-300x157.jpeg 300w, https:\/\/max-emden.de\/wordpress\/wp-content\/uploads\/2026\/04\/WhatsApp-Image-2026-04-24-at-15.10.59-scaled-e1777536141872-1024x535.jpeg 1024w, https:\/\/max-emden.de\/wordpress\/wp-content\/uploads\/2026\/04\/WhatsApp-Image-2026-04-24-at-15.10.59-scaled-e1777536141872-768x401.jpeg 768w, https:\/\/max-emden.de\/wordpress\/wp-content\/uploads\/2026\/04\/WhatsApp-Image-2026-04-24-at-15.10.59-scaled-e1777536141872-1536x802.jpeg 1536w\" sizes=\"(max-width: 1920px) 100vw, 1920px\" \/><\/a><figcaption id=\"caption-attachment-21623\" class=\"wp-caption-text\"><em>Gespr\u00e4ch in der Schule am Freitag: Dr. Brechenmacher und Christian Nannen im Gespr\u00e4ch mit Freyja H\u00fcsing und Kai Gembler.<\/em><\/figcaption><\/figure>\n<p class=\"isSelectedEnd\">Die Fortsetzung dieses besonderen Besuches folgte am Freitag am Max-Windm\u00fcller-Gymnasium. Dort las Brechenmacher erneut aus seinem Buch. Ein besonderer Gast war dabei Christian Nannen, Sohn Henri Nannens, der den Sch\u00fclerinnen und Sch\u00fclern sehr pers\u00f6nliche Einblicke in seine eigene Sicht auf diese Familiengeschichte gab. Seine Ausf\u00fchrungen machten deutlich, wie emotional und gegenw\u00e4rtig dieses Kapitel bis heute geblieben ist. Dass die Verbindung zwischen Cilli und Henry auch nach dem Krieg nicht vollst\u00e4ndig abriss, verleiht ihrer Geschichte eine zus\u00e4tzliche Dimension: Henri Nannen bem\u00fchte sich sp\u00e4ter, C\u00e4cilie zur Er\u00f6ffnung der Kunsthalle nach Emden einzuladen. Doch f\u00fcr sie blieb die R\u00fcckkehr angesichts der Ermordung ihrer Eltern durch die Nationalsozialisten zu schmerzhaft.<\/p>\n<figure id=\"attachment_21624\" aria-describedby=\"caption-attachment-21624\" style=\"width: 2000px\" class=\"wp-caption alignnone\"><a href=\"https:\/\/max-emden.de\/wordpress\/wp-content\/uploads\/2026\/04\/WhatsApp-Image-2026-04-30-at-09.57.58.jpeg\"><img loading=\"lazy\" decoding=\"async\" class=\"wp-image-21624 size-full\" src=\"https:\/\/max-emden.de\/wordpress\/wp-content\/uploads\/2026\/04\/WhatsApp-Image-2026-04-30-at-09.57.58.jpeg\" alt=\"\" width=\"2000\" height=\"924\" srcset=\"https:\/\/max-emden.de\/wordpress\/wp-content\/uploads\/2026\/04\/WhatsApp-Image-2026-04-30-at-09.57.58.jpeg 2000w, https:\/\/max-emden.de\/wordpress\/wp-content\/uploads\/2026\/04\/WhatsApp-Image-2026-04-30-at-09.57.58-300x139.jpeg 300w, https:\/\/max-emden.de\/wordpress\/wp-content\/uploads\/2026\/04\/WhatsApp-Image-2026-04-30-at-09.57.58-1024x473.jpeg 1024w, https:\/\/max-emden.de\/wordpress\/wp-content\/uploads\/2026\/04\/WhatsApp-Image-2026-04-30-at-09.57.58-768x355.jpeg 768w, https:\/\/max-emden.de\/wordpress\/wp-content\/uploads\/2026\/04\/WhatsApp-Image-2026-04-30-at-09.57.58-1536x710.jpeg 1536w\" sizes=\"(max-width: 2000px) 100vw, 2000px\" \/><\/a><figcaption id=\"caption-attachment-21624\" class=\"wp-caption-text\"><em>Die Veranstaltung fand anl\u00e4sslich des Jahrestages der Ermordung von Max Windm\u00fcller statt, der am 21.4.1941 erschossen wurde.<\/em><\/figcaption><\/figure>\n<p class=\"isSelectedEnd\">Im Jahr des 40-j\u00e4hrigen Jubil\u00e4ums der Kunsthalle Emden r\u00fcckt Brechenmachers Buch damit eine bewegende Beziehung in den Fokus, die beispielhaft zeigt, wie eng pers\u00f6nliche Lebenswege und historische Umbr\u00fcche miteinander verwoben sein k\u00f6nnen.<\/p>\n<p><em>Eine Veranstaltung der Vortragsreihe \u201eVielfalt sicher begegnen\u201c der Max-Windm\u00fcller-Gesellschaft Emden e.V.\u00a0Die\u00a0Reihe\u00a0ist Teil der Emder Partnerschaft f\u00fcr Demokratie und wird gef\u00f6rdert vom Bundesministerium f\u00fcr Bildung, Familie, Senioren, Frauen und Jugend im Rahmen des Bundesprogramms \u201eDemokratie leben!\u201c.<\/em><\/p>\n<p><a href=\"https:\/\/max-emden.de\/wordpress\/wp-content\/uploads\/2026\/04\/BMBFSFJ_DL_mitFoerderzusatz.png\"><img loading=\"lazy\" decoding=\"async\" class=\"alignnone size-full wp-image-21498\" src=\"https:\/\/max-emden.de\/wordpress\/wp-content\/uploads\/2026\/04\/BMBFSFJ_DL_mitFoerderzusatz.png\" alt=\"\" width=\"1677\" height=\"568\" srcset=\"https:\/\/max-emden.de\/wordpress\/wp-content\/uploads\/2026\/04\/BMBFSFJ_DL_mitFoerderzusatz.png 1677w, https:\/\/max-emden.de\/wordpress\/wp-content\/uploads\/2026\/04\/BMBFSFJ_DL_mitFoerderzusatz-300x102.png 300w, https:\/\/max-emden.de\/wordpress\/wp-content\/uploads\/2026\/04\/BMBFSFJ_DL_mitFoerderzusatz-1024x347.png 1024w, https:\/\/max-emden.de\/wordpress\/wp-content\/uploads\/2026\/04\/BMBFSFJ_DL_mitFoerderzusatz-768x260.png 768w, https:\/\/max-emden.de\/wordpress\/wp-content\/uploads\/2026\/04\/BMBFSFJ_DL_mitFoerderzusatz-1536x520.png 1536w\" sizes=\"(max-width: 1677px) 100vw, 1677px\" \/><\/a><\/p>\n","protected":false},"excerpt":{"rendered":"<p>Eine besondere Liebesgeschichte stand in der vergangenen Woche in Emden im Mittelpunkt: Professor Dr. Thomas Brechenmacher stellte sein Buch Cilly und Henry vor \u2013 ein<a class=\"moretag\" href=\"https:\/\/max-emden.de\/wordpress\/zwischen-liebe-verlust-und-erinnerung-thomas-brechenmacher-stellt-cilly-und-henri-vor\/\"> [&#8230;]<\/a><\/p>\n","protected":false},"author":3,"featured_media":21619,"comment_status":"closed","ping_status":"closed","sticky":false,"template":"","format":"standard","meta":{"footnotes":""},"categories":[106,117,9,1,89],"tags":[96],"class_list":["post-21617","post","type-post","status-publish","format-standard","has-post-thumbnail","hentry","category-aktuell","category-keep-the-memory-alive","category-max-windmueller","category-uncategorized","category-unesco","tag-aktuell"],"_links":{"self":[{"href":"https:\/\/max-emden.de\/wordpress\/wp-json\/wp\/v2\/posts\/21617","targetHints":{"allow":["GET"]}}],"collection":[{"href":"https:\/\/max-emden.de\/wordpress\/wp-json\/wp\/v2\/posts"}],"about":[{"href":"https:\/\/max-emden.de\/wordpress\/wp-json\/wp\/v2\/types\/post"}],"author":[{"embeddable":true,"href":"https:\/\/max-emden.de\/wordpress\/wp-json\/wp\/v2\/users\/3"}],"replies":[{"embeddable":true,"href":"https:\/\/max-emden.de\/wordpress\/wp-json\/wp\/v2\/comments?post=21617"}],"version-history":[{"count":3,"href":"https:\/\/max-emden.de\/wordpress\/wp-json\/wp\/v2\/posts\/21617\/revisions"}],"predecessor-version":[{"id":21627,"href":"https:\/\/max-emden.de\/wordpress\/wp-json\/wp\/v2\/posts\/21617\/revisions\/21627"}],"wp:featuredmedia":[{"embeddable":true,"href":"https:\/\/max-emden.de\/wordpress\/wp-json\/wp\/v2\/media\/21619"}],"wp:attachment":[{"href":"https:\/\/max-emden.de\/wordpress\/wp-json\/wp\/v2\/media?parent=21617"}],"wp:term":[{"taxonomy":"category","embeddable":true,"href":"https:\/\/max-emden.de\/wordpress\/wp-json\/wp\/v2\/categories?post=21617"},{"taxonomy":"post_tag","embeddable":true,"href":"https:\/\/max-emden.de\/wordpress\/wp-json\/wp\/v2\/tags?post=21617"}],"curies":[{"name":"wp","href":"https:\/\/api.w.org\/{rel}","templated":true}]}}