{"id":2186,"date":"2026-04-26T08:27:25","date_gmt":"2026-04-26T06:27:25","guid":{"rendered":"http:\/\/max-emden.de\/wordpress\/?p=2186"},"modified":"2026-04-29T22:32:34","modified_gmt":"2026-04-29T20:32:34","slug":"35-jahre-tschernobyl-max-schueler-interviewten-zeitzeugen","status":"publish","type":"post","link":"https:\/\/max-emden.de\/wordpress\/35-jahre-tschernobyl-max-schueler-interviewten-zeitzeugen\/","title":{"rendered":"Zum 40. Jahrestag der Tschernobyl-Katastrophe: R\u00fcckblick auf Zeitzeugen-Projekt"},"content":{"rendered":"<p data-start=\"0\" data-end=\"106\">Am 26. April 1986 ereignete sich nahe der ukrainischen Stadt <span class=\"hover:entity-accent entity-underline inline cursor-pointer align-baseline\"><span class=\"whitespace-normal\">Tschernobyl<\/span><\/span> die folgenschwere <span class=\"hover:entity-accent entity-underline inline cursor-pointer align-baseline\"><span class=\"whitespace-normal\">Tschernobyl-Katastrophe<\/span><\/span> \u2013 der bislang schwerste Unfall in der zivilen Nutzung der Kernenergie. Durch die Explosion eines Reaktorblocks wurden enorme Mengen radioaktiver Stoffe freigesetzt, die sich mit einer Wolke \u00fcber weite Teile Europas verteilten. Vier Jahrzehnte sp\u00e4ter sind die Auswirkungen dieser Katastrophe noch immer auf \u00f6kologischer, gesundheitlicher und gesellschaftlicher Ebene sp\u00fcrbar.<\/p>\n<p data-start=\"639\" data-end=\"972\">Zum 30. Jahrestag im Jahr 2016 hatten Sch\u00fclerinnen und Sch\u00fcler des damaligen Deutsch-Leistungskurses ein Zeitzeugen-Projekt initiiert. Sie f\u00fchrten Gespr\u00e4che mit Menschen, die die Ereignisse von 1986 bewusst miterlebt hatten \u2013 darunter auch der 2018 verstorbene ehemalige SPD-Landesvorsitzende <span class=\"hover:entity-accent entity-underline inline cursor-pointer align-baseline\"><span class=\"whitespace-normal\">Johann Bruns oder der 2025 verstorbene langj\u00e4hrige Amtsarzt Eimo Heeren<\/span><\/span>.<\/p>\n<p data-start=\"974\" data-end=\"1218\">Die daraus entstandenen Beitr\u00e4ge wurden in einer Serie in der <em data-start=\"1036\" data-end=\"1056\">Ostfriesen-Zeitung<\/em> ver\u00f6ffentlicht und geben bis nach wie vor eindrucksvolle Einblicke in pers\u00f6nliche Erinnerungen, Wahrnehmungen und den Umgang mit der Katastrophe im Alltag der Menschen. Auch zum 40. Jahrestag behalten diese Berichte ihre Bedeutung: Sie erinnern daran, wie tiefgreifend das Ereignis das Leben vieler gepr\u00e4gt hat.<\/p>\n<p style=\"text-align: justify;\"><!--more--><\/p>\n<figure id=\"attachment_2168\" aria-describedby=\"caption-attachment-2168\" style=\"width: 206px\" class=\"wp-caption alignleft\"><a href=\"https:\/\/max-emden.de\/wordpress\/wp-content\/uploads\/2016\/04\/OZ1904.30Jahre.jpg\"><img fetchpriority=\"high\" decoding=\"async\" class=\"size-medium wp-image-2168\" src=\"https:\/\/max-emden.de\/wordpress\/wp-content\/uploads\/2016\/04\/OZ1904.30Jahre-206x300.jpg\" alt=\"Teil 1: &quot;Tschernobyl war die K\u00fcndigung eines Versprechens&quot;\" width=\"206\" height=\"300\" srcset=\"https:\/\/max-emden.de\/wordpress\/wp-content\/uploads\/2016\/04\/OZ1904.30Jahre-206x300.jpg 206w, https:\/\/max-emden.de\/wordpress\/wp-content\/uploads\/2016\/04\/OZ1904.30Jahre-768x1121.jpg 768w, https:\/\/max-emden.de\/wordpress\/wp-content\/uploads\/2016\/04\/OZ1904.30Jahre-702x1024.jpg 702w, https:\/\/max-emden.de\/wordpress\/wp-content\/uploads\/2016\/04\/OZ1904.30Jahre.jpg 1116w\" sizes=\"(max-width: 206px) 100vw, 206px\" \/><\/a><figcaption id=\"caption-attachment-2168\" class=\"wp-caption-text\">Teil 1: &#8222;Tschernobyl war die K\u00fcndigung eines Versprechens&#8220;<\/figcaption><\/figure>\n<figure id=\"attachment_2196\" aria-describedby=\"caption-attachment-2196\" style=\"width: 300px\" class=\"wp-caption alignleft\"><a href=\"https:\/\/max-emden.de\/wordpress\/wp-content\/uploads\/2016\/04\/oz200430Jahre.jpg\"><img decoding=\"async\" class=\"size-medium wp-image-2196\" src=\"https:\/\/max-emden.de\/wordpress\/wp-content\/uploads\/2016\/04\/oz200430Jahre-300x276.jpg\" alt=\"Teil 2: Nach der Katastrophe - Kinder besuchten \u201eParadies\u201c\" width=\"300\" height=\"276\" srcset=\"https:\/\/max-emden.de\/wordpress\/wp-content\/uploads\/2016\/04\/oz200430Jahre-300x276.jpg 300w, https:\/\/max-emden.de\/wordpress\/wp-content\/uploads\/2016\/04\/oz200430Jahre-768x706.jpg 768w, https:\/\/max-emden.de\/wordpress\/wp-content\/uploads\/2016\/04\/oz200430Jahre-1024x941.jpg 1024w, https:\/\/max-emden.de\/wordpress\/wp-content\/uploads\/2016\/04\/oz200430Jahre.jpg 1135w\" sizes=\"(max-width: 300px) 100vw, 300px\" \/><\/a><figcaption id=\"caption-attachment-2196\" class=\"wp-caption-text\">Teil 2: Nach der Katastrophe &#8211; Kinder besuchten \u201eParadies\u201c<\/figcaption><\/figure>\n<p>&nbsp;<\/p>\n<p>&nbsp;<\/p>\n<p>&nbsp;<\/p>\n<p>&nbsp;<\/p>\n<p>&nbsp;<\/p>\n<p>&nbsp;<\/p>\n<p>&nbsp;<\/p>\n<p>&nbsp;<\/p>\n<p>&nbsp;<\/p>\n<p>&nbsp;<\/p>\n<figure id=\"attachment_2229\" aria-describedby=\"caption-attachment-2229\" style=\"width: 300px\" class=\"wp-caption aligncenter\"><a href=\"https:\/\/max-emden.de\/wordpress\/wp-content\/uploads\/2016\/04\/oz210430Jahre.jpg\"><img decoding=\"async\" class=\"size-medium wp-image-2229\" src=\"https:\/\/max-emden.de\/wordpress\/wp-content\/uploads\/2016\/04\/oz210430Jahre-300x256.jpg\" alt=\"Teil 3: &quot;Wir brauchen eine weltweite Aufsicht&quot;\" width=\"300\" height=\"256\" srcset=\"https:\/\/max-emden.de\/wordpress\/wp-content\/uploads\/2016\/04\/oz210430Jahre-300x256.jpg 300w, https:\/\/max-emden.de\/wordpress\/wp-content\/uploads\/2016\/04\/oz210430Jahre-768x656.jpg 768w, https:\/\/max-emden.de\/wordpress\/wp-content\/uploads\/2016\/04\/oz210430Jahre.jpg 943w\" sizes=\"(max-width: 300px) 100vw, 300px\" \/><\/a><figcaption id=\"caption-attachment-2229\" class=\"wp-caption-text\">Teil 3: &#8222;Wir brauchen eine weltweite Aufsicht&#8220;<\/figcaption><\/figure>\n<figure id=\"attachment_2231\" aria-describedby=\"caption-attachment-2231\" style=\"width: 300px\" class=\"wp-caption aligncenter\"><a href=\"https:\/\/max-emden.de\/wordpress\/wp-content\/uploads\/2016\/04\/oz220430Jahre.jpg\"><img loading=\"lazy\" decoding=\"async\" class=\"size-medium wp-image-2231\" src=\"https:\/\/max-emden.de\/wordpress\/wp-content\/uploads\/2016\/04\/oz220430Jahre-300x175.jpg\" alt=\"Teil 4: &quot;Windm\u00fchlen sind der richtige Schritt&quot;\" width=\"300\" height=\"175\" srcset=\"https:\/\/max-emden.de\/wordpress\/wp-content\/uploads\/2016\/04\/oz220430Jahre-300x175.jpg 300w, https:\/\/max-emden.de\/wordpress\/wp-content\/uploads\/2016\/04\/oz220430Jahre-768x448.jpg 768w, https:\/\/max-emden.de\/wordpress\/wp-content\/uploads\/2016\/04\/oz220430Jahre-1024x597.jpg 1024w, https:\/\/max-emden.de\/wordpress\/wp-content\/uploads\/2016\/04\/oz220430Jahre.jpg 1120w\" sizes=\"(max-width: 300px) 100vw, 300px\" \/><\/a><figcaption id=\"caption-attachment-2231\" class=\"wp-caption-text\">Teil 4: &#8222;Windm\u00fchlen sind der richtige Schritt&#8220;<\/figcaption><\/figure>\n<figure id=\"attachment_2264\" aria-describedby=\"caption-attachment-2264\" style=\"width: 244px\" class=\"wp-caption aligncenter\"><a href=\"https:\/\/max-emden.de\/wordpress\/wp-content\/uploads\/2016\/04\/oz230430Jahre.jpg\"><img loading=\"lazy\" decoding=\"async\" class=\"size-medium wp-image-2264\" src=\"https:\/\/max-emden.de\/wordpress\/wp-content\/uploads\/2016\/04\/oz230430Jahre-244x300.jpg\" alt=\"Teil 5: &quot;Wir hatten damals einen Traum&quot;\" width=\"244\" height=\"300\" srcset=\"https:\/\/max-emden.de\/wordpress\/wp-content\/uploads\/2016\/04\/oz230430Jahre-244x300.jpg 244w, https:\/\/max-emden.de\/wordpress\/wp-content\/uploads\/2016\/04\/oz230430Jahre-768x943.jpg 768w, https:\/\/max-emden.de\/wordpress\/wp-content\/uploads\/2016\/04\/oz230430Jahre-834x1024.jpg 834w, https:\/\/max-emden.de\/wordpress\/wp-content\/uploads\/2016\/04\/oz230430Jahre.jpg 946w\" sizes=\"(max-width: 244px) 100vw, 244px\" \/><\/a><figcaption id=\"caption-attachment-2264\" class=\"wp-caption-text\">Teil 5: &#8222;Wir hatten damals einen Traum&#8220;<\/figcaption><\/figure>\n<figure id=\"attachment_2268\" aria-describedby=\"caption-attachment-2268\" style=\"width: 300px\" class=\"wp-caption aligncenter\"><a href=\"https:\/\/max-emden.de\/wordpress\/wp-content\/uploads\/2016\/04\/oz250430Jahre.jpg\"><img loading=\"lazy\" decoding=\"async\" class=\"size-medium wp-image-2268\" src=\"https:\/\/max-emden.de\/wordpress\/wp-content\/uploads\/2016\/04\/oz250430Jahre-300x269.jpg\" alt=\"Teil 6: &quot;775 Kilometer vorm Ziel streikte der Motor&quot;\" width=\"300\" height=\"269\" srcset=\"https:\/\/max-emden.de\/wordpress\/wp-content\/uploads\/2016\/04\/oz250430Jahre-300x269.jpg 300w, https:\/\/max-emden.de\/wordpress\/wp-content\/uploads\/2016\/04\/oz250430Jahre-768x690.jpg 768w, https:\/\/max-emden.de\/wordpress\/wp-content\/uploads\/2016\/04\/oz250430Jahre.jpg 942w\" sizes=\"(max-width: 300px) 100vw, 300px\" \/><\/a><figcaption id=\"caption-attachment-2268\" class=\"wp-caption-text\">Teil 6: &#8222;775 Kilometer vorm Ziel streikte der Motor&#8220;<\/figcaption><\/figure>\n<figure id=\"attachment_2296\" aria-describedby=\"caption-attachment-2296\" style=\"width: 282px\" class=\"wp-caption aligncenter\"><a href=\"https:\/\/max-emden.de\/wordpress\/wp-content\/uploads\/2016\/04\/oz260430Jahre.jpg\"><img loading=\"lazy\" decoding=\"async\" class=\"size-medium wp-image-2296\" src=\"https:\/\/max-emden.de\/wordpress\/wp-content\/uploads\/2016\/04\/oz260430Jahre-282x300.jpg\" alt=\"Teil 7: \u201eDas ist mir eine Herzensangelegenheit\u201c\" width=\"282\" height=\"300\" srcset=\"https:\/\/max-emden.de\/wordpress\/wp-content\/uploads\/2016\/04\/oz260430Jahre-282x300.jpg 282w, https:\/\/max-emden.de\/wordpress\/wp-content\/uploads\/2016\/04\/oz260430Jahre-768x818.jpg 768w, https:\/\/max-emden.de\/wordpress\/wp-content\/uploads\/2016\/04\/oz260430Jahre.jpg 938w\" sizes=\"(max-width: 282px) 100vw, 282px\" \/><\/a><figcaption id=\"caption-attachment-2296\" class=\"wp-caption-text\">Teil 7: \u201eDas ist mir eine Herzensangelegenheit\u201c<\/figcaption><\/figure>\n","protected":false},"excerpt":{"rendered":"<p>Am 26. April 1986 ereignete sich nahe der ukrainischen Stadt Tschernobyl die folgenschwere Tschernobyl-Katastrophe \u2013 der bislang schwerste Unfall in der zivilen Nutzung der Kernenergie.<a class=\"moretag\" href=\"https:\/\/max-emden.de\/wordpress\/35-jahre-tschernobyl-max-schueler-interviewten-zeitzeugen\/\"> [&#8230;]<\/a><\/p>\n","protected":false},"author":3,"featured_media":21572,"comment_status":"closed","ping_status":"closed","sticky":false,"template":"","format":"standard","meta":{"footnotes":""},"categories":[106,58,11,89],"tags":[96],"class_list":["post-2186","post","type-post","status-publish","format-standard","has-post-thumbnail","hentry","category-aktuell","category-deutsch","category-nachhaltigkeit","category-unesco","tag-aktuell"],"_links":{"self":[{"href":"https:\/\/max-emden.de\/wordpress\/wp-json\/wp\/v2\/posts\/2186","targetHints":{"allow":["GET"]}}],"collection":[{"href":"https:\/\/max-emden.de\/wordpress\/wp-json\/wp\/v2\/posts"}],"about":[{"href":"https:\/\/max-emden.de\/wordpress\/wp-json\/wp\/v2\/types\/post"}],"author":[{"embeddable":true,"href":"https:\/\/max-emden.de\/wordpress\/wp-json\/wp\/v2\/users\/3"}],"replies":[{"embeddable":true,"href":"https:\/\/max-emden.de\/wordpress\/wp-json\/wp\/v2\/comments?post=2186"}],"version-history":[{"count":21,"href":"https:\/\/max-emden.de\/wordpress\/wp-json\/wp\/v2\/posts\/2186\/revisions"}],"predecessor-version":[{"id":21573,"href":"https:\/\/max-emden.de\/wordpress\/wp-json\/wp\/v2\/posts\/2186\/revisions\/21573"}],"wp:featuredmedia":[{"embeddable":true,"href":"https:\/\/max-emden.de\/wordpress\/wp-json\/wp\/v2\/media\/21572"}],"wp:attachment":[{"href":"https:\/\/max-emden.de\/wordpress\/wp-json\/wp\/v2\/media?parent=2186"}],"wp:term":[{"taxonomy":"category","embeddable":true,"href":"https:\/\/max-emden.de\/wordpress\/wp-json\/wp\/v2\/categories?post=2186"},{"taxonomy":"post_tag","embeddable":true,"href":"https:\/\/max-emden.de\/wordpress\/wp-json\/wp\/v2\/tags?post=2186"}],"curies":[{"name":"wp","href":"https:\/\/api.w.org\/{rel}","templated":true}]}}