{"id":22082,"date":"2026-08-10T17:27:58","date_gmt":"2026-08-10T15:27:58","guid":{"rendered":"https:\/\/max-emden.de\/wordpress\/?p=22082"},"modified":"2026-08-18T13:06:32","modified_gmt":"2026-08-18T11:06:32","slug":"partielle-sonnenfinsternis-auf-dem-friesenhuegel-beobachten","status":"publish","type":"post","link":"https:\/\/max-emden.de\/wordpress\/partielle-sonnenfinsternis-auf-dem-friesenhuegel-beobachten\/","title":{"rendered":"Partielle Sonnenfinsternis auf dem Friesenh\u00fcgel beobachten"},"content":{"rendered":"<p><a href=\"https:\/\/max-emden.de\/wordpress\/wp-content\/uploads\/2026\/08\/sonnenfinsternis_1786375491.jpg\"><img fetchpriority=\"high\" decoding=\"async\" class=\"alignnone size-full wp-image-22084\" src=\"https:\/\/max-emden.de\/wordpress\/wp-content\/uploads\/2026\/08\/sonnenfinsternis_1786375491.jpg\" alt=\"\" width=\"1280\" height=\"854\" srcset=\"https:\/\/max-emden.de\/wordpress\/wp-content\/uploads\/2026\/08\/sonnenfinsternis_1786375491.jpg 1280w, https:\/\/max-emden.de\/wordpress\/wp-content\/uploads\/2026\/08\/sonnenfinsternis_1786375491-300x200.jpg 300w, https:\/\/max-emden.de\/wordpress\/wp-content\/uploads\/2026\/08\/sonnenfinsternis_1786375491-1024x683.jpg 1024w, https:\/\/max-emden.de\/wordpress\/wp-content\/uploads\/2026\/08\/sonnenfinsternis_1786375491-768x512.jpg 768w\" sizes=\"(max-width: 1280px) 100vw, 1280px\" \/><\/a><\/p>\n<p>Am 12. August bietet sich ein besonderes Himmelsschauspiel: Eine partielle Sonnenfinsternis bietet au\u00dfergew\u00f6hnliche Beobachtungsm\u00f6glichkeiten kurz vor Ferienende. Auf dem Friesenh\u00fcgel k\u00f6nnen Interessierte mit professioneller Unterst\u00fctzung durch das Team des Instituts f\u00fcr Laser und Optik (ILO) der Hochschule Emden\/Leer um Prof. Dr. Philipp Huke\u00a0 und dem Astronomie Club Ostfriesland das Spektakel beobachten &#8211; klaren Himmel vorausgesetzt nat\u00fcrlich.<\/p>\n<p>Mehr Informationen gibt es hier:\u00a0<a href=\"https:\/\/www.hs-emden-leer.de\/news\/partielle-sonnenfinsternis-auf-dem-friesenhuegel-beobachten\">https:\/\/www.hs-emden-leer.de\/news\/partielle-sonnenfinsternis-auf-dem-friesenhuegel-beobachten<\/a><\/p>\n","protected":false},"excerpt":{"rendered":"<p>Am 12. August bietet sich ein besonderes Himmelsschauspiel: Eine partielle Sonnenfinsternis bietet au\u00dfergew\u00f6hnliche Beobachtungsm\u00f6glichkeiten kurz vor Ferienende. Auf dem Friesenh\u00fcgel k\u00f6nnen Interessierte mit professioneller Unterst\u00fctzung<a class=\"moretag\" href=\"https:\/\/max-emden.de\/wordpress\/partielle-sonnenfinsternis-auf-dem-friesenhuegel-beobachten\/\"> [&#8230;]<\/a><\/p>\n","protected":false},"author":3,"featured_media":22084,"comment_status":"closed","ping_status":"closed","sticky":false,"template":"","format":"standard","meta":{"footnotes":""},"categories":[44],"tags":[],"class_list":["post-22082","post","type-post","status-publish","format-standard","has-post-thumbnail","hentry","category-physik"],"_links":{"self":[{"href":"https:\/\/max-emden.de\/wordpress\/wp-json\/wp\/v2\/posts\/22082","targetHints":{"allow":["GET"]}}],"collection":[{"href":"https:\/\/max-emden.de\/wordpress\/wp-json\/wp\/v2\/posts"}],"about":[{"href":"https:\/\/max-emden.de\/wordpress\/wp-json\/wp\/v2\/types\/post"}],"author":[{"embeddable":true,"href":"https:\/\/max-emden.de\/wordpress\/wp-json\/wp\/v2\/users\/3"}],"replies":[{"embeddable":true,"href":"https:\/\/max-emden.de\/wordpress\/wp-json\/wp\/v2\/comments?post=22082"}],"version-history":[{"count":1,"href":"https:\/\/max-emden.de\/wordpress\/wp-json\/wp\/v2\/posts\/22082\/revisions"}],"predecessor-version":[{"id":22085,"href":"https:\/\/max-emden.de\/wordpress\/wp-json\/wp\/v2\/posts\/22082\/revisions\/22085"}],"wp:featuredmedia":[{"embeddable":true,"href":"https:\/\/max-emden.de\/wordpress\/wp-json\/wp\/v2\/media\/22084"}],"wp:attachment":[{"href":"https:\/\/max-emden.de\/wordpress\/wp-json\/wp\/v2\/media?parent=22082"}],"wp:term":[{"taxonomy":"category","embeddable":true,"href":"https:\/\/max-emden.de\/wordpress\/wp-json\/wp\/v2\/categories?post=22082"},{"taxonomy":"post_tag","embeddable":true,"href":"https:\/\/max-emden.de\/wordpress\/wp-json\/wp\/v2\/tags?post=22082"}],"curies":[{"name":"wp","href":"https:\/\/api.w.org\/{rel}","templated":true}]}}