{"id":2219,"date":"2016-04-21T21:17:10","date_gmt":"2016-04-21T21:17:10","guid":{"rendered":"http:\/\/max-emden.de\/wordpress\/?p=2219"},"modified":"2016-04-27T17:26:41","modified_gmt":"2016-04-27T17:26:41","slug":"max-schueler-putzten-stolpersteine","status":"publish","type":"post","link":"https:\/\/max-emden.de\/wordpress\/max-schueler-putzten-stolpersteine\/","title":{"rendered":"Max-Sch\u00fcler putzten Stolpersteine"},"content":{"rendered":"<p style=\"text-align: justify;\">Anl\u00e4sslich des 71. Todestages von Max Windm\u00fcller haben Sch\u00fclerinnen und Sch\u00fcler des Gymnasiums den Stolperstein des Namensgebers der Schule und 38 weitere Gedenksteine geputzt. Zweimal im Jahr werden die Stolpersteine, die in Emden inzwischen an vielen Stellen zu finden sind, gereinigt: Zum 8. Mai, dem Tag des Kriegsendes 1945, und zum 9.November, dem Tag der Reichspogromnacht 1938.<\/p>\n<p style=\"text-align: justify;\">Max Windm\u00fcller wurde am 21.4.1945 im Alter von 25 Jahren von einem deutschen SS-Mann kurz vor Kriegsende erschossen.<!--more--><\/p>\n<p><a href=\"http:\/\/www.mwg-emden.de\/?Stolpersteine:Info:Info_2016\">Zum Bericht der Max-Windm\u00fcller-Gesellschaft<\/a><\/p>\n<figure id=\"attachment_2221\" aria-describedby=\"caption-attachment-2221\" style=\"width: 300px\" class=\"wp-caption aligncenter\"><a href=\"https:\/\/max-emden.de\/wordpress\/wp-content\/uploads\/2016\/04\/Putzaktion-21.4-2-lores.jpg\"><img fetchpriority=\"high\" decoding=\"async\" class=\"wp-image-2221 size-medium\" src=\"https:\/\/max-emden.de\/wordpress\/wp-content\/uploads\/2016\/04\/Putzaktion-21.4-2-lores-300x225.jpg\" alt=\"Putzaktion 21.4 2 lores\" width=\"300\" height=\"225\" srcset=\"https:\/\/max-emden.de\/wordpress\/wp-content\/uploads\/2016\/04\/Putzaktion-21.4-2-lores-300x225.jpg 300w, https:\/\/max-emden.de\/wordpress\/wp-content\/uploads\/2016\/04\/Putzaktion-21.4-2-lores-768x576.jpg 768w, https:\/\/max-emden.de\/wordpress\/wp-content\/uploads\/2016\/04\/Putzaktion-21.4-2-lores.jpg 800w\" sizes=\"(max-width: 300px) 100vw, 300px\" \/><\/a><figcaption id=\"caption-attachment-2221\" class=\"wp-caption-text\">Reinigten die Stolpersteine der Familie Windm\u00fcller in der M\u00fchlenstra\u00dfe Nr.4: Max-Sch\u00fcler mit dem Vorsitzenden der Max-Windm\u00fcller-Gesellschaft Dr. Uphoff<\/figcaption><\/figure>\n<p>&nbsp;<\/p>\n<p>&nbsp;<\/p>\n","protected":false},"excerpt":{"rendered":"<p>Anl\u00e4sslich des 71. Todestages von Max Windm\u00fcller haben Sch\u00fclerinnen und Sch\u00fcler des Gymnasiums den Stolperstein des Namensgebers der Schule und 38 weitere Gedenksteine geputzt. Zweimal<a class=\"moretag\" href=\"https:\/\/max-emden.de\/wordpress\/max-schueler-putzten-stolpersteine\/\"> [&#8230;]<\/a><\/p>\n","protected":false},"author":3,"featured_media":2220,"comment_status":"closed","ping_status":"closed","sticky":false,"template":"","format":"standard","meta":{"footnotes":""},"categories":[9,83],"tags":[],"class_list":["post-2219","post","type-post","status-publish","format-standard","has-post-thumbnail","hentry","category-max-windmueller","category-stolpersteine"],"_links":{"self":[{"href":"https:\/\/max-emden.de\/wordpress\/wp-json\/wp\/v2\/posts\/2219","targetHints":{"allow":["GET"]}}],"collection":[{"href":"https:\/\/max-emden.de\/wordpress\/wp-json\/wp\/v2\/posts"}],"about":[{"href":"https:\/\/max-emden.de\/wordpress\/wp-json\/wp\/v2\/types\/post"}],"author":[{"embeddable":true,"href":"https:\/\/max-emden.de\/wordpress\/wp-json\/wp\/v2\/users\/3"}],"replies":[{"embeddable":true,"href":"https:\/\/max-emden.de\/wordpress\/wp-json\/wp\/v2\/comments?post=2219"}],"version-history":[{"count":6,"href":"https:\/\/max-emden.de\/wordpress\/wp-json\/wp\/v2\/posts\/2219\/revisions"}],"predecessor-version":[{"id":2281,"href":"https:\/\/max-emden.de\/wordpress\/wp-json\/wp\/v2\/posts\/2219\/revisions\/2281"}],"wp:featuredmedia":[{"embeddable":true,"href":"https:\/\/max-emden.de\/wordpress\/wp-json\/wp\/v2\/media\/2220"}],"wp:attachment":[{"href":"https:\/\/max-emden.de\/wordpress\/wp-json\/wp\/v2\/media?parent=2219"}],"wp:term":[{"taxonomy":"category","embeddable":true,"href":"https:\/\/max-emden.de\/wordpress\/wp-json\/wp\/v2\/categories?post=2219"},{"taxonomy":"post_tag","embeddable":true,"href":"https:\/\/max-emden.de\/wordpress\/wp-json\/wp\/v2\/tags?post=2219"}],"curies":[{"name":"wp","href":"https:\/\/api.w.org\/{rel}","templated":true}]}}