{"id":22272,"date":"2026-09-01T18:52:10","date_gmt":"2026-09-01T16:52:10","guid":{"rendered":"https:\/\/max-emden.de\/wordpress\/?p=22272"},"modified":"2026-09-01T18:54:36","modified_gmt":"2026-09-01T16:54:36","slug":"toller-erfolg-beim-2026","status":"publish","type":"post","link":"https:\/\/max-emden.de\/wordpress\/toller-erfolg-beim-2026\/","title":{"rendered":"Toller Erfolg beim Stadtradeln 2026!"},"content":{"rendered":"<figure id=\"attachment_22273\" aria-describedby=\"caption-attachment-22273\" style=\"width: 2048px\" class=\"wp-caption alignnone\"><a href=\"https:\/\/max-emden.de\/wordpress\/wp-content\/uploads\/2026\/09\/WhatsApp-Image-2026-09-01-at-18.44.44.jpeg\"><img fetchpriority=\"high\" decoding=\"async\" class=\"wp-image-22273 size-full\" src=\"https:\/\/max-emden.de\/wordpress\/wp-content\/uploads\/2026\/09\/WhatsApp-Image-2026-09-01-at-18.44.44.jpeg\" alt=\"\" width=\"2048\" height=\"946\" srcset=\"https:\/\/max-emden.de\/wordpress\/wp-content\/uploads\/2026\/09\/WhatsApp-Image-2026-09-01-at-18.44.44.jpeg 2048w, https:\/\/max-emden.de\/wordpress\/wp-content\/uploads\/2026\/09\/WhatsApp-Image-2026-09-01-at-18.44.44-300x139.jpeg 300w, https:\/\/max-emden.de\/wordpress\/wp-content\/uploads\/2026\/09\/WhatsApp-Image-2026-09-01-at-18.44.44-1024x473.jpeg 1024w, https:\/\/max-emden.de\/wordpress\/wp-content\/uploads\/2026\/09\/WhatsApp-Image-2026-09-01-at-18.44.44-768x355.jpeg 768w, https:\/\/max-emden.de\/wordpress\/wp-content\/uploads\/2026\/09\/WhatsApp-Image-2026-09-01-at-18.44.44-1536x710.jpeg 1536w\" sizes=\"(max-width: 2048px) 100vw, 2048px\" \/><\/a><figcaption id=\"caption-attachment-22273\" class=\"wp-caption-text\"><em>Im Rummel gab es die Verleihung der Preise f\u00fcr den diesj\u00e4hrigen Stadtradeln-Wettbewerb. Unsere Delegation war zu gro\u00df f\u00fcr ein Foto&#8230;<\/em><\/figcaption><\/figure>\n<p>Am Montag wurden die Teilnehmenden des diesj\u00e4hrigen Stadtradeln-Wettbewerbes geehrt &#8211; darunter auch das Max: Im Rummel durfte unsere Delegation mit unseren Sch\u00fclersprecherinnen Rieke und Lea gemeinsam mit Freya &#8211; unsere flei\u00dfigste Radlerin! &#8211; eine Urkunde und das Preisgeld in H\u00f6he von 300\u20ac entgegennehmen.<\/p>\n<figure id=\"attachment_22274\" aria-describedby=\"caption-attachment-22274\" style=\"width: 2048px\" class=\"wp-caption alignnone\"><a href=\"https:\/\/max-emden.de\/wordpress\/wp-content\/uploads\/2026\/09\/WhatsApp-Image-2026-09-01-at-18.45.30.jpeg\"><img decoding=\"async\" class=\"wp-image-22274 size-full\" src=\"https:\/\/max-emden.de\/wordpress\/wp-content\/uploads\/2026\/09\/WhatsApp-Image-2026-09-01-at-18.45.30.jpeg\" alt=\"\" width=\"2048\" height=\"2048\" \/><\/a><figcaption id=\"caption-attachment-22274\" class=\"wp-caption-text\">&#8230; deshalb haben wir gleich zwei gemacht!<\/figcaption><\/figure>\n<p>Wir freuen uns \u00fcber diesen tollen Preis, und danken allen Radlerinnen des Max f\u00fcr die Unterst\u00fctzung bei dieser Gemeinschaftsleistung! Und nat\u00fcrlich danken wir der @stadtemden mit Irina Krantz, David Malzahn und Torben Lelke f\u00fcr die sch\u00f6ne Veranstaltung ebenso wie Insa Bruns-Brenink von der @sparkasseemden f\u00fcr das Preisgeld.<\/p>\n<p>Herzlichen Gl\u00fcckwunsch an die F\u00f6rderschule Emden, die Platz 1 belegt hat, und die drittplatzierte IGS Emden!<\/p>\n","protected":false},"excerpt":{"rendered":"<p>Am Montag wurden die Teilnehmenden des diesj\u00e4hrigen Stadtradeln-Wettbewerbes geehrt &#8211; darunter auch das Max: Im Rummel durfte unsere Delegation mit unseren Sch\u00fclersprecherinnen Rieke und Lea<a class=\"moretag\" href=\"https:\/\/max-emden.de\/wordpress\/toller-erfolg-beim-2026\/\"> [&#8230;]<\/a><\/p>\n","protected":false},"author":3,"featured_media":22274,"comment_status":"closed","ping_status":"closed","sticky":false,"template":"","format":"standard","meta":{"footnotes":""},"categories":[106,120,17,89],"tags":[96],"class_list":["post-22272","post","type-post","status-publish","format-standard","has-post-thumbnail","hentry","category-aktuell","category-klimarat","category-schuelervertretung","category-unesco","tag-aktuell"],"_links":{"self":[{"href":"https:\/\/max-emden.de\/wordpress\/wp-json\/wp\/v2\/posts\/22272","targetHints":{"allow":["GET"]}}],"collection":[{"href":"https:\/\/max-emden.de\/wordpress\/wp-json\/wp\/v2\/posts"}],"about":[{"href":"https:\/\/max-emden.de\/wordpress\/wp-json\/wp\/v2\/types\/post"}],"author":[{"embeddable":true,"href":"https:\/\/max-emden.de\/wordpress\/wp-json\/wp\/v2\/users\/3"}],"replies":[{"embeddable":true,"href":"https:\/\/max-emden.de\/wordpress\/wp-json\/wp\/v2\/comments?post=22272"}],"version-history":[{"count":2,"href":"https:\/\/max-emden.de\/wordpress\/wp-json\/wp\/v2\/posts\/22272\/revisions"}],"predecessor-version":[{"id":22276,"href":"https:\/\/max-emden.de\/wordpress\/wp-json\/wp\/v2\/posts\/22272\/revisions\/22276"}],"wp:featuredmedia":[{"embeddable":true,"href":"https:\/\/max-emden.de\/wordpress\/wp-json\/wp\/v2\/media\/22274"}],"wp:attachment":[{"href":"https:\/\/max-emden.de\/wordpress\/wp-json\/wp\/v2\/media?parent=22272"}],"wp:term":[{"taxonomy":"category","embeddable":true,"href":"https:\/\/max-emden.de\/wordpress\/wp-json\/wp\/v2\/categories?post=22272"},{"taxonomy":"post_tag","embeddable":true,"href":"https:\/\/max-emden.de\/wordpress\/wp-json\/wp\/v2\/tags?post=22272"}],"curies":[{"name":"wp","href":"https:\/\/api.w.org\/{rel}","templated":true}]}}